{"id":11117,"date":"2021-02-23T16:10:34","date_gmt":"2021-02-23T16:10:34","guid":{"rendered":"https:\/\/extraslovensko.sk\/spravy\/?p=11117"},"modified":"2021-02-23T16:10:34","modified_gmt":"2021-02-23T16:10:34","slug":"oop-egyptan-arafat-vybuchol-do-smiechu","status":"publish","type":"post","link":"https:\/\/extraslovensko.sk\/spravy\/oop-egyptan-arafat-vybuchol-do-smiechu\/","title":{"rendered":"Organiz\u00e1cia pre oslobodenie Palest\u00edny OOP, Arafat vybuchol smiechom"},"content":{"rendered":"<p>Organiz\u00e1cia Fatah vst\u00fapila do Organiz\u00e1cie pre oslobodenie Palest\u00edny (OOP) v roku 1967 a bolo mu pridelen\u00fdch 33 zo 105 kresiel vo v\u00fdkonnom v\u00fdbore. Fatahov J\u00e1sir Arafat sa stal predsedom OOP v roku 1969 po tom, \u010do mu t\u00fato funkciu post\u00fapil Yahya Hammuda. Pod\u013ea BBC Arafat prevzal funkciu predsedu v\u00fdkonn\u00e9ho v\u00fdboru OOP v roku 1969, \u010do bol rok, v ktorom pod\u013ea z\u00e1znamov Fatahu vykonal 2 432 partiz\u00e1nskych \u00fatokov na Izrael.<\/p>\n<p>Strana pou\u017e\u00edva aj  obr\u00e1ten\u00e9 slovo hataf ktor\u00e9 v arab\u010dine znamen\u00e1 \u201en\u00e1hla smr\u0165\u201c.<\/p>\n<p>V tomto \u010dl\u00e1nku pribl\u00ed\u017eime ako rumunsk\u00fd prezident Nicolae Ceaucescu a jeho brat J\u00e1sir Arafat kuli pikle Organiz\u00e1cia pre oslobodenie Palest\u00edny a aby obaja dostali Nobelov\u00fa cenu mieru. Absol\u00fatna komunistick\u00e1 dezinforma\u010dn\u00e1 kampa\u0148 ako oklama\u0165 cel\u00fd svet dezinform\u00e1ciami. Egyp\u013ean Arafat vybuchol do smiechu. <\/p>\n<p>Organiz\u00e1cia pre oslobodenie Palest\u00edny OOP, alebo Nobelov\u00e1 cena mieru za 2.432 partiz\u00e1nskych \u00fatokov na Izrael za jeden rok! Z egyp\u0165ana Arafata urobilo palest\u00edn\u010dana pr\u00e1ve rumunsk\u00e9 Securitate, ktor\u00e9 mu vyrobilo nov\u00fa identitu.<strong> V\u0161etko je podvod <\/strong>\ud83d\ude42<\/p>\n<p><strong>Takto prebiehal rozhovor medzi bratom Arafatom a jeho bratom Nicolae Ceaucescom. Pr\u00edjemn\u00fa z\u00e1bavu, bratia.<\/strong><\/p>\n<p>Obaja z n\u00e1s chceme ovplyvni\u0165 Ameriku v n\u00e1\u0161 prospech. Na\u0161e met\u00f3dy s\u00fa v\u0161ak odli\u0161n\u00e9. Vy, brat Arafat, pou\u017e\u00edvate zbrane. Ja pou\u017e\u00edvam slov\u00e1. <\/p>\n<p>\u201eBoj, brat Ceausescu! Ozbrojen\u00fd boj a teror s\u00fa jedin\u00e9, \u010do Amerika re\u0161pektuje\u201c <\/p>\n<hr>\n<div class=\"container\">\n<div class=\"row\">\n<div class=\"col-lg-9 col-md-6\">\n<p>Ty, brat J\u00e1sir Arafat, si tu bol v roku 1972 a ty si tu teraz. Sami vid\u00edte, \u017ee za ten \u010das sa v Rumunsku ni\u010d nezmenilo. St\u00e1le sme rovnak\u00e1 komunistick\u00e1 krajina, kde je nielen zak\u00e1zan\u00e9 s\u00fakromn\u00e9 \u200b\u200bvlastn\u00edctvo, je to hanba.<\/p>\n<p>Predt\u00fdm, ako som za\u010dal svoju oper\u00e1ciu Horizon, nemohol som ni\u010d exportova\u0165 do Ameriky. V\u0161etko, \u010do som urobil, bolo importova\u0165 ich \u0161pi\u010dkov\u00fa technol\u00f3giu. Teraz sa m\u00f4j v\u00fdvoz takmer rovn\u00e1 m\u00f4jmu dovozu a o desa\u0165 rokov bude zostatok v m\u00f4j prospech desa\u0165 ku jednej.<br \/>\n<strong> Ale z\u00e1pad ma teraz miluje. <\/strong><\/p>\n<\/div>\n<div class=\"col-lg-3 col-md-6\"><img decoding=\"async\" src=\"\/image\/red-horizont.jpg\" alt=\"Red Horizon\" \/><\/div>\n<\/div>\n<\/div>\n<hr>\n<blockquote><p>Od za\u010diatku oper\u00e1cie \u201eHorizon\u201c pri\u0161li do Rumunska dvaja americk\u00ed prezidenti, \u017eiaden predt\u00fdm. Len za posledn\u00fdch \u0161es\u0165 rokov som teraz z\u00edskal z\u00e1padn\u00e9 \u00favery dvan\u00e1s\u0165 mili\u00e1rd dol\u00e1rov, dve miliardy ro\u010dne. <\/p><\/blockquote>\n<p>Pred desiatimi rokmi bola najd\u00f4le\u017eitej\u0161ou technologickou inteligenciou, ktor\u00fa mohlo Rumunsko z Ameriky vypudi\u0165, hybridn\u00e1 kukurica. Bukure\u0161\u0165 je teraz jedn\u00fdm z najlep\u0161\u00edch vo Var\u0161avskej zmluve pri zhroma\u017e\u010fovan\u00ed \u0161pi\u010dkov\u00fdch technologick\u00fdch inform\u00e1ci\u00ed o Amerike. <\/p>\n<p><strong>Je to skuto\u010dne pravdiv\u00e9? <\/strong><\/p>\n<p>Nie je to len to, \u010do si mysl\u00ed\u0161,  ale aj to, \u010do mi pr\u00e1ve povedal Bre\u017enev. <\/p>\n<p><strong>\u00da\u017easn\u00e9. <\/strong><\/p>\n<blockquote><p>Pred piatimi rokmi som mal v Amerike sotva tucet spravodajsk\u00fdch d\u00f4stojn\u00edkov. Teraz ich m\u00e1m p\u00e4\u0165kr\u00e1t viac, vr\u00e1tane ve\u013evyslanca, a za p\u00e1r rokov to bude desa\u0165kr\u00e1t to\u013eko. <\/p><\/blockquote>\n<blockquote><p>A \u010do v\u0161etko z toho v\u0161etk\u00e9ho z\u00edskala Amerika? Hovno, ni\u010d in\u00e9 ako do hovno. <\/p><\/blockquote>\n<p>J\u00e1sir Arafat v sprievode Haniho Hassana pricestoval do Bukure\u0161ti o hodinu sk\u00f4r prezidentsk\u00fdm lietadlom Ceausesca. Za dlh\u00fdm stolom pre 24 os\u00f4b vo ve\u013ekej zasadacej miestnosti sedelo iba p\u00e4\u0165 le\u017e\u00e9rne oble\u010den\u00fdch \u013eud\u00ed. Na jednej strane boli Arafat a Hassan. Medzi nimi sedel Gheorghe Serbanescu, tlmo\u010dn\u00edk DIE. Jedin\u00fdm Ceausescov\u00fdm cudz\u00edm jazykom je ru\u0161tina, ktor\u00fa Arafat neovl\u00e1da.  <\/p>\n<p>Najmarkantnej\u0161ia bola podobnos\u0165 medzi Ceausescom a Arafatom. Nielen z politick\u00fdch d\u00f4vodov, alebo ako prirodzen\u00fd d\u00f4sledok jeho antisemitizmu, Ceausescu stavil na Arafata. Bez Arafatovej brady a o nie\u010do tmav\u0161ej poko\u017eky by ste ich \u0165a\u017eko od seba odl\u00ed\u0161ili. Maj\u00fa rovnak\u00fd tvar tv\u00e1re, rovnak\u00fd v\u00fdraz okolo \u00fast, rovnak\u00fd \u00fasmev, rovnak\u00e9 o\u010di, ktor\u00e9 do v\u00e1s v\u0155taj\u00fa otvory. Myslia a konaj\u00fa rovnako. S\u00fa identicky zhovor\u010div\u00ed, popudliv\u00ed, impulz\u00edvni, n\u00e1siln\u00ed, hysterick\u00ed. <\/p>\n<p>T\u00e1to siln\u00e1 podobnos\u0165 ich oboch zasiahla prv\u00fd de\u0148, ke\u010f sa stretli, a zohrala v\u00fdznamn\u00fa \u00falohu v ich \u010fal\u0161om priate\u013estve. Ceausescu vyle\u0161til v\u0161etko na svojom tanieri a teraz ho utieral k\u00faskom chleba. <\/p>\n<blockquote><p> O dva t\u00fd\u017edne budem op\u00e4\u0165 vo Washingtone a m\u00f4\u017eem v\u00e1m prisaha\u0165, \u017ee Carter bude chv\u00e1li\u0165 Rumunsko ako skvel\u00fa krajinu a bude ma naz\u00fdva\u0165\u201e vynikaj\u00facim medzin\u00e1rodn\u00fdm vodcom.\u201c<\/p><\/blockquote>\n<p>\u201eTo je v\u010faka \u201eHorizontu\u201c, nie? \u201c hovoril Hassan prv\u00fd raz ve\u010der. <\/p>\n<p>Napad\u00e1 \u0165a nie\u010do lep\u0161ie? sp\u00fdtal sa Ceausescu a pozeral na neho s l\u00e1skou. <\/p>\n<p>Ceausescu pova\u017euje Arafata za svojho najlep\u0161ieho priate\u013ea a naz\u00fdva ho \u201emojou \u0161ikovnou l\u00ed\u0161kou\u201c, ale Hassana vidite\u013ene obdivoval pre jeho dokonalos\u0165 a chladnokrvnos\u0165. Ceausescu vzal cel\u00fa paradajku a zahryzol do nej ako do jablka a prestriekal d\u017e\u00fas a semen\u00e1. Potom si naplnil \u00fasta pln\u00e9 cibule a feta syra a mechanicky si utieral prsty do bieleho dama\u0161kov\u00e9ho obrusu, pri\u010dom cel\u00fa dobu \u0161tudoval Arafata svojimi pos\u00favan\u00fdmi, jazve\u010d\u00edmi o\u010dami.<\/p>\n<p>\u201eAko s\u00fa na tom va\u0161e oper\u00e1cie s vplyvom?\u201c povedal a zmenil t\u00e9mu. <\/p>\n<p>Poradcovia, ktor\u00fdch dostal Hassan od brata Pacepu, s\u00fa skuto\u010dn\u00ed umelci. Ceausescu t\u00fato my\u0161lienku zachytil. <\/p>\n<blockquote><p>Vplyv je skuto\u010dne umenie, zru\u010dnos\u0165. V tejto chv\u00edli vo Viedni na nie\u010do ideme a v\u00fdsledkom m\u00f4\u017ee by\u0165 mierov\u00e1 cena od Kreiskeho.<\/p><\/blockquote>\n<p>Bruno Kreisky bol v tom \u010dase rak\u00faskym kancel\u00e1rom. Arafat vybuchol do smiechu. <\/p>\n<blockquote><p>Dar od \u017dida pre OOP. Nebolo by to \u00fa\u017easn\u00e9? <\/p><\/blockquote>\n<p>M\u00e1me \u010fal\u0161iu oper\u00e1ciu s pou\u017eit\u00edm Abu Nidala, dodal Hassan. <\/p>\n<p>Kto by kedy tu\u0161il, \u017ee Nidal, m\u00f4j najprud\u0161\u00ed nepriate\u013e, ten prav\u00fd, ktor\u00fd zab\u00edja mojich mu\u017eov, m\u00f4\u017ee pre m\u0148a skuto\u010dne robi\u0165 veci? Pochv\u00e1lil sa Arafat. <\/p>\n<p>Gratulujem, povedal Ceausescu. <\/p>\n<blockquote><p>\u010co tak predstiera\u0165 rozchod s terorizmom? Z\u00e1pad by to bol r\u00e1d.\u201c<br \/>\nLen predstiera\u0161, ako s tvojou nez\u00e1vislos\u0165ou? <\/p><\/blockquote>\n<p>Presne tak.<strong> Ale st\u00e1le predstiera\u0165. <\/strong>Politick\u00fd vplyv, podobne ako dialektick\u00fd materializmus, je postaven\u00fd na rovnakom princ\u00edpe, \u017ee kvantitat\u00edvna akumul\u00e1cia vedie ku kvalitat\u00edvnej transform\u00e1cii.<\/p>\n<p><strong>Nie som odborn\u00edk na marxizmus, ako ty, brat Ceausescu.<\/strong> Dialektick\u00fd materializmus funguje, povedzme, ako koka\u00edn. Ak k nej pri\u010duchnete raz alebo dvakr\u00e1t, nemus\u00ed to zmeni\u0165 v\u00e1\u0161 \u017eivot. Ak ho v\u0161ak budete pou\u017e\u00edva\u0165 de\u0148 \u010do de\u0148, bude z neho z\u00e1visl\u00fd, in\u00fd mu\u017e. To je kvalitat\u00edvna transform\u00e1cia. \u201c<\/p>\n<p>Odfrknutie pacifistick\u00e9ho Arafata de\u0148 \u010do de\u0148 &#8230; Presne tak, brat Yasser. Z\u00e1pad sa m\u00f4\u017ee sta\u0165 dokonca z\u00e1visl\u00fdm na v\u00e1s a va\u0161om OOP. <\/p>\n<p>Priate\u013esk\u00e1 diskusia pokra\u010dovala v rovnakom kurze najmenej \u010fal\u0161iu hodinu. Za posledn\u00fdch p\u00e1r mesiacov sa Ceausescu a Arafat najviac zauj\u00edmali o to, aby bolo OOP uznan\u00e9 v z\u00e1padnej Eur\u00f3pe vytvoren\u00edm umiernen\u00e9ho imid\u017eu Arafata. Bol to Ceausescu, kto ako prv\u00fd pre\u0161iel k jadru z\u00e1le\u017eitosti. <\/p>\n<p>&#8220;Budem vo Washingtone za menej ako dva t\u00fd\u017edne. Preto v\u00e1s sem pozvali.  Polo\u017ete svoje karty na st\u00f4l, brat Ceausescu. Nie je to tak d\u00e1vno, \u010do som ti povedal o mojom pl\u00e1ne privies\u0165 Sadata a Begina k jedn\u00e9mu stolu, tu v Rumunsku.&#8221; <\/p>\n<p>Miesto, ktor\u00e9 som si vybral a k\u00e1zal som im, \u017ee ni\u010d na svete nem\u00f4\u017ee by\u0165 in\u0161pirat\u00edvnej\u0161ie a bezpe\u010dnej\u0161ie, ako t\u00e1to od\u013eahl\u00e1 malebn\u00e1 horsk\u00e1 dedina. Tam mal b\u00fdval\u00fd letn\u00fd pal\u00e1c svoj letn\u00fd pal\u00e1c.<\/p>\n<p>Viem. Povedal si mi. Pred p\u00e1r d\u0148ami som poslal Pacepu do K\u00e1hiry, aby so Sadatom prediskutoval podrobnosti a ke\u010f sa vr\u00e1til, neveril som vlastn\u00fdm u\u0161iam. <\/p>\n<p>Sadat zmenil v\u0161etko! Povedal, \u017ee Carter vst\u00fapil do hry a pon\u00fakol nielen Camp David ako miesto stretnutia a svoj osobn\u00fd vplyv s Beginom, ale aj podporu CIA.  <\/p>\n<p>Sadat o tom ned\u00fdchal ani slovo. Povedal Pacepovi, \u017ee ni\u010d nie je tak tajn\u00e9. Zauj\u00edmav\u00e9. Arafatove prsty sa nerv\u00f3zne kr\u00fatili. <\/p>\n<p>Okam\u017eite informoval Bre\u017eneva. Viete, nem\u00e1m ho r\u00e1d ako \u010dloveka, ale v\u017edy prevl\u00e1dala na\u0161a spolo\u010dn\u00e1 vec.\u201c <\/p>\n<p>Leonid Bre\u017enev a Nicolae Ceausescu, ktor\u00ed boli svojou povahou stra\u0161ne pomstychtiv\u00ed, sa u\u017e d\u00e1vno za\u010dali nen\u00e1vidie\u0165. V roku 1953 sa Bre\u017enev stal dvojhviezdi\u010dkov\u00fdm gener\u00e1lom a z\u00e1stupcom ved\u00faceho politick\u00e9ho oddelenia \u010cervenej arm\u00e1dy. A\u017e rok predt\u00fdm bol prv\u00fdm tajomn\u00edkom \u00fastredn\u00e9ho v\u00fdboru Komunistickej strany Moldavska, b\u00fdval\u00e9ho rumunsk\u00e9ho regi\u00f3nu, ktor\u00fd na konci druhej svetovej vojny obsadili Sovieti. <\/p>\n<p>Preto bol pova\u017eovan\u00fd za odborn\u00edka na rumunsk\u00e9 z\u00e1le\u017eitosti a bol poveren\u00fd doh\u013eadom nad politickou indoktrin\u00e1ciou rumunskej arm\u00e1dy. Bre\u017enevova ostr\u00e1 kritika rumunskej arm\u00e1dy hlboko zranila Ceausesca, ktor\u00fd bol v tom \u010dase tie\u017e dvojhviezdi\u010dkov\u00fdm gener\u00e1lom zodpovedn\u00fdm za politick\u00e9 oddelenia rumunsk\u00fdch vojensk\u00fdch a bezpe\u010dnostn\u00fdch s\u00edl. Ceausescu mu to  neodpustil. <\/p>\n<p>Ke\u010f sa Ceausescu dostal k moci, nariadil DIE, aby podrobne pre\u0161tudovalo Bre\u017enevovu \u010dinnos\u0165 ako moldavsk\u00e9ho vodcu. <\/p>\n<p>O rok nesk\u00f4r, v m\u00e1ji 1966, ke\u010f Bre\u017enev nav\u0161t\u00edvil Bukure\u0161\u0165, predlo\u017eil Ceausescu <\/p>\n<blockquote><p>Bre\u017enevovi dokumenty, z ktor\u00fdch vypl\u00fdva, \u017ee pri rusifik\u00e1cii Moldavska v rokoch 1950 &#8211; 02 Bre\u017enev deportoval viac ako mili\u00f3n Rumunov na Sib\u00edr a nahradil ich Rusmi a Ukrajincami. <\/p><\/blockquote>\n<p>Diskusia bola ve\u013emi tvrd\u00e1 a sp\u00f4sobila naru\u0161enie ich osobn\u00fdch vz\u0165ahov. Bolo to desa\u0165 rokov predt\u00fdm, ako sa Bre\u017enev vr\u00e1til do Rumunska. <\/p>\n<p>\u010co povedal Bre\u017enev? Sp\u00fdtal sa Arafat a jeho jazve\u010die o\u010di sa r\u00fdchlo pohybovali od Ceausesca ku mne a sp\u00e4\u0165.<\/p>\n<p>Za menej ako 24 hod\u00edn bol Drozdenko v mojej kancel\u00e1rii s posolstvom Krem\u013ea. Po\u017eiadali ma, aby som urobil v\u0161etko, \u010do je v mojich sil\u00e1ch, aby som zmen\u0161il Carterovu \u00falohu a pomohol prenies\u0165 cel\u00fd mierov\u00fd proces na Bl\u00edzkom v\u00fdchode na \u017denevsk\u00fa konferenciu. <\/p>\n<p>To by nielen automaticky postavilo Moskvu do stredu sc\u00e9ny, ale tie\u017e by to nav\u017edy pretiahlo cel\u00fd pr\u00edbeh.  \u017deneva je t\u00fdm zn\u00e1ma.  Sovietsky zv\u00e4z a USA s\u00fa spolupredsedami \u017eenevskej konferencie. <\/p>\n<p>Teraz Carter sko\u010dil, povedal Ceausescu podr\u00e1\u017edene. Nem\u00e1 na m\u0148a \u017eiadny vplyv a bez Arafata nebude pokoj. <\/p>\n<blockquote><p>To je to, \u010do od teba chcem, brat Yasser. Pom\u00f4\u017ete mi uk\u00e1za\u0165, \u017ee som jedin\u00fd, kto na v\u00e1s m\u00e1 nejak\u00fd vplyv.<\/p><\/blockquote>\n<p><strong>Je to aj v mojom vlastnom z\u00e1ujme, aby ste dostali Nobelovu cenu, brat Ceausescu. <\/strong><\/p>\n<p>Ke\u010f sa dostanem do Washingtonu, chcem Carterovi poveda\u0165, \u017ee m\u00f4\u017eem zmeni\u0165 OOP iba \u200b\u200bja, a to som ochotn\u00fd urobi\u0165, ak bude s\u00fahlasi\u0165 s presunom rokovan\u00ed z Camp David do \u017denevy. <\/p>\n<p>\u010co zmeni\u0165? Preru\u0161il Arafat podozrivo. <\/p>\n<p>Ni\u010d v\u00e1\u017ene, iba nieko\u013eko kozmetick\u00fdch zmien. <\/p>\n<p>Ako transform\u00e1cia OOP na palest\u00ednsku exilov\u00fa vl\u00e1du. To by pre v\u00e1s ni\u010d neznamenalo, ale mohlo by to jedn\u00fdm \u0165ahom vymaza\u0165 v\u0161etky americk\u00e9 z\u00e1mienky na to, aby v\u00e1s izolovali, a otvori\u0165 v\u00e1m \u017eenevsk\u00e9 dvere, brat Yasser.<\/p>\n","protected":false},"excerpt":{"rendered":"<p>Organiz\u00e1cia Fatah vst\u00fapila do Organiz\u00e1cie pre oslobodenie Palest\u00edny (OOP) v roku 1967 a bolo mu pridelen\u00fdch 33 zo 105 kresiel vo v\u00fdkonnom v\u00fdbore. Fatahov J\u00e1sir Arafat sa stal predsedom OOP v roku 1969 po tom, \u010do mu t\u00fato funkciu post\u00fapil Yahya Hammuda. Pod\u013ea BBC Arafat prevzal funkciu predsedu v\u00fdkonn\u00e9ho v\u00fdboru OOP v roku 1969, \u010do [&hellip;]<\/p>\n","protected":false},"author":1,"featured_media":0,"comment_status":"closed","ping_status":"open","sticky":false,"template":"","format":"standard","meta":{"footnotes":""},"categories":[6],"tags":[],"class_list":["post-11117","post","type-post","status-publish","format-standard","hentry","category-dezinformacie"],"_links":{"self":[{"href":"https:\/\/extraslovensko.sk\/spravy\/wp-json\/wp\/v2\/posts\/11117","targetHints":{"allow":["GET"]}}],"collection":[{"href":"https:\/\/extraslovensko.sk\/spravy\/wp-json\/wp\/v2\/posts"}],"about":[{"href":"https:\/\/extraslovensko.sk\/spravy\/wp-json\/wp\/v2\/types\/post"}],"author":[{"embeddable":true,"href":"https:\/\/extraslovensko.sk\/spravy\/wp-json\/wp\/v2\/users\/1"}],"replies":[{"embeddable":true,"href":"https:\/\/extraslovensko.sk\/spravy\/wp-json\/wp\/v2\/comments?post=11117"}],"version-history":[{"count":0,"href":"https:\/\/extraslovensko.sk\/spravy\/wp-json\/wp\/v2\/posts\/11117\/revisions"}],"wp:attachment":[{"href":"https:\/\/extraslovensko.sk\/spravy\/wp-json\/wp\/v2\/media?parent=11117"}],"wp:term":[{"taxonomy":"category","embeddable":true,"href":"https:\/\/extraslovensko.sk\/spravy\/wp-json\/wp\/v2\/categories?post=11117"},{"taxonomy":"post_tag","embeddable":true,"href":"https:\/\/extraslovensko.sk\/spravy\/wp-json\/wp\/v2\/tags?post=11117"}],"curies":[{"name":"wp","href":"https:\/\/api.w.org\/{rel}","templated":true}]}}