{"id":14033,"date":"2021-05-11T17:03:53","date_gmt":"2021-05-11T17:03:53","guid":{"rendered":"https:\/\/extraslovensko.sk\/spravy\/?p=14033"},"modified":"2021-05-11T17:03:53","modified_gmt":"2021-05-11T17:03:53","slug":"strelba-na-skole-v-rusku-9-mrtvych-deti-rusky-orwell-kazan","status":"publish","type":"post","link":"https:\/\/extraslovensko.sk\/spravy\/strelba-na-skole-v-rusku-9-mrtvych-deti-rusky-orwell-kazan\/","title":{"rendered":"Stre\u013eba na \u0161kole v Rusku, 9 m\u0155tvych det\u00ed, Rusk\u00fd Orwell Kaza\u0148"},"content":{"rendered":"<p>Stre\u013eba v Ruskej \u0161kole. Najmenej 9 m\u0155tvych. Najmenej dev\u00e4\u0165 \u013eud\u00ed, z ktor\u00fdch v\u00e4\u010d\u0161inu tvoria deti, bolo zabit\u00fdch po tom, \u010do osamel\u00fd t\u00edned\u017eersk\u00fd strelec zah\u00e1jil stre\u013ebu v \u0161kole v ruskom meste Kaza\u0148, informovali v utorok region\u00e1lni predstavitelia. Je 14. \u00fatokom na rusk\u00fa \u0161kolu.<\/p>\n<p>Zabudli zapn\u00fa\u0165 ten KGB\u00e1kov ORWELL  na sledovanie deti v \u0161kole, alebo obsluha bola ako v\u017edy o\u017erat\u00e1? Rusk\u00fd FACE DETECT syst\u00e9m rozpozn\u00e1vania tv\u00e1re!<\/p>\n<h2>Mlad\u00fd Timur zabil svoju dru\u017einu<\/h2>\n<hr>\n<p> Teraz je jar tak sa to hod\u00ed. Na jar sa hraj\u00fa gu\u013eky. Ke\u010f sme pred 50 rokmi hrali gu\u013eky a pri\u0161li silnej\u0161\u00ed chlapci, ktor\u00ed n\u00e1m ich ukradli, volalo sa to Rusk\u00fd Kostol!<br \/>\nPochopili ste kone\u010dne mentalitu Rusa??<br \/>\n<em>\u201eHur\u00e1! Je svetov\u00e1 vojna! Poraz\u00edme v\u0161etk\u00fdch!\u201c<\/em><\/p>\n<hr>\n<p>Medzi obe\u0165ami v kazanskej \u0161kole \u010d. 175 asi 820 kilometrov v\u00fdchodne od Moskvy je jeden u\u010dite\u013e, jedna zamestnanky\u0148a \u0161koly a sedem \u0161tudentov \u00f4smeho ro\u010dn\u00edka &#8211; \u0161tyria chlapci a tri diev\u010dat\u00e1, uviedol  pre \u0161t\u00e1tne m\u00e9di\u00e1 \u0161\u00e9f Tatarstanu  Rustam Minnikhanov .<\/p>\n<h1>Stre\u013eba na \u0161kole v Rusku, 9 m\u0155tvych det\u00ed. ORWELL na sledovanie deti, rusk\u00e9 \u0161koly<\/h1>\n<p>Minnikhanov dodal, \u017ee 18 \u0161tudentov a traja dospel\u00ed boli hospitalizovan\u00ed so zraneniami r\u00f4znej z\u00e1va\u017enosti. Prezident Vladimir Putin KGB nariadil &#8220;urgentn\u00e9&#8221; spr\u00edsnenie kontroly obmedzenia zbran\u00ed v d\u00f4sledku  stre\u013eby, ktor\u00e1 sa konala v prv\u00fd de\u0148 \u0161koly po 10-d\u0148ov\u00e9j dovolenke.<\/p>\n<p><img decoding=\"async\" class=\"cento\"  src=\"https:\/\/extraslovensko.sk\/image\/face-detect-russia.jpg\" alt=\"Stre\u013eba na \u0161kole, ORWELL v rusk\u00fdch \u0161kol\u00e1ch\" \/><br \/>\nVideo zverejnen\u00e9 spravodajsk\u00fdmi kan\u00e1lmi Telegram  ukazuje, \u017ee  deti sk\u00e1\u010du z okien \u0161koly za zvukov stre\u013eby.  \u0160t\u00e1tna tla\u010dov\u00e1 agent\u00fara RIA Novosti uviedla,   \u017ee po zoskoku z okna na tre\u0165om poschod\u00ed zomreli \u010fal\u0161\u00ed dvaja \u0161tudenti, s odvolan\u00edm sa na zdroj z\u00e1chrannej slu\u017eby, tieto \u00famrtia v\u0161ak nie s\u00fa potvrden\u00e9.<\/p>\n<p>Policajti zadr\u017eali strelca, ktor\u00e9ho ofici\u00e1lny mot\u00edv zost\u00e1va nejasn\u00fd. Rusk\u00e9 m\u00e9di\u00e1 ho ozna\u010dili za absolventa \u0161koly \u010d. 175 Ilnaza Galyavijeva (19) a informovali o jeho pl\u00e1noch sp\u00e1cha\u0165 stre\u013ebu na soci\u00e1lnych sie\u0165ach.<\/p>\n<p>Streln\u00e1 zbra\u0148 mala pod\u013ea region\u00e1lnych \u00faradn\u00edkov licenciu.<\/p>\n<p>Kan\u00e1l REN-TV Telegram zverejnil z\u00e1bery Galyavijeva z jeho psychiatrick\u00e9ho vy\u0161etrenia vo v\u00e4zbe, kde je vidie\u0165, \u017ee \u201evo mne za\u010dalo r\u00e1s\u0165 mon\u0161trum\u201c a za\u010dal nen\u00e1vidie\u0165 v\u0161etk\u00fdch \u201ee\u0161te viac\u201c.<\/p>\n<p>Region\u00e1lne ministerstvo vn\u00fatra poprelo, \u017ee by existovali nejak\u00ed komplici po tom, \u010do prv\u00e9 spr\u00e1vy hovorili o tom, \u017ee policajti zabili druh\u00e9ho strelca.<\/p>\n<p>O\u010dit\u00ed svedkovia hl\u00e1sili pred stre\u013ebou v \u0161kole v\u00fdbuch. Krajsk\u00e1 prokurat\u00fara v Tatarstanskej republike uviedla, \u017ee sa za\u010dala stre\u013ebou zaobera\u0165, a na miesto bol nasaden\u00fd region\u00e1lny prokur\u00e1tor. Pod\u013ea  denn\u00edka Kommersant do \u0161koly dorazil aj Minnikhanov.<\/p>\n<p>Rusk\u00fd vy\u0161etrovac\u00ed v\u00fdbor za\u010dal trestn\u00e9 st\u00edhanie pre hromadn\u00e9 vra\u017edenie. Tatarstansk\u00e9 \u00farady  uviedli, \u017ee rodiny obet\u00ed dostan\u00fa 1 mili\u00f3n rub\u013eov (13 500 dol\u00e1rov) ako od\u0161kodn\u00e9, zatia\u013e \u010do zranen\u00e9 osoby dostan\u00fa od 200 000 do 400 000 rub\u013eov (2 700 &#8211; 5 400 dol\u00e1rov).<\/p>\n<blockquote><p>Stre\u013eba je 14. \u00fatokom na rusk\u00fa \u0161kolu od roku 2014 a piatym \u00fatokom so streln\u00fdmi zbra\u0148ami.<\/p><\/blockquote>\n<h2>Absurdn\u00fd svet ruskej verejnej mienky<\/h2>\n<p>Ve\u013ek\u00e1 v\u00e4\u010d\u0161ina Rusov dnes zdie\u013ea paranoidn\u00fd poh\u013ead na svet, ktor\u00fd mu vnucovali vl\u00e1dcovia, ktor\u00ed za\u010dali svoju kari\u00e9ru ako d\u00f4stojn\u00edci a gener\u00e1li v spravodajsk\u00fdch agent\u00farach Sovietskeho zv\u00e4zu.<\/p>\n<p>\u010co p\u00ed\u0161e Rus: <\/p>\n<p>V\u00e4\u010d\u0161ina Rusov je presved\u010den\u00e1, \u017ee ekonomick\u00e9 probl\u00e9my tejto krajiny nie s\u00fa chybou rusk\u00fdch \u00faradov, ich korup\u010dnej a monopolnej politiky, zabavenia s\u00fakromn\u00e9ho majetku a prakt\u00edk podnikov\u00fdch razi\u00ed alebo ich politiky vysok\u00fdch a neust\u00e1le rast\u00facich n\u00e1kladov na podnikanie, ale vypl\u00fdvaj\u00fa z machin\u00e1cie Z\u00e1padu, ktor\u00fd sn\u00edva iba o tom, ako m\u00f4\u017ee zni\u010di\u0165 Rusko.<\/p>\n<p>Ve\u013ek\u00e1 v\u00e4\u010d\u0161ina Rusov dnes zdie\u013ea paranoidn\u00fd poh\u013ead na svet, ktor\u00fd mu vnucovali vl\u00e1dcovia, ktor\u00ed za\u010dali svoju kari\u00e9ru ako d\u00f4stojn\u00edci a gener\u00e1li v spravodajsk\u00fdch agent\u00farach Sovietskeho zv\u00e4zu.<\/p>\n<blockquote><p>M\u00f4j zn\u00e1my sa pr\u00e1ve vr\u00e1til z nieko\u013ekomesa\u010dnej n\u00e1v\u0161tevy Sib\u00edri, kde pomohol niektor\u00fdm miestnym obyvate\u013eom k\u00fapi\u0165 nieko\u013eko vriec cukru a obilia &#8211; dos\u0165 na to, aby im vydr\u017eali cel\u00fd rok &#8211; po ned\u00e1vnom zdvojn\u00e1soben\u00ed cien. <\/p><\/blockquote>\n<p>\u013dudia, ktor\u00fdm pom\u00e1hal, prekvapivo vyjadrili svoju bezv\u00fdhradn\u00fa podporu politike moskovsk\u00fdch org\u00e1nov na Kryme a na Ukrajine a nevideli nijak\u00fa s\u00favislos\u0165 medzi ruskou zahrani\u010dnou politikou a rast\u00facou cenou cukru.<\/p>\n<p>Ke\u010f sa p\u00fdtal na ich n\u00e1zor na jednu z luxusn\u00fdch \u201eletn\u00fdch ch\u00e1t\u201c prezidenta Vladimira Putina v ne\u010falek\u00fdch hor\u00e1ch, miestni na neho h\u013eadeli, akoby bol idiot. \u201eNaozaj si mysl\u00ed\u0161, \u017ee je to Putinov letn\u00fd dom?\u201c sp\u00fdtali sa neveriacky. <\/p>\n<blockquote><p>\n\u201eToto je velite\u013esk\u00e9 miesto pre vojensk\u00e9 rakety,\u201c vysvetlili.<\/p><\/blockquote>\n<p><img decoding=\"async\" src=\"\/image\/rossia.jpg\" alt=\"\u017eivot v Rusku Toto je velite\u013esk\u00e9 miesto pre vojensk\u00e9 rakety\" \/><\/p>\n<blockquote><p>Rovnako ako v sovietskych \u010dasoch, nen\u00e1vis\u0165 vo\u010di USA a Z\u00e1padu tvor\u00ed z\u00e1klad n\u00e1rodnej identity.<\/p><\/blockquote>\n<p>Kritika opoz\u00edcie zo strany \u00faradov a \u010dinnos\u0165 nez\u00e1visl\u00fdch rusk\u00fdch mimovl\u00e1dnych organiz\u00e1ci\u00ed sa \u010doraz viac vykres\u013euj\u00fa ako podvratn\u00e1 pr\u00e1ca spravodajsk\u00fdch slu\u017eieb USA uskuto\u010d\u0148ovan\u00e1 s vyu\u017eit\u00edm americk\u00fdch pe\u0148az\u00ed a sl\u00fa\u017eiacich americk\u00fdm z\u00e1ujmom. Je \u010doraz \u010dastej\u0161ie po\u010du\u0165 \u010dlenov opoz\u00edcie a ob\u010dianskych aktivistov ozna\u010dovan\u00fdch ako fa\u0161istov a \u010dlenov \u201epiatej kol\u00f3ny\u201c.<\/p>\n<p>V jednej materskej \u0161kole v moskovskej oblasti nama\u013eovala u\u010dite\u013eka tento obraz sveta pre svojich p\u00e4\u0165ro\u010dn\u00fdch zverencov.<\/p>\n<p> &#8220;Ukrajinci chceli \u017ei\u0165 s Ruskom, ale Ameri\u010dania chceli, aby Ukrajinci \u017eili s nimi. Ameri\u010dania bombarduj\u00fa ukrajinsk\u00e9 mest\u00e1. Ale nebojte sa. Rusk\u00e1 arm\u00e1da je silnej\u0161ia ako ktoko\u013evek in\u00fd a zachr\u00e1ni n\u00e1s pred Ameri\u010danmi. N\u00e1\u0161 prezident je dobr\u00fd. Stoj\u00ed za mier. Posiela separatistom zbrane a \u010doskoro vyhr\u00e1me. &#8221;<\/p>\n<blockquote><p>Potom jeden mal\u00fd chlapec zvolal: \u201eHur\u00e1! Je svetov\u00e1 vojna! Poraz\u00edme v\u0161etk\u00fdch! \u201c<\/p><\/blockquote>\n","protected":false},"excerpt":{"rendered":"<p>Stre\u013eba v Ruskej \u0161kole. Najmenej 9 m\u0155tvych. Najmenej dev\u00e4\u0165 \u013eud\u00ed, z ktor\u00fdch v\u00e4\u010d\u0161inu tvoria deti, bolo zabit\u00fdch po tom, \u010do osamel\u00fd t\u00edned\u017eersk\u00fd strelec zah\u00e1jil stre\u013ebu v \u0161kole v ruskom meste Kaza\u0148, informovali v utorok region\u00e1lni predstavitelia. Je 14. \u00fatokom na rusk\u00fa \u0161kolu. Zabudli zapn\u00fa\u0165 ten KGB\u00e1kov ORWELL na sledovanie deti v \u0161kole, alebo obsluha bola [&hellip;]<\/p>\n","protected":false},"author":1,"featured_media":0,"comment_status":"closed","ping_status":"open","sticky":false,"template":"","format":"standard","meta":{"footnotes":""},"categories":[6],"tags":[],"class_list":["post-14033","post","type-post","status-publish","format-standard","hentry","category-dezinformacie"],"_links":{"self":[{"href":"https:\/\/extraslovensko.sk\/spravy\/wp-json\/wp\/v2\/posts\/14033","targetHints":{"allow":["GET"]}}],"collection":[{"href":"https:\/\/extraslovensko.sk\/spravy\/wp-json\/wp\/v2\/posts"}],"about":[{"href":"https:\/\/extraslovensko.sk\/spravy\/wp-json\/wp\/v2\/types\/post"}],"author":[{"embeddable":true,"href":"https:\/\/extraslovensko.sk\/spravy\/wp-json\/wp\/v2\/users\/1"}],"replies":[{"embeddable":true,"href":"https:\/\/extraslovensko.sk\/spravy\/wp-json\/wp\/v2\/comments?post=14033"}],"version-history":[{"count":0,"href":"https:\/\/extraslovensko.sk\/spravy\/wp-json\/wp\/v2\/posts\/14033\/revisions"}],"wp:attachment":[{"href":"https:\/\/extraslovensko.sk\/spravy\/wp-json\/wp\/v2\/media?parent=14033"}],"wp:term":[{"taxonomy":"category","embeddable":true,"href":"https:\/\/extraslovensko.sk\/spravy\/wp-json\/wp\/v2\/categories?post=14033"},{"taxonomy":"post_tag","embeddable":true,"href":"https:\/\/extraslovensko.sk\/spravy\/wp-json\/wp\/v2\/tags?post=14033"}],"curies":[{"name":"wp","href":"https:\/\/api.w.org\/{rel}","templated":true}]}}