{"id":14910,"date":"2021-07-14T07:06:06","date_gmt":"2021-07-14T07:06:06","guid":{"rendered":"https:\/\/extraslovensko.sk\/spravy\/?p=14910"},"modified":"2021-07-14T07:06:06","modified_gmt":"2021-07-14T07:06:06","slug":"protesty-na-kube-kubanska-vlada-zasahuje-proti-demonstrantom","status":"publish","type":"post","link":"https:\/\/extraslovensko.sk\/spravy\/protesty-na-kube-kubanska-vlada-zasahuje-proti-demonstrantom\/","title":{"rendered":"Protesty po celej Kube"},"content":{"rendered":"<p>Protesty na Kube, Kub\u00e1nska vl\u00e1da zasahuje proti demon\u0161trantom. Komunistick\u00fd ostrov nevidel tak\u00e9 ve\u013ek\u00e9 prejavy nespokojnosti u\u017e cel\u00e9 desa\u0165ro\u010dia. 11. j\u00fala tis\u00edce demon\u0161trantov vy\u0161li spont\u00e1nne do ul\u00edc vo viac ako 50 kub\u00e1nskych mest\u00e1ch. Mali dlh\u00fa lit\u00e1niu s\u0165a\u017enost\u00ed: opakuj\u00faci sa nedostatok elektriny, pr\u00e1zdne obchody s potravinami, zlyh\u00e1vaj\u00faca ekonomika, repres\u00edvna vl\u00e1da a \u010doraz z\u00fafalej\u0161ia situ\u00e1cia oh\u013eadom covid-19. Protesty na Kube proti komunistom.<\/p>\n<h1>Protesty na Kube, Kub\u00e1nska vl\u00e1da zasahuje proti demon\u0161trantom<\/h1>\n<p>Na p\u00f4de nespokojnosti, ktor\u00e1 sa na komunistickom ostrove nevyskytovala asi \u0161es\u0165 desa\u0165ro\u010d\u00ed, \u013eudia v\u0161etk\u00fdch vekov\u00fdch skup\u00edn skandovali a pochodovali, niektor\u00ed z nich na rachot ly\u017ei\u010diek a panv\u00edc. \u201ePatria y Vida\u201c (Vlas\u0165 a \u017eivot) &#8211; riff na revolu\u010dn\u00fd slogan \u201ePatria o Muerte (Vlas\u0165 alebo smr\u0165) a n\u00e1zov popul\u00e1rnej reggaetonovej piesne, ktor\u00e1 kritizuje vl\u00e1du &#8211; bol ich rallyov\u00fdm v\u00fdkrikom spolu s\u201e Libertad \u201c (Sloboda) a \u201eAbajo la dictadura\u201c (Dole s diktat\u00farou).<\/p>\n<hr>\n<h2>Kubu ovl\u00e1dali Jezuiti Castra<\/h1>\n<p>Pr\u00edsaha jezuitu: <em>\u201e\u010ealej vyhlasujem, \u017ee m\u00f4\u017eem prija\u0165 hociktor\u00e9 n\u00e1bo\u017eenstvo, v z\u00e1ujme materinskej cirkvi  a budem dr\u017ea\u0165 v tajnosti v\u0161etky ponau\u010denia a nariadenia, ktor\u00e9 dostanem. Nevyzrad\u00edm to slovom, p\u00edsmom, ani n\u00e1znakom, ani okolnos\u0165ami, ale urob\u00edm v\u0161etko, \u010do mi n\u00e1\u0161 duchovn\u00fd otec porad\u00ed, alebo nariadi\u201c<\/em><\/p>\n<p>Z\u00e1kladn\u00fdm princ\u00edpom ovl\u00e1dnutia moci Jezuitmi je najprv rozbitie a potom ovl\u00e1dnutie ka\u017ed\u00e9ho \u0161t\u00e1tu cez tzv. Falo\u0161n\u00e9ho spasite\u013ea, ktor\u00e9mu naletia voli\u010di! T\u00e1to taktika sa za 500 rokov nikdy nezmenila! Na Slovensku to sk\u00fa\u0161a Malt\u00e9zsky Rytier \u010darnoguriak cez debila Kotleb\u00e1ka a jeho klamstvom o vyst\u00fapen\u00ed z NATO a EU!<\/p>\n<hr>\n<p>Na druh\u00fd de\u0148 boli ulice tich\u0161ie, ke\u010f pol\u00edcia chodila od domu k domu a zhroma\u017e\u010fovala demon\u0161trantov. Proti\u00faderov\u00e1 pol\u00edcia sa rozprestierala po mest\u00e1ch, do ul\u00edc vy\u0161li pr\u00edslu\u0161n\u00edci civiln\u00e9ho oble\u010denia a provl\u00e1dne davy, ktor\u00e9 sa oh\u00e1\u0148ali obrazmi Fidela Castra, vyz\u00fdvali k spevu revolu\u010dn\u00fdch sloganov a m\u00e1vaniu kub\u00e1nskych vlajok. Miguel D\u00edaz-Canel, prezident a prv\u00fd tajomn\u00edk komunistickej strany, vyst\u00fapil v telev\u00edzii a vyhl\u00e1sil: \u201eKuba patr\u00ed k jej revolucion\u00e1rom.\u201c Najmenej 150 \u013eud\u00ed je nezvestn\u00fdch.<\/p>\n<blockquote><p> Hovor\u00ed sa o tom, \u017ee mlad\u00edci s\u00fa n\u00e1silne odveden\u00ed do arm\u00e1dy.<\/p><\/blockquote>\n<p>Ve\u013ekou ot\u00e1zkou je, ko\u013eko zost\u00e1vaj\u00facej sily bud\u00fa ma\u0165 protesty. Nasleduj\u00face dni uk\u00e1\u017eu, \u010di akciov\u00e1 reakcia re\u017eimu na potla\u010denie ak\u00fdchko\u013evek prejavov nes\u00fahlasu bude op\u00e4\u0165 fungova\u0165. Vl\u00e1da m\u00e1 mal\u00fd priestor na zak\u00fapenie soci\u00e1lneho mieru. Kubu \u0165a\u017eko zasiahol covid-19 a prudk\u00fd pokles cestovn\u00e9ho ruchu, od ktor\u00e9ho je ve\u013emi z\u00e1visl\u00e1. Nedostatok cudzej meny, za ktor\u00fa sa d\u00e1 nakupova\u0165 dovoz, viedol k ak\u00fatnemu nedostatku a v\u00fdpadkom potrav\u00edn. Pod spr\u00e1vou Donalda Trumpa USA spr\u00edsnili sankcie vo\u010di Kube. Zmiernili sa t\u00fdm ekonomick\u00e9 probl\u00e9my ostrova.<\/p>\n<p>Neochota Kuby kupova\u0165 zahrani\u010dn\u00e9 vakc\u00edny, ktor\u00e1 vzi\u0161la zo zmesi autarky a nedostatku pe\u0148az\u00ed, znamen\u00e1, \u017ee iba 16% popul\u00e1cie je \u00faplne nao\u010dkovan\u00fdch. Vyr\u00e1baj\u00fa sa dom\u00e1ce vakc\u00edny, ktor\u00e9 v\u0161ak zatia\u013e neboli zaveden\u00e9 na n\u00e1rodnej \u00farovni (v lek\u00e1r\u0148ach zatia\u013e ch\u00fdbaj\u00fa dokonca z\u00e1kladn\u00e9 l\u00e1tky ako aspir\u00edn). <\/p>\n<p>Zatia\u013e \u010do cestovn\u00fd ruch sa obnovil na okolit\u00fdch miestach, kde ust\u00fapil covid, ako napr\u00edklad na Jamajke a v Dominik\u00e1nskej republike, na Kube narastaj\u00fa infekcie a \u00famrtia. Vo videu zverejnenom na Facebooku Lisveilys Echenique, ktor\u00e1 \u017eije v meste Ciego de \u00c1vila, op\u00edsala, ako jej brat str\u00e1vil 11 dn\u00ed bojom s covid-19 bez akejko\u013evek lie\u010dby, preto\u017ee neboli k dispoz\u00edcii nemocni\u010dn\u00e9 postele ani lieky. Po jeho smrti zostala jeho m\u0155tvola v jej dome sedem hod\u00edn pred pr\u00edchodom sanitky.<\/p>\n<p>Kub\u00e1nska ekonomika sa na za\u010diatku 90. rokov 20. storo\u010dia pribl\u00ed\u017eila ku kolapsu, po p\u00e1de Sovietskeho zv\u00e4zu sa zahrani\u010dn\u00e1 pomoc n\u00e1hle zastavila. Aj vtedy sa konali verejn\u00e9 protesty, ktor\u00e9 sa r\u00fdchlo rozpt\u00fdlili. Kub\u00e1nci v\u0161ak teraz maj\u00fa pr\u00edstup k internetu a s\u00fa schopn\u00ed ho mobilizova\u0165. V posledn\u00fdch d\u0148och r\u00fdchlo koluj\u00fa vide\u00e1 s policajn\u00fdm n\u00e1sil\u00edm a svojvo\u013en\u00fdm zat\u00fdkan\u00edm. <\/p>\n<blockquote><p>V jednom okamihu 11. j\u00fala popoludn\u00ed, ke\u010f protesty dosiahli svoj vrchol, sa zdalo, \u017ee \u00farady blokuj\u00fa pr\u00edstup na internet. <\/p><\/blockquote>\n<p>Akoko\u013evek by si vl\u00e1da mohla \u017eela\u0165 vypn\u00fa\u0165 internet, nem\u00f4\u017ee si to dovoli\u0165: prehnan\u00e9 pr\u00edstupov\u00e9 poplatky \u00fa\u010dtovan\u00e9 \u0161t\u00e1tnym telekomunika\u010dn\u00fdm monopolom s\u00fa d\u00f4le\u017eit\u00fdm zdrojom dev\u00edz. Internet je tie\u017e d\u00f4le\u017eit\u00fdm prostriedkom na prevody finan\u010dn\u00fdch prostriedkov od Kub\u00e1ncov do zahrani\u010dia.<\/p>\n<p>\u201eVl\u00e1da sa uzavrela ako ustrica,\u201c hovor\u00ed Jos\u00e9 Jas\u00e1n Nieves C\u00e1rdenas, redaktor nez\u00e1visl\u00e9ho kub\u00e1nskeho \u010dasopisu El Toque . &#8220;Namiesto toho, aby uznala, \u017ee mus\u00ed vyjs\u0165 v \u00fastrety a nadviaza\u0165 dial\u00f3g so svojimi \u013eu\u010fmi, zvolila represiu.&#8221; Proti davom boli pou\u017eit\u00e9 gu\u013eky zo slzotvorn\u00e9ho plynu a gumy, aj ke\u010f v niektor\u00fdch pr\u00edpadoch boli pr\u00edslu\u0161n\u00edci bezpe\u010dnostnej slu\u017eby protestuj\u00facich nato\u013eko po\u010detn\u00ed, \u017ee boli n\u00faten\u00ed ust\u00fapi\u0165. Ako sa veci stup\u0148ovali, policajn\u00e9 aut\u00e1 boli prevr\u00e1ten\u00e9 a niektor\u00e9 opovrhovan\u00e9 obchody s menami boli vyrabovan\u00e9.<\/p>\n<p>Vo svojom prejave 12. j\u00fala p\u00e1n D\u00edaz-Canel obvi\u0148oval probl\u00e9my Kuby z embarga uvalen\u00e9ho USA, ako to v\u017edy rob\u00ed vl\u00e1da. Ignoroval s\u0165a\u017enosti demon\u0161trantov, namiesto toho ich prepustil ako \u017eoldnierov. Pon\u00fakal viac v\u00fdhovoriek ako pl\u00e1nov reformy. Po prezidentovom prejave sa zhroma\u017edilo viac demon\u0161trantov pred budovou Kapitolu v Havane. V tejto chv\u00edli u\u017e nie je ve\u013ea, \u010do by okrem odst\u00fapenia mohol urobi\u0165, aby urobil n\u00e1pravu so svojimi \u013eu\u010fmi, hovor\u00ed majite\u013e mal\u00e9ho podniku. &#8220;Jedn\u00fdm prstom nem\u00f4\u017eete zakry\u0165 slnko,&#8221; hovor\u00ed. Teraz je pr\u00edli\u0161 ve\u013ea probl\u00e9mov na to, aby re\u017eim papieroval cez trhliny.<\/p>\n<p>Alfred Martinez Ramirez, \u010dlen skupiny 27N, skupiny aktivistov, umelcov a intelektu\u00e1lov bojuj\u00facich za v\u00e4\u010d\u0161iu slobodu prejavu, sa v novembri pripojil k protestu mimo ministerstva kult\u00fary. Pr\u00edtomn\u00fdch bolo asi 300 \u013eud\u00ed, \u010do sa v tom \u010dase javilo ako obrovsk\u00e9 mno\u017estvo. Kub\u00e1nci protestuj\u00fa zriedka, v neposlednom rade preto, \u017ee neopr\u00e1vnen\u00e9 verejn\u00e9 zhroma\u017edenia s\u00fa nez\u00e1konn\u00e9. Vidie\u0165 v\u010dera tis\u00edce \u013eud\u00ed v uliciach Havany mu dalo n\u00e1dej, \u017ee jeho skupina nie je sama a \u017ee dokonca mohli pom\u00f4c\u0165 mnoh\u00fdm \u010fal\u0161\u00edm Kub\u00e1ncom prekona\u0165 strach z disentu. &#8220;Prebudilo sa,&#8221; hovor\u00ed.<\/p>\n<p>Od d\u00f4chodku Fidela Castra v roku 2008 riadil Kubu vojensko-byrokratick\u00fd komplex stranick\u00fdch k\u00e1drov. Jeden b\u00fdval\u00fd z\u00e1padn\u00fd diplomat to porovn\u00e1va s pieskoviskom, v ktorom chc\u00fa v\u0161etky deti postavi\u0165 hrad, ale nevedia sa dohodn\u00fa\u0165, ako by to malo vyzera\u0165. <\/p>\n<p>Medzi rokmi 2016 a 2019 bol ro\u010dn\u00fd rast HDP v najlep\u0161om pr\u00edpade 1% a ekonomika sa v roku 2020 zn\u00ed\u017eila o 11%. Reformy, ktor\u00e9 sa s\u013eubovali pred desiatimi rokmi, sa implementovali iba \u010diasto\u010dne a obmedzenia v s\u00fakromnom sektore sa uvo\u013enili len mierne. Vedenie urobilo za posledn\u00fdch dev\u00e4\u0165 mesiacov viac pre zr\u00fdchlenie tempa ekonomick\u00fdch reforiem ako v posledn\u00fdch nieko\u013ek\u00fdch rokoch, najm\u00e4 preto, \u017ee si to z\u00fafal\u00e1 ekonomick\u00e1 situ\u00e1cia ostrova vy\u017eadovala. <\/p>\n<blockquote><p>St\u00e1le ho v\u0161ak tr\u00e1pia neefekt\u00edvnos\u0165 a boje s ovl\u00e1dan\u00edm vec\u00ed tak trivi\u00e1lnych, ako je cena kop\u010deka zmrzliny.<\/p><\/blockquote>\n","protected":false},"excerpt":{"rendered":"<p>Protesty na Kube, Kub\u00e1nska vl\u00e1da zasahuje proti demon\u0161trantom. Komunistick\u00fd ostrov nevidel tak\u00e9 ve\u013ek\u00e9 prejavy nespokojnosti u\u017e cel\u00e9 desa\u0165ro\u010dia. 11. j\u00fala tis\u00edce demon\u0161trantov vy\u0161li spont\u00e1nne do ul\u00edc vo viac ako 50 kub\u00e1nskych mest\u00e1ch. Mali dlh\u00fa lit\u00e1niu s\u0165a\u017enost\u00ed: opakuj\u00faci sa nedostatok elektriny, pr\u00e1zdne obchody s potravinami, zlyh\u00e1vaj\u00faca ekonomika, repres\u00edvna vl\u00e1da a \u010doraz z\u00fafalej\u0161ia situ\u00e1cia oh\u013eadom covid-19. Protesty [&hellip;]<\/p>\n","protected":false},"author":1,"featured_media":0,"comment_status":"closed","ping_status":"open","sticky":false,"template":"","format":"standard","meta":{"footnotes":""},"categories":[5],"tags":[],"class_list":["post-14910","post","type-post","status-publish","format-standard","hentry","category-exo-news"],"_links":{"self":[{"href":"https:\/\/extraslovensko.sk\/spravy\/wp-json\/wp\/v2\/posts\/14910","targetHints":{"allow":["GET"]}}],"collection":[{"href":"https:\/\/extraslovensko.sk\/spravy\/wp-json\/wp\/v2\/posts"}],"about":[{"href":"https:\/\/extraslovensko.sk\/spravy\/wp-json\/wp\/v2\/types\/post"}],"author":[{"embeddable":true,"href":"https:\/\/extraslovensko.sk\/spravy\/wp-json\/wp\/v2\/users\/1"}],"replies":[{"embeddable":true,"href":"https:\/\/extraslovensko.sk\/spravy\/wp-json\/wp\/v2\/comments?post=14910"}],"version-history":[{"count":0,"href":"https:\/\/extraslovensko.sk\/spravy\/wp-json\/wp\/v2\/posts\/14910\/revisions"}],"wp:attachment":[{"href":"https:\/\/extraslovensko.sk\/spravy\/wp-json\/wp\/v2\/media?parent=14910"}],"wp:term":[{"taxonomy":"category","embeddable":true,"href":"https:\/\/extraslovensko.sk\/spravy\/wp-json\/wp\/v2\/categories?post=14910"},{"taxonomy":"post_tag","embeddable":true,"href":"https:\/\/extraslovensko.sk\/spravy\/wp-json\/wp\/v2\/tags?post=14910"}],"curies":[{"name":"wp","href":"https:\/\/api.w.org\/{rel}","templated":true}]}}