{"id":14934,"date":"2021-07-14T16:59:22","date_gmt":"2021-07-14T16:59:22","guid":{"rendered":"https:\/\/extraslovensko.sk\/spravy\/?p=14934"},"modified":"2021-07-14T16:59:22","modified_gmt":"2021-07-14T16:59:22","slug":"z-komina-sixtinskej-kaplnky","status":"publish","type":"post","link":"https:\/\/extraslovensko.sk\/spravy\/z-komina-sixtinskej-kaplnky\/","title":{"rendered":"Biely dym ohl\u00e1sil zvolenie nov\u00e9ho p\u00e1pe\u017ea"},"content":{"rendered":"<p>Biely dym ohl\u00e1sil zvolenie nov\u00e9ho p\u00e1pe\u017ea za prudk\u00e9ho da\u017e\u010fa z kom\u00edna Sixt\u00ednskej kaplnky davu zhroma\u017eden\u00e9mu na N\u00e1mest\u00ed sv\u00e4t\u00e9ho Petra a v\u0161etk\u00fdm veriacim a zvedavcom na celom svete, \u017ee existuje novozvolen\u00fd p\u00e1pe\u017e. Na povzbudenie a krik radosti n\u00e1hle prenikol zvuk zvonov. Po hodine dali oblaky veriacim zhroma\u017eden\u00fdm na n\u00e1mest\u00ed prest\u00e1vku a z l\u00f3\u017ee baziliky sa kardin\u00e1l Jean Louis Tauran z balk\u00f3na postavil proti davu, aby odhalil toto\u017enos\u0165 nov\u00e9ho pontifika. Biely dym a nov\u00fd p\u00e1pe\u017e, pofaj\u010d\u00edme a uvid\u00edme \ud83d\ude42<\/p>\n<h1>Biely dym Sixt\u00ednskej kaplnky ohl\u00e1si zvolenie nov\u00e9ho p\u00e1pe\u017ea<\/h1>\n<p>Mnoho Talianov verilo, \u017ee t\u00e1to vo\u013eba padne na Angela Scolu, Marca Ouelleta alebo Timothyho Dolana. Namiesto toho nov\u00fd r\u00edmsky biskup v\u0161etk\u00fdch zasko\u010dil. Pri piatom hlasovan\u00ed, v ktorom i\u0161lo o ostr\u00e9 a vopred napl\u00e1novan\u00e9 rozhodnutie, bol to v skuto\u010dnosti siln\u00fd sign\u00e1l kardin\u00e1lskeho kol\u00e9gia, \u017ee napriek ned\u00e1vnym \u0161kand\u00e1lom, ktor\u00e9 otriasli katol\u00edckou cirkvou, sa r\u00fdchlo rozhodli zvoli\u0165 n\u00e1stupcu P\u00e1pe\u017e Benedikt XVI.<\/p>\n<p>Teraz je ten, ktor\u00fd bol vybran\u00fd na \u201ereformu\u201c Cirkvi v kr\u00edze, a od toho d\u0148a mu dve miliardy nasledovn\u00edkov otvorili srdcia v n\u00e1deji na nov\u00fd v\u00fdber. V bielom r\u00fachu, ktor\u00fd sa objavil pri okne N\u00e1mestia sv\u00e4t\u00e9ho Petra na po\u017eehnanie veriacim, sa stal p\u00e1pe\u017eom Franti\u0161kom argent\u00ednsky jezuitsk\u00fd kardin\u00e1l Jorge Mario Bergoglio. Je prv\u00fdm p\u00e1pe\u017eom z Latinskej Ameriky, kontinentu, na ktorom m\u00e1 katolicizmus stovky mili\u00f3nov veriacich, ale z ktor\u00e9ho iba 19 kardin\u00e1lov vst\u00fapilo do skuto\u010dn\u00e9ho konkl\u00e1ve, aby sa z\u00fa\u010dastnilo volieb.<\/p>\n<blockquote><p> Je prv\u00fdm p\u00e1pe\u017eom v hist\u00f3rii, ktor\u00fd bol jezuitom, a jedin\u00fdm jezuitsk\u00fdm kardin\u00e1lom pr\u00edtomn\u00fdm v Konkl\u00e1ve po emeritnom arcibiskupovi v Jakarte.<\/p><\/blockquote>\n<p>Jezuita Julius Riyadi Darmaatmadja musel zo zdravotn\u00fdch d\u00f4vodov skon\u010di\u0165. Mo\u017eno by to v\u0161ak mohlo signalizova\u0165 vzh\u013ead posledn\u00e9ho p\u00e1pe\u017ea, prinajmen\u0161om Cirkvi, ako ju pozn\u00e1me.<br \/>\nN\u00e1stupca Benedikta XVI. je paradoxne jeho protivn\u00edkom. Kto bol pod\u013ea povest\u00ed, ktor\u00e9 sa v tomto obdob\u00ed n\u00e1stoj\u010divo \u0161\u00edrili, <em>uprednost\u0148ovan\u00fd pred nemeck\u00fdm kardin\u00e1lom v roku 2005.<\/em> Niektor\u00ed dokonca tvrdia, \u017ee Bergoglio bol v tom \u010dase dokonca zvolen\u00fd za p\u00e1pe\u017ea, ale \u017ee zjavne rad\u0161ej upadol a dal svoje hlasy Ratzingerovi. Bergoglio v\u010faka svojim rozsiahlym sk\u00fasenostiam v tre\u0165om svete a svojej povesti \u201ejednoduch\u00e9ho\u201c mu\u017ea s uzn\u00e1vanou \u201epokorou\u201c v skuto\u010dnosti dok\u00e1zal z\u00edska\u0165 podporu konzervat\u00edvcov aj umiernen\u00fdch.<\/p>\n<p>Rozhodnutie konkl\u00e1ve z roku 2005 mohlo by\u0165 ovplyvnen\u00e9 mo\u017enos\u0165ou \u0161kand\u00e1lu vy\u0161etrovan\u00e9ho argent\u00ednskym novin\u00e1rom Horaciom Verbistkym. Obvinil p\u00e1pe\u017ea Franti\u0161ka z tajnej dohody s diktat\u00farou v Argent\u00edne a z \u00fa\u010dasti na \u00fanose dvoch jeho vlastn\u00fdch jezuitsk\u00fdch k\u0148azov, ktor\u00fdm sa vtedaj\u0161ia diktat\u00fara nep\u00e1\u010dila. <\/p>\n<blockquote><p>Obvinenie, ktor\u00e9 aj napriek hnevu a popretiu samotn\u00e9ho kardin\u00e1la, mohlo \u0165a\u017eko zosta\u0165 bez pov\u0161imnutia a pravdepodobne zav\u00e1\u017eilo nad kone\u010dn\u00fdm v\u00fdsledkom konkl\u00e1ve z roku 2005, ktor\u00e9 rozhodlo  pre p\u00e1pe\u017ea Ratzingera.<\/p><\/blockquote>\n<p>Vatik\u00e1nisti ho vykres\u013euj\u00fa na dennej b\u00e1ze, ako je odhodlan\u00fd reformova\u0165 r\u00edmske z\u00e1le\u017eitosti a vatik\u00e1nsky obchod. <\/p>\n<h2>Ale ak\u00fdm sp\u00f4sobom? Potop\u00ed namiesto toho Cirkev v kone\u010dnom \u00fapadku?<\/h2>\n<p>Ale p\u00e1pe\u017e Franti\u0161ek je jezuita, rovnako ako Ladara Luis Francisco Ferrer, \u0161panielsky arcibiskup, ktor\u00e9ho Ratzinger v roku 2008 vymenoval za sekret\u00e1ra Kongreg\u00e1cie pre n\u00e1uku viery, predt\u00fdm Sv\u00e4t\u00e9ho of\u00edcia alebo nesl\u00e1vne zn\u00e1mej inkviz\u00edcie. Teraz sa Ferrer stane \u201eRatzingerom p\u00e1pe\u017ea Bergoglia\u201c, ako to informoval vatik\u00e1nsky \u0161t\u00e1tny tajomn\u00edk po zvolen\u00ed argent\u00ednskeho p\u00e1pe\u017ea, lojalistu R\u00e1du zalo\u017een\u00e9ho Sv\u00e4t\u00fdm Ign\u00e1com, Spolo\u010dnos\u0165ou Je\u017ei\u0161ovou, najmilitarizovanej\u0161ou spomedzi katol\u00edkov. n\u00e1bo\u017eensk\u00e9 r\u00e1dy a kto si v\u00e1\u017ei, \u017ee je obklopen\u00fd \u010dlenmi vlastn\u00e9ho r\u00e1du, jezuitmi.<\/p>\n<blockquote><p>Bergoglio sa stal provinci\u00e1lom Spolo\u010dnosti Je\u017ei\u0161ovej v Argent\u00edne po\u010das z\u00fariacej diktat\u00fary a pre probl\u00e9my, bol provinci\u00e1lnou autoritou jezuitov zosaden\u00fd. Odvtedy Bergoglio zmizol v tieni, a\u017e k\u00fdm ho v roku 1992 arcibiskup Antonio Quarracino nevymenoval za pomocn\u00e9ho biskupa.<\/p><\/blockquote>\n<p>Od tohto okamihu za\u010dal jeho n\u00e1stup na tr\u00f3n sv\u00e4t\u00e9ho Petra. Na jese\u0148 roku 2001 ho Vatik\u00e1n vyzval, aby viedol hlavn\u00e9 oddelenie. &#8220;Preboha, na k\u00farii zomriem,&#8221; prosil Bergoglio, ktor\u00fd sa zdr\u00e1hal vystavi\u0165 verejnej kontrole a cestovaniu. V roku 2005 ho \u201evyznamenali\u201c, ale tentoraz to bolo in\u00e9 a bol okolnos\u0165ami prin\u00faten\u00fd sta\u0165 sa p\u00e1pe\u017eom katol\u00edckej cirkvi.<\/p>\n<p>Posledn\u00fd \u0161tvrt\u00fd s\u013eub (poslu\u0161nos\u0165 p\u00e1pe\u017eovi) zlo\u017eil v Spolo\u010dnosti Je\u017ei\u0161ovej 22. apr\u00edla 1973, \u010d\u00edm sa pridal k predch\u00e1dzaj\u00facim trom a 31. j\u00fala 1973 bol zvolen\u00fd za argent\u00ednskeho provinci\u00e1la. v jezuitskom r\u00e1de v Argent\u00edne, ktor\u00fd vykon\u00e1val dlh\u00fdch \u0161es\u0165 rokov. V 80. rokoch sa stal rektorom Vysokej \u0161koly v San Miguel pre teologick\u00e9 a filozofick\u00e9 fakulty a pokra\u010doval v misii pre jezuitov ako duchovn\u00fd poradca v meste C\u00f3rdoba. <\/p>\n<h2>V tomto obdob\u00ed robil v\u0161etko pre to, aby sa postavil proti Teol\u00f3gii oslobodenia. <\/h2>\n<p> Pod\u013ea Catholic Herald bol p\u00e1pe\u017e Franti\u0161ek, ke\u010f bol argent\u00ednskym provinci\u00e1lom jezuitov, pr\u00edli\u0161 obozn\u00e1men\u00fd s teol\u00f3giou oslobodenia a postavil sa proti nej, \u201eaj ke\u010f ho tento postoj izoloval medzi jezuitmi\u201c.<\/p>\n<blockquote><p>Teol\u00f3gia oslobodenia, ktor\u00e1 bola ve\u013emi popul\u00e1rna v 70. rokoch, mala svoju ideol\u00f3giu v\u00fdrazne ovplyvnen\u00fa marxizmom a komunizmom. Je to nie\u010do, \u010do jezuiti ako prv\u00ed vyhl\u00e1sili ako sp\u00f4sob \u017eivota pri zakladan\u00ed os\u00e1d zn\u00e1mych ako \u201eJezuitsk\u00e9 redukcie\u201c, ktor\u00e9 boli vytvoren\u00e9 pre p\u00f4vodn\u00fdch obyvate\u013eov Ju\u017enej Ameriky v priebehu 17. a 18. storo\u010dia.<\/p><\/blockquote>\n<hr>\n<blockquote><p> Tak\u00e1to osada Jesuit Reductions, bola vybudovan\u00e1 Jezuitmi na Kube, ked debil Fidel vyznamenal \u0161\u00e9fa Malt\u00e9zsk\u00e9ho R\u00e1du kub\u00e1nskym vyznamenan\u00edm. Tak vznikli kub\u00e1nski komunistick\u00ed otroci dodnes, \u017eiadne somariny okolo USA, Bidena, \u0160oro\u0161a a podobn\u00e9 bludy \u010darnogurkeho rusofilnej demetnej luze na Sputnik hlavn\u00fdch spr\u00e1vach sopka a rusk\u00e9ho debila Sputnik pa\u013eceva!!<\/p><\/blockquote>\n<p>Najlep\u0161im kamar\u00e1tom debila Fidela Castra bol Maltezsk\u00fd Rytier komunistick\u00fd Ne\u013ason Mandela &#8211;  \u201eJezuitsk\u00e9 redukcie\u201c!!<\/p>\n<p><img decoding=\"async\" class=\"cento\" src=\"\/image\/castromaltese.jpg\" alt=\"Fidel vyznamenal \u0161\u00e9fa Malt\u00e9zsk\u00e9ho R\u00e1du kub\u00e1nskym vyznamenan\u00edm\" \/><\/p>\n<hr>\n<p>V tom \u010dase sa zjavn\u00e9 fa\u0161istick\u00e9 postavenie Bergoglia odli\u0161ovalo od v\u00e4\u010d\u0161iny jezuitov a viac zodpovedalo fa\u0161istickej a tradicionalistickej ideol\u00f3gii nesl\u00e1vne zn\u00e1mej slobodomur\u00e1rskej l\u00f3\u017ee P2. V 70. a za\u010diatkom 80. rokov bola P2 v Argent\u00edne ve\u013emi siln\u00e1 a to a\u017e do konca argent\u00ednskej diktat\u00fary, ktor\u00e1 nasledovala po vojne o Falklandy v roku 1983.<\/p>\n<p>P2, \u010do je skratka pre Propaganda 2, bola k\u013e\u00fa\u010dov\u00fdm hr\u00e1\u010dom CIA a Vatik\u00e1nu nielen v Eur\u00f3pe, ale aj v celej Ju\u017enej Amerike  Bergoglia pou\u017eil pri viacer\u00fdch pr\u00edle\u017eitostiach. V tomto obdob\u00ed argent\u00ednsky dikt\u00e1tor Videla prich\u00fdlil mnoh\u00fdch nacistick\u00fdch ute\u010dencov spolu s Juanom Per\u00f3nom pred n\u00edm.<\/p>\n<p>Niektor\u00ed slobodomur\u00e1ri P2 tvrdia, \u017ee to bol jeden z d\u00f4vodov, ktor\u00e9 nesk\u00f4r v 80. rokoch posunuli bud\u00faceho p\u00e1pe\u017ea k \u0161t\u00fadiu v Nemecku, a preto bez zjavn\u00e9ho d\u00f4vodu str\u00e1vil nieko\u013eko mesiacov na Vysokej \u0161kole filozofie a teol\u00f3gie na vysokej \u0161kole Sankt Georgen vo Frankfurte. Ofici\u00e1lne tam bol pri zva\u017eovan\u00ed mo\u017enej t\u00e9my dizerta\u010dnej pr\u00e1ce pre teologick\u00fa pr\u00e1cu, ktor\u00e1 zrejme nikdy nebola prezentovan\u00e1.<\/p>\n<p>Ke\u010f bol v Nemecku, videl v Augsburgu obraz M\u00e1rie Untierovej z uzlov a priniesol k\u00f3piu sp\u00e4\u0165 do Argent\u00edny, kde sa odvtedy stala d\u00f4le\u017eitou s\u00fa\u010das\u0165ou mari\u00e1nskej pobo\u017enosti v jeho krajine.<\/p>\n<p>Po v\u0161etk\u00fdch svojich misi\u00e1ch a \u201ezvl\u00e1\u0161tnom spr\u00e1van\u00ed\u201c po\u010das argent\u00ednskej diktat\u00fary bol Bergoglio vatik\u00e1nskou hierarchiou odmenen\u00fd. 20. m\u00e1ja 1992 ho p\u00e1pe\u017e J\u00e1n Pavol II. vymenoval za titul\u00e1rneho biskupa v Auce a pomocn\u00e9ho biskupa v Buenos Aires. 27. j\u00fana toho ist\u00e9ho roku prijal v katedr\u00e1le v Buenos Aires svoju biskupsk\u00fa vysviacku z r\u00fak kardin\u00e1la Antonia Quarracina, apo\u0161tolsk\u00e9ho nuncia, arcibiskupa Ubalda Calabresiho a biskupa z Mercedesu-Lujan, monsignora Emilia Ognenovicha. <\/p>\n<p>3. j\u00fana 1997 bol vymenovan\u00fd za koadj\u00fatora za arcibiskupa v Buenos Aires s pr\u00e1vom na automatick\u00e9 n\u00e1stupn\u00edctvo vo funkcii arcibiskupa v Buenos Aires po smrti kardin\u00e1la Quarracina, poz\u00edciu zast\u00e1val 28. febru\u00e1ra 1998. Od novembra 2005 do novembra 2011 , bol predsedom biskupskej konferencie v Argent\u00edne. Nakoniec bol pripraven\u00fd na sl\u00e1vu p\u00e1pe\u017ea po tom, \u010do ho 21. apr\u00edla 2001 v konzist\u00f3riu vyhl\u00e1sil za kardin\u00e1la  21. febru\u00e1ra 2001, teda v roku, v ktorom sa svet zatia\u013e najviac otriasol.<\/p>\n<p>Francescove vo\u013eby menia paradigmu, ktor\u00e1 stoj\u00ed za vo\u013ebou r\u00edmskeho biskupa, a prv\u00fd, kto o tom vyd\u00e1 svedectvo, je s\u00e1m Bergoglio. Z l\u00f3\u017ee baziliky ve\u010der pred svoj\u00edm zvolen\u00edm vtipkoval o svojom vymenovan\u00ed pred svoj\u00edm st\u00e1dom: <\/p>\n<h2>\u201eBol som vzat\u00fd takmer na konci sveta.\u201c <\/h2>\n<blockquote><p>V\u0161imnite si, ako \u0161pecifikoval, \u017ee bol vzat\u00fd \u201ena konci\u201c, a nie \u201ez konca\u201c <\/p><\/blockquote>\n<p> Zd\u00e1 sa, \u017ee jeho znenie sa t\u00fdka \u010dasovej, nie priestorovej dimenzie. <\/p>\n<p>V skuto\u010dnosti existuje ur\u010dit\u00e1 forma podv\u00e1dzania proti zlej talianskej v\u00fdslovnosti na strane Bergoglia, ktor\u00fd ako dobr\u00fd jezuita ve\u013emi dobre vie, \u017ee ka\u017ed\u00e9 jeho slovo mus\u00ed by\u0165 doladen\u00e9 k dokonalosti, a to aj v r\u00e1mci takzvan\u00fdch ch\u00fdb. V tomto pr\u00edpade sa \u201ekoniec sveta\u201c, na ktor\u00fd odkazuje, jav\u00ed ako ve\u013emi bl\u00edzky. Zd\u00e1 sa, \u017ee zdedil to, \u010do sa pova\u017euje za my\u0161lienky a ideol\u00f3giu toho, \u010do sa pova\u017eovalo za \u201enosite\u013ea \u0161tandardu pokrokov\u00e9ho katol\u00edka\u201c   jezuitsk\u00e9ho kardin\u00e1la Carla Maria Martiniho.<\/p>\n<p>Magaldi je zn\u00e1mym slobodomur\u00e1rom, autorom a b\u00fdval\u00fdm ctihodn\u00fdm majstrom Ve\u013ek\u00e9ho Orientu v Taliansku (Grande Oriente d\u2019Italia, zn\u00e1my pod skratkou GOI). Pred p\u00e1r rokmi opustil hlavn\u00e9 talianske slobodomur\u00e1rske prij\u00edmanie a nahradil ho novou slobodomur\u00e1rskou realitou: Grande Oriente Democratico. <\/p>\n<p>Grande Oriente Talianska ho obvinil, \u017ee bol agentom jezuitov (aj ke\u010f to nie je ofici\u00e1lne ozn\u00e1men\u00e9). To vysvet\u013euje postoj jej pro-jezuitskej str\u00e1nky a jej \u00fadajnej slobodomur\u00e1rskej poslu\u0161nosti, ktorej skratka \u201eBOH\u201c hovor\u00ed za v\u0161etko. Magaldi tie\u017e otvorene priznal autorovi svoje sympatie k jezuitsk\u00fdm a sionistick\u00fdm kauz\u00e1m. Uvid\u00edte, aj ke\u010f sme proti sebe, udr\u017eiavame st\u00e1le otvoren\u00fd dial\u00f3g. Je to zvyk, ktor\u00fd nadv\u00e4zuje na slobodomur\u00e1rsku trad\u00edciu.<\/p>\n<p>Vr\u00e1\u0165me sa v\u0161ak k p\u00e1pe\u017eovi Franti\u0161kovi. <\/p>\n<p>V hom\u00edlii svojho pontifik\u00e1tu novozvolen\u00fd p\u00e1pe\u017e pris\u013e\u00fabil prepravu spolo\u010denstva veriacich po \u201eceste bratstva, l\u00e1sky a d\u00f4very medzi nami\u201c, pri\u010dom po\u017eiadal dav zhroma\u017eden\u00fd na N\u00e1mest\u00ed sv\u00e4t\u00e9ho Petra, aby sa modlil za Bo\u017eie po\u017eehnanie za neho. Zrazu chce, aby sa jeho veriaci modlili za neho a nie naopak, aby poru\u0161ili trad\u00edciu a t\u00fdmto neobvykl\u00fdm \u010dinom demon\u0161trovali slabos\u0165 Cirkvi.<\/p>\n<p>Je tu v\u0161ak e\u0161te nie\u010do viac ako tento triezvy a \u201e\u010dist\u00fd\u201c obraz, ktor\u00fdm pozdravil veriacich, tohto \u201er\u00edmskeho biskupa\u201c, ako si s\u00e1m hovor\u00ed. <\/p>\n<blockquote><p>Zobrazuje tiene progresivizmu: bol obvinen\u00fd v roku 2005 z tajnej dohody s diktat\u00farou v Argent\u00edne pri vyhladzovan\u00ed deviatich tis\u00edc \u013eud\u00ed. <\/p><\/blockquote>\n<p>Pri konkl\u00e1ve v roku 2005 bol pova\u017eovan\u00fd za jedn\u00e9ho z mo\u017en\u00fdch n\u00e1stupcov zosnul\u00e9ho p\u00e1pe\u017ea. Je to \u0161okuj\u00face obvinenie, ktor\u00e9 podal argent\u00ednsky novin\u00e1r Horacio Verbitsky, ktor\u00fd \u0161tudoval a vy\u0161etroval najtragickej\u0161ie obdobie v juhoamerickej krajine a ktor\u00fd na d\u00f4kladnom a seri\u00f3znom v\u00fdskume pracoval na obnove udalost\u00ed. Ako som u\u017e spomenul, jeho obvinenia, ak by boli predlo\u017een\u00e9, mohli zabr\u00e1ni\u0165 tomu, aby sa Bergoglio stal u\u017e v roku 2005 p\u00e1pe\u017eom.<\/p>\n<hr>\n<h2>Ako je to mo\u017en\u00e9, \u017ee sa stal Posledn\u00fdm Pape\u017eom, ktor\u00e9ho vybrali <em><font color=\"#A83600\">na konci<\/font> <\/em> sveta?<\/h2>\n<p>Na\u0161a webov\u00e1 odpoved je, lebo sa bl\u00ed\u017ei ROK 2022 a Anunnaki Return. V\u0161etko sed\u00ed ako ri\u0165 na \u0161erbli, lebo Vatik\u00e1n sa klania Padl\u00fdm Anjelom Anunnaki a nie Demiurgovi z 1488x prepisovanej Biblie. Stvorili sme v\u00e1s na n\u00e1\u0161 obraz je mno\u017en\u00e9 \u010d\u00edslo, a aj v Kor\u00e1ne je to rovnako nap\u00edsan\u00e9.  Preto tento pape\u017e podporuje aj transgender a LGBTxyz, lebo ve\u013emi dobre vie, \u017ee sme v\u0161etci naklonovan\u00ed a k\u00fdm sa podarilo klonovanie ako sa vid\u00edme teraz, vznikli r\u00f4zne odch\u00fdlky. Aj cicu\u0161 Lilith utiekla od Adama, lebo bol \u0161kared\u00fd Neandert\u00e1lec ktor\u00fdch tu bolo v tom \u010dase habadej.<\/p>\n<p>Na obr\u00e1zku vid\u00edme to mno\u017en\u00e9 \u010d\u00edslo \ud83d\ude42<\/p>\n<p><img decoding=\"async\" class=\"cento\" src=\"\/image\/eknis.jpg\" alt=\" Anunnaki Return 2022. Stvorili sme v\u00e1s na n\u00e1\u0161 obraz je mno\u017en\u00e9 \u010d\u00edslo\" \/><br \/>\n<img decoding=\"async\" class=\"cento\" src=\"\/image\/last-pope.jpg\" alt=\"Leo Lyon Zagami\" \/><\/p>\n<h2>Support Your Local Leo Lyon Zagami \ud83d\ude42<\/h2>\n","protected":false},"excerpt":{"rendered":"<p>Biely dym ohl\u00e1sil zvolenie nov\u00e9ho p\u00e1pe\u017ea za prudk\u00e9ho da\u017e\u010fa z kom\u00edna Sixt\u00ednskej kaplnky davu zhroma\u017eden\u00e9mu na N\u00e1mest\u00ed sv\u00e4t\u00e9ho Petra a v\u0161etk\u00fdm veriacim a zvedavcom na celom svete, \u017ee existuje novozvolen\u00fd p\u00e1pe\u017e. Na povzbudenie a krik radosti n\u00e1hle prenikol zvuk zvonov. Po hodine dali oblaky veriacim zhroma\u017eden\u00fdm na n\u00e1mest\u00ed prest\u00e1vku a z l\u00f3\u017ee baziliky sa kardin\u00e1l [&hellip;]<\/p>\n","protected":false},"author":1,"featured_media":0,"comment_status":"closed","ping_status":"open","sticky":false,"template":"","format":"standard","meta":{"footnotes":""},"categories":[5],"tags":[],"class_list":["post-14934","post","type-post","status-publish","format-standard","hentry","category-exo-news"],"_links":{"self":[{"href":"https:\/\/extraslovensko.sk\/spravy\/wp-json\/wp\/v2\/posts\/14934","targetHints":{"allow":["GET"]}}],"collection":[{"href":"https:\/\/extraslovensko.sk\/spravy\/wp-json\/wp\/v2\/posts"}],"about":[{"href":"https:\/\/extraslovensko.sk\/spravy\/wp-json\/wp\/v2\/types\/post"}],"author":[{"embeddable":true,"href":"https:\/\/extraslovensko.sk\/spravy\/wp-json\/wp\/v2\/users\/1"}],"replies":[{"embeddable":true,"href":"https:\/\/extraslovensko.sk\/spravy\/wp-json\/wp\/v2\/comments?post=14934"}],"version-history":[{"count":0,"href":"https:\/\/extraslovensko.sk\/spravy\/wp-json\/wp\/v2\/posts\/14934\/revisions"}],"wp:attachment":[{"href":"https:\/\/extraslovensko.sk\/spravy\/wp-json\/wp\/v2\/media?parent=14934"}],"wp:term":[{"taxonomy":"category","embeddable":true,"href":"https:\/\/extraslovensko.sk\/spravy\/wp-json\/wp\/v2\/categories?post=14934"},{"taxonomy":"post_tag","embeddable":true,"href":"https:\/\/extraslovensko.sk\/spravy\/wp-json\/wp\/v2\/tags?post=14934"}],"curies":[{"name":"wp","href":"https:\/\/api.w.org\/{rel}","templated":true}]}}