{"id":15733,"date":"2021-08-03T19:11:13","date_gmt":"2021-08-03T19:11:13","guid":{"rendered":"https:\/\/extraslovensko.sk\/spravy\/?p=15733"},"modified":"2021-08-03T19:11:13","modified_gmt":"2021-08-03T19:11:13","slug":"utok-nevykonali-pirati-bola-to-praca-iranu","status":"publish","type":"post","link":"https:\/\/extraslovensko.sk\/spravy\/utok-nevykonali-pirati-bola-to-praca-iranu\/","title":{"rendered":"\u00datok na ropn\u00fd tanker Mercer Street"},"content":{"rendered":"<p>\u00datok na ropn\u00fd tanker MV Mercer Street a o Ir\u00e1ne. Prev\u00e1dzkovatelia lode najsk\u00f4r tvrdili, \u017ee i\u0161lo o pir\u00e1tstvo. Atak v\u0161ak pri\u0161iel z neba. 29. j\u00fala bezpilotn\u00fd dron s v\u00fdbu\u0161ninami napadol MV Mercer, ropn\u00fd tanker riaden\u00fd izraelskou firmou, ne\u010faleko pobre\u017eia Om\u00e1nu. Dvaja \u013eudia na palube, britsk\u00fd ob\u010dan a rumunsk\u00fd ob\u010dan, zahynuli.<\/p>\n<h1>\u00datok na ropn\u00fd tanker pri Om\u00e1ne, Mercer Street<\/h1>\n<p>Americk\u00fd, britsk\u00fd a izraelsk\u00fd \u00fatok ozn\u00e1mili, \u017ee \u00fatok nevykonali pir\u00e1ti. Bola to pr\u00e1ca Ir\u00e1nu. <\/p>\n<p>&#8220;To je presne d\u00f4vod, pre\u010do mus\u00edme teraz kona\u0165 proti Ir\u00e1nu,&#8221; povedal izraelsk\u00fd minister obrany Benny Gantz.<br \/>\n<img decoding=\"async\" class=\"cento\" id=\"imog2\" src=\"\/image\/tanker.jpg\" alt=\"Atak nevykonali pir\u00e1ti. Bola to pr\u00e1ca Ir\u00e1nu\" \/><\/p>\n<p>Americk\u00fd, britsk\u00fd a izraelsk\u00fd \u00fatok ozn\u00e1mili, \u017ee atak nevykonali pir\u00e1ti. Bola to pr\u00e1ca Ir\u00e1nu. &#8220;To je presne d\u00f4vod, pre\u010do mus\u00edme teraz kona\u0165 proti Ir\u00e1nu,&#8221; povedal izraelsk\u00fd minister obrany Benny Gantz. Ak za \u00fatokom st\u00e1l Ir\u00e1n, pravdepodobne to bolo dielom Zboru islamsk\u00fdch revolu\u010dn\u00fdch g\u00e1rd ( irgc ), najmocnej\u0161ej vojenskej sily krajiny. Niektor\u00fdm ir\u00e1nskym prezidentom sa podarilo obmedzi\u0165 str\u00e1\u017ecov, ktor\u00fdch \u010dinnos\u0165 je m\u00fatna a \u010dasto sa zd\u00e1, \u017ee vykon\u00e1vaj\u00fa politiku, ktor\u00e1 je v rozpore s politikou slabo zvolenej vl\u00e1dy. P\u00e1n Raisi to pravdepodobne ani nesk\u00fasi.<\/p>\n<blockquote><p> Ak sa niekomu gardisti zodpovedaj\u00fa, je to na najvy\u0161\u0161ieho vodcu ajatoll\u00e1ha Aliho Chamene\u00edho.<\/p><\/blockquote>\n<p>P\u00e1na Raisiho vybral s\u00e1m p\u00e1n Khamenei a je v\u0161eobecne pova\u017eovan\u00fd za jeho \u00e1no. \u201eV r\u00e1mci novej administrat\u00edvy bude Ir\u00e1n ove\u013ea asert\u00edvnej\u0161\u00ed,\u201c hovor\u00ed Mohammad Marandi, ir\u00e1nsky akademik s \u00fazkymi v\u00e4zbami na irgc .<\/p>\n<p>To v\u0161etko komplikuje snahy o o\u017eivenie jadrovej dohody, ktor\u00fa v roku 2015 podp\u00edsali Ir\u00e1n a \u0161es\u0165 svetov\u00fdch mocnost\u00ed. T\u00e1to dohoda, naz\u00fdvan\u00e1 Spolo\u010dn\u00fd komplexn\u00fd ak\u010dn\u00fd pl\u00e1n ( jcpoa ), mala Ir\u00e1nu obmedzi\u0165 jadrov\u00fd program a s\u00fahlasi\u0165 s pr\u00edsnymi in\u0161pekciami v\u00fdmenou za zru\u0161enie niektor\u00fdch medzin\u00e1rodn\u00fdch sankci\u00ed. Ale za prezidenta Donalda Trumpa Amerika potom od dohody v roku 2018 odst\u00fapila. V reakcii na to Ir\u00e1n za\u010dal poru\u0161ova\u0165 jej \u010dasti.<\/p>\n<p>Prezident Joe Biden s\u013e\u00fabil, \u017ee sa k dohode vr\u00e1ti, ak Ir\u00e1n op\u00e4\u0165 dodr\u017e\u00ed s\u00falad. \u0160ieste kolo nepriamych rokovan\u00ed o o\u017eiven\u00ed jcpoa sa v\u0161ak skon\u010dilo v j\u00fani. Term\u00edn obnovenia rokovan\u00ed nebol stanoven\u00fd. <\/p>\n<blockquote><p>Ir\u00e1n medzit\u00fdm pokra\u010duje v neust\u00e1lom roz\u0161irovan\u00ed svojej jadrovej \u010dinnosti. Obohacuje ur\u00e1n nad \u00farovne nevyhnutn\u00e9 pre civiln\u00e9 pou\u017eitie a nespolupracuje u\u017e s in\u0161pektormi.<\/p><\/blockquote>\n<h2>Zd\u00e1 sa, \u017ee atak  na Mercer Street je s\u00fa\u010das\u0165ou tie\u0148ovej vojny medzi Ir\u00e1nom a Izraelom<\/h2>\n<p>Napriek tomu Amerika a Brit\u00e1nia m\u00f4\u017eu chcie\u0165 obmedzi\u0165 ak\u00fako\u013evek reakciu na \u00fatok na MV Mercer, aby udr\u017eali rozhovory o jcpoa na\u017eive. Brit\u00e1nia si predvolala ir\u00e1nskeho ve\u013evyslanca kv\u00f4li \u201enez\u00e1konn\u00e9mu a krut\u00e9mu \u00fatoku\u201c. Ir\u00e1n predvolal britsk\u00e9 charg\u00e9 d&#8217;affaires v Teher\u00e1ne a najvy\u0161\u0161ieho vyslanca Rumunska na protest proti obvineniam, \u017ee za t\u00fdm stoj\u00ed Ir\u00e1n.<\/p>\n<p>Izraelsk\u00ed vodcovia, nikdy nie s\u00fa fan\u00fa\u0161ikovia jcpoa, m\u00f4\u017eu da\u0165 prednos\u0165 r\u00e1znej\u0161ej reakcii. <\/p>\n<p>&#8220;Tentoraz cena st\u00fapa,&#8221; hovor\u00ed Amos Yadlin, b\u00fdval\u00fd \u0161\u00e9f izraelskej vojenskej rozviedky.<br \/>\n\u00datok na tanker Mercer Street pri Om\u00e1ne.<\/p>\n<hr>\n<p>V rusku u\u017e opoz\u00edciu zatv\u00e1raj\u00fa zase na psychiatriu ako za \u010dias komunistov Andropova. Je to aj preto, \u017ee ked KG\u00e1k Putin pri\u0161iel k moci, prv\u00e9 \u010do urobil, vytiahol bustu Andropova z pivnice a postavil ju pred Kreme\u013e. Od vtedy za\u010dala star\u00e1 klasick\u00e1 rusk\u00e1 Andropovosk\u00e1 dezinforma\u010dn\u00e1 kampa\u0148 do cel\u00e9ho sveta, ktor\u00fa vid\u00edme hlavne pri vakc\u00ednach o\u010dier\u0148ovan\u00ed vakc\u00edn na Covid-19. <\/p>\n<p>No ale medzit\u00fdm sa ani samotn\u00fd Rus neo\u010dkuje!! Ako je to mo\u017en\u00e9? Pekne umiera po 700 kusoch denne na Deltu. Slab\u00e1 o\u010dkovacia kampa\u0148 m\u00e1 svoje n\u00e1sledky pr\u00e1ve v Rusku. Asi \u0161etria na zbrane, tak \u0161etria na obyvate\u013eoch v r\u00e1mci Agendy 2030 o trvalo udr\u017eate\u013enom rozvoji. Neni\u010dte pr\u00edrodn\u00e9 zdroje! \ud83d\ude42 <\/p>\n<p>Alebo je to t\u00fdm, \u017ee na KGB8ka Putina oby\u010dajn\u00fd Rus zvysoka serie. Preto sa boja o v\u00fdsledky volieb a opoz\u00edciu pchaj\u00fa do bl\u00e1znica. <\/p>\n<p>Od nich sa u\u010di komunistick\u00fd debil Luka\u0161enko, ktor\u00fd zak\u00e1zal kombin\u00e1ciu bielo \u010dervenej farby v akomko\u013evel prejave. Za  biely d\u00e1\u017ednik sa ide do basy plus pokuta. Kytica kvetov, bielo \u010derven\u00e1 biela = rovnako pokuta! Nohavice s p\u00e1sikmi biela \u010derven\u00e1 biela pokuta, basa. Posledn\u00e9 z\u00e1chvevy do Anunnaki decembra 2022 bud\u00fa e\u0161te hor\u0161ie! Oni ve\u013emi dobre vedia \u010do prich\u00e1dza, \u017ee je to ich koniec a tak chc\u00fa stiahn\u00fa\u0165 v\u0161etk\u00fdch so sebou. <\/p>\n<p>Hotov\u00e1 psychiatria. Trp, Jozef Mak \ud83d\ude42 Web  euroradio.by<br \/>\n<img decoding=\"async\" class=\u00f4cento id=\"imog\" src=\"\/image\/daznik.jpg\" alt=\"Za  biely d\u00e1\u017ednik sa ide do basy plus pokuta\" \/><\/p>\n<h1>Pr\u00edbehy Varula Shalamova o gulagu, kniha Kolyma Tales<\/h1>\n<p>Vtip z konca sovietskej \u00e9ry m\u00e1 dvoch disidentov le\u017eiacich v zn\u00e1mej Andropovovej  psychiatrickej lie\u010debni. Diagnostikovali im \u201eschizo-heterodoxidu\u201c, stav, ktor\u00fd si vy\u017eaduje, aby boli podroben\u00ed lie\u010dbe, ktor\u00e1 zni\u010d\u00ed ich zdravie a schopnosti. <\/p>\n<p>Jeden hovor\u00ed druh\u00e9mu: \u201eJe neuverite\u013en\u00e9, \u017ee by sme mali by\u0165 uv\u00e4znen\u00ed a zneu\u017e\u00edvan\u00ed na z\u00e1klade falo\u0161nej psychiatrickej diagn\u00f3zy len kv\u00f4li kritike vl\u00e1dy. Ale na celom svete s\u00fa \u013eudia, ktor\u00ed si n\u00e1s pam\u00e4taj\u00fa: liber\u00e1li, konzervat\u00edvci, nez\u00e1visl\u00ed komunisti &#8230; Nezabudlo sa na n\u00e1s. \u201c <\/p>\n<p>Po tichej reflexii sa druh\u00fd disident zasmeje a za\u0161epk\u00e1: \u201eViete, m\u00e1m podozrenie, \u017ee ofici\u00e1lna diagn\u00f3za v\u00e1\u0161ho du\u0161evn\u00e9ho stavu m\u00f4\u017ee by\u0165 spr\u00e1vna.\u201c<\/p>\n","protected":false},"excerpt":{"rendered":"<p>\u00datok na ropn\u00fd tanker MV Mercer Street a o Ir\u00e1ne. Prev\u00e1dzkovatelia lode najsk\u00f4r tvrdili, \u017ee i\u0161lo o pir\u00e1tstvo. Atak v\u0161ak pri\u0161iel z neba. 29. j\u00fala bezpilotn\u00fd dron s v\u00fdbu\u0161ninami napadol MV Mercer, ropn\u00fd tanker riaden\u00fd izraelskou firmou, ne\u010faleko pobre\u017eia Om\u00e1nu. Dvaja \u013eudia na palube, britsk\u00fd ob\u010dan a rumunsk\u00fd ob\u010dan, zahynuli. \u00datok na ropn\u00fd tanker pri [&hellip;]<\/p>\n","protected":false},"author":1,"featured_media":0,"comment_status":"closed","ping_status":"open","sticky":false,"template":"","format":"standard","meta":{"footnotes":""},"categories":[5],"tags":[],"class_list":["post-15733","post","type-post","status-publish","format-standard","hentry","category-exo-news"],"_links":{"self":[{"href":"https:\/\/extraslovensko.sk\/spravy\/wp-json\/wp\/v2\/posts\/15733","targetHints":{"allow":["GET"]}}],"collection":[{"href":"https:\/\/extraslovensko.sk\/spravy\/wp-json\/wp\/v2\/posts"}],"about":[{"href":"https:\/\/extraslovensko.sk\/spravy\/wp-json\/wp\/v2\/types\/post"}],"author":[{"embeddable":true,"href":"https:\/\/extraslovensko.sk\/spravy\/wp-json\/wp\/v2\/users\/1"}],"replies":[{"embeddable":true,"href":"https:\/\/extraslovensko.sk\/spravy\/wp-json\/wp\/v2\/comments?post=15733"}],"version-history":[{"count":0,"href":"https:\/\/extraslovensko.sk\/spravy\/wp-json\/wp\/v2\/posts\/15733\/revisions"}],"wp:attachment":[{"href":"https:\/\/extraslovensko.sk\/spravy\/wp-json\/wp\/v2\/media?parent=15733"}],"wp:term":[{"taxonomy":"category","embeddable":true,"href":"https:\/\/extraslovensko.sk\/spravy\/wp-json\/wp\/v2\/categories?post=15733"},{"taxonomy":"post_tag","embeddable":true,"href":"https:\/\/extraslovensko.sk\/spravy\/wp-json\/wp\/v2\/tags?post=15733"}],"curies":[{"name":"wp","href":"https:\/\/api.w.org\/{rel}","templated":true}]}}