{"id":1665,"date":"2020-04-04T21:07:44","date_gmt":"2020-04-04T21:07:44","guid":{"rendered":"https:\/\/extraslovensko.sk\/spravy\/?p=1665"},"modified":"2020-04-04T21:07:44","modified_gmt":"2020-04-04T21:07:44","slug":"vacsina-pripadov-koronavirusu-v-rusku","status":"publish","type":"post","link":"https:\/\/extraslovensko.sk\/spravy\/vacsina-pripadov-koronavirusu-v-rusku\/","title":{"rendered":"V\u00e4\u010d\u0161ina pr\u00edpadov koronav\u00edrusu v Rusku"},"content":{"rendered":"<p>Aj ke\u010f v\u00e4\u010d\u0161ina pr\u00edpadov rusk\u00fdch koronav\u00edrusu v Rusku bola zaznamenan\u00e1 v Moskve, demografick\u00e9 a epidemiologick\u00e9 \u00fadaje nazna\u010duj\u00fa, \u017ee najviac ohrozen\u00e9 s\u00fa od\u013eahlej\u0161ie oblasti. Na z\u00e1klade \u00fadajov dostupn\u00fdch 28. marca bola v\u00e4\u010d\u0161ina potvrden\u00fdch pr\u00edpadov COVID-19 v Rusku v Moskve, Moskovskej oblasti a Petrohrade. To nie je prekvapuj\u00face: n\u00e1rodn\u00e9 hlavn\u00e9 mest\u00e1 v\u0161ade dostali prv\u00fa ranu v tejto pand\u00e9mii, preto\u017ee s\u00fa najviac napojen\u00e9 na medzin\u00e1rodn\u00e9 cestovanie. <\/p>\n<p>Zameranie m\u00e9di\u00ed na ve\u013ek\u00e9 mest\u00e1 v\u0161ak m\u00f4\u017ee by\u0165 zav\u00e1dzaj\u00face, preto\u017ee vytv\u00e1ra dojem, \u017ee koronav\u00edrus nejako u\u0161etril viac od\u013eahl\u00fdch oblast\u00ed. To nie je tento pr\u00edpad. Vzh\u013eadom na vekov\u00fa demografiu mnoh\u00fdch regi\u00f3nov v Rusku je to mimo Moskvy a Petrohradu, kde m\u00f4\u017eeme o\u010dak\u00e1va\u0165 naj\u0165a\u017e\u0161ie situ\u00e1cie, pokia\u013e ide o po\u010det pacientov, ktor\u00ed potrebuj\u00fa pomoc, ako aj po\u010det \u00famrt\u00ed. <\/p>\n<p>Na \u017eiados\u0165 Meduzy demograf Ilya Ka\u0161nitsk\u00fd a epidemiol\u00f3g Anton Barchuk porovnali rusk\u00e9 regi\u00f3ny pod\u013ea po\u010dtu \u013eud\u00ed, ktor\u00ed by mohli potrebova\u0165 hospitaliz\u00e1ciu, a mno\u017estva miestnych dostupn\u00fdch zdravotn\u00edckych zdrojov. Dvaja experti vytvorili interakt\u00edvnu mapu, ktor\u00e1 pom\u00e1ha lek\u00e1rom v Rusku vyhodnoti\u0165 z\u00e1va\u017enos\u0165 kr\u00edzy COVID-19 v r\u00f4znych \u010dastiach krajiny a objas\u0148uje, ak\u00e9 d\u00f4le\u017eit\u00e9 je \u010do najdlh\u0161ie oddiali\u0165 vrchol epid\u00e9mie.<\/p>\n<p>V pr\u00edpade nekontrolovan\u00e9ho alebo zle kontrolovan\u00e9ho prepuknutia po\u010det v\u00e1\u017ene chor\u00fdch pacientov ve\u013emi r\u00fdchlo prevy\u0161uje po\u010det dostupn\u00fdch nemocni\u010dn\u00fdch postel\u00ed. Plat\u00ed to najm\u00e4 pre priestor v jednotk\u00e1ch intenz\u00edvnej starostlivosti vybaven\u00fdch ventil\u00e1tormi. V tomto scen\u00e1ri s\u00fa od\u013eahlej\u0161ie regi\u00f3ny op\u00e4\u0165 najzranite\u013enej\u0161ie. Mapa uveden\u00e1 ni\u017e\u0161ie ukazuje situ\u00e1ciu, ke\u010f 40 percent ruskej popul\u00e1cie z\u00edska kontrakt COVID-19 a vrchol epid\u00e9mie doraz\u00ed po piatich, 10 alebo 20 t\u00fd\u017ed\u0148och. <\/p>\n<p><img decoding=\"async\" class=\"cento\" src=\"\/image\/Screenshot_71.jpg\" alt=\"V\u00e4\u010d\u0161ina pr\u00edpadov rusk\u00fdch koronav\u00edrusu\" \/><\/p>\n<p>V skuto\u010dnosti bude tento \u010dasov\u00fd r\u00e1mec z\u00e1visie\u0165 od \u00fa\u010dinnosti rusk\u00fdch obmedzuj\u00facich opatren\u00ed. Mapa zobrazuje predpokladan\u00fd po\u010det \u013eud\u00ed v jednotke intenz\u00edvnej starostlivosti v ka\u017edom regi\u00f3ne krajiny na dostupn\u00e9ho ventil\u00e1tora. Na odhad po\u010dtu dostupn\u00fdch ventil\u00e1torov v Rusku sme pou\u017eili \u00fadaje z\u00edskan\u00e9 zo zml\u00fav o verejnom obstar\u00e1van\u00ed vydan\u00fdch v rokoch 2017 a\u017e 2020 a verejn\u00fdch z\u00e1kaziek na komplexn\u00fa \u00fadr\u017ebu zdravotn\u00edckych pom\u00f4cok v rokoch 2019 a 2020. <\/p>\n<p>Na pos\u00fadenie pr\u00edtomnosti tohto zariadenia sk\u00famali sme distrib\u00faciu zdravotn\u00edckych pr\u00edstrojov pod\u013ea veku zariadenia, odpisov, ve\u013ekos\u0165 chirurgick\u00fdch oddelen\u00ed a jednotiek intenz\u00edvnej starostlivosti a porovn\u00e1vaciu anal\u00fdzu dostupnosti \u010fal\u0161\u00edch typov zariaden\u00ed intenz\u00edvnej starostlivosti. V\u0161etky \u00fadaje o ventil\u00e1toroch poskytla moskovsk\u00e1 \u201eHeadway Company\u201c a pou\u017eili sme aj niektor\u00e9 inform\u00e1cie s otvoren\u00fdm zdrojov\u00fdm k\u00f3dom.<\/p>\n<p><img decoding=\"async\" class=\"cento\" src=\"\/image\/Screenshot_72.jpg\" alt=\" Mapa zobrazuje predpokladan\u00fd po\u010det \u013eud\u00ed v jednotke intenz\u00edvnej starostlivosti v ka\u017edom regi\u00f3ne krajiny na dostupn\u00e9ho ventil\u00e1tora. \" \/><\/p>\n<p>Pri v\u00fdpo\u010dtoch sme pou\u017eili dostupn\u00e9 \u00fadaje o s\u00fa\u010dasnej demografii pohlavia a veku. Podiel \u013eud\u00ed, u ktor\u00fdch sa o\u010dak\u00e1va, \u017ee bud\u00fa potrebova\u0165 intenz\u00edvnu starostlivos\u0165, zodpoved\u00e1 progn\u00f3zam prijat\u00fdm v spr\u00e1ve uverejnenej 19. marca 2020 t\u00edmom Imperial College COVID-19 Response Team s n\u00e1zvom \u201eDopad nefarmaceutick\u00fdch z\u00e1sahov (NPI) na zn\u00ed\u017eenie \u00famrtnosti COVID-19 a dopyt po zdravotnej starostlivosti. \u201c Tieto \u00fadaje sa zase z\u00edskali modelovan\u00edm a anal\u00fdzou \u0161tatist\u00edk z \u010c\u00edny. Pomery boli upraven\u00e9 o rozdiely v rizik\u00e1ch \u00famrtnosti mu\u017eov a \u017eien pozorovan\u00fdch v Taliansku, ktor\u00e9 sa vyskytli v pr\u00edpade COVID-19.<\/p>\n<p>Na tieto mapy si m\u00f4\u017ee \u010darnogur\u00e1k postavi\u0165 svojho milovan\u00e9ho Koneva, pri soche m\u00f4\u017ee salutova\u0165 fuzat\u00fd dareb\u00e1k, ked m\u00e1 jeho ochranu:))<\/p>\n<p>&#8212;&#8212;&#8212;&#8212;&#8212;&#8212;&#8212;&#8212;&#8212;&#8212;&#8212;&#8212;&#8212;&#8212;&#8212;&#8212;&#8212;&#8212;&#8212;&#8212;&#8212;&#8212;&#8211;<\/p>\n<p>\u0160impanzi v sib\u00edrskom pr\u00edrodnom parku sleduj\u00fa karikat\u00fary, aby po\u010das kr\u00edzy Covid-19 zostali v dobrej n\u00e1lade. Dvoj\u010dat\u00e1 \u0161impanza Tikhon a Anfisa si zvykli na ka\u017edodenn\u00fd pr\u00edchod \u013eud\u00ed v Krasnojarskom pr\u00edrodnom parku Royev Ruchey, ale po\u010das dn\u00ed, ke\u010f  park zostal v karant\u00e9ne 25. marca, vykazovali pr\u00edznaky depresie. Spolo\u010densk\u00ed prim\u00e1ti si cenia z\u00e1bavu a komunik\u00e1ciu s n\u00e1v\u0161tevn\u00edkmi parku.  <strong>T\u00edm Royev Ruchei, ktor\u00fd zostane uzamknut\u00fd vo vn\u00fatri parku so svojimi zvieratami po\u010das karant\u00e9ny sa rozhodol pre p\u00e1r vytvori\u0165 minikino.<\/strong><\/p>\n<p><img decoding=\"async\" class=\"cento\" src=\"https:\/\/siberiantimes.com\/PICTURES\/OTHERS\/Chimp%20cartoons\/2.jpg\" alt=\"Sibirske minikino.\" \/><\/p>\n<p>The day the world\u2019s most polluted city was in Siberia. Pictures: social media Krasnoyarsk, AirVisual.com Metals plant RUSAL Krasnoyarsk was run 2018 targeted by local officials over alleged air contamination. Deripa\u0161ka! U.S. Lifts Sanctions On Rusal:)))))))))))))))<\/p>\n<p><img decoding=\"async\" class=\"cento\" src=\"https:\/\/siberiantimes.com\/PICTURES\/ECOLOGY\/Black-sky-Krasnoyarsk\/st5.jpg\" alt=\"The day the world\u2019s most polluted city was in Siberia\" \/><br \/>\nToto bude nejak\u00fd Sibirsky Deripa\u0161ka black metalista! Ja nosim u\u0161it\u00e9 r\u00fa\u0161ko od frajeky, modr\u00e9 s ru\u017eov\u00fdmi pelik\u00e1nmi. To je radosti v obchode COOP, ked si k tomu obujem modr\u00e9 rukavice a po 20 min\u00fatach pr\u00eddem na radu, \u017ee m\u00f4\u017eem vojs\u0165 do potrav\u00edn pre \u010derstv\u00e9 ro\u017eky, ale poobede u\u017e zvan\u00e9 gumk\u00e1\u010de:)))<\/p>\n","protected":false},"excerpt":{"rendered":"<p>Aj ke\u010f v\u00e4\u010d\u0161ina pr\u00edpadov rusk\u00fdch koronav\u00edrusu v Rusku bola zaznamenan\u00e1 v Moskve, demografick\u00e9 a epidemiologick\u00e9 \u00fadaje nazna\u010duj\u00fa, \u017ee najviac ohrozen\u00e9 s\u00fa od\u013eahlej\u0161ie oblasti. Na z\u00e1klade \u00fadajov dostupn\u00fdch 28. marca bola v\u00e4\u010d\u0161ina potvrden\u00fdch pr\u00edpadov COVID-19 v Rusku v Moskve, Moskovskej oblasti a Petrohrade. To nie je prekvapuj\u00face: n\u00e1rodn\u00e9 hlavn\u00e9 mest\u00e1 v\u0161ade dostali prv\u00fa ranu v tejto [&hellip;]<\/p>\n","protected":false},"author":1,"featured_media":0,"comment_status":"closed","ping_status":"open","sticky":false,"template":"","format":"standard","meta":{"footnotes":""},"categories":[8],"tags":[],"class_list":["post-1665","post","type-post","status-publish","format-standard","hentry","category-meduza"],"_links":{"self":[{"href":"https:\/\/extraslovensko.sk\/spravy\/wp-json\/wp\/v2\/posts\/1665","targetHints":{"allow":["GET"]}}],"collection":[{"href":"https:\/\/extraslovensko.sk\/spravy\/wp-json\/wp\/v2\/posts"}],"about":[{"href":"https:\/\/extraslovensko.sk\/spravy\/wp-json\/wp\/v2\/types\/post"}],"author":[{"embeddable":true,"href":"https:\/\/extraslovensko.sk\/spravy\/wp-json\/wp\/v2\/users\/1"}],"replies":[{"embeddable":true,"href":"https:\/\/extraslovensko.sk\/spravy\/wp-json\/wp\/v2\/comments?post=1665"}],"version-history":[{"count":0,"href":"https:\/\/extraslovensko.sk\/spravy\/wp-json\/wp\/v2\/posts\/1665\/revisions"}],"wp:attachment":[{"href":"https:\/\/extraslovensko.sk\/spravy\/wp-json\/wp\/v2\/media?parent=1665"}],"wp:term":[{"taxonomy":"category","embeddable":true,"href":"https:\/\/extraslovensko.sk\/spravy\/wp-json\/wp\/v2\/categories?post=1665"},{"taxonomy":"post_tag","embeddable":true,"href":"https:\/\/extraslovensko.sk\/spravy\/wp-json\/wp\/v2\/tags?post=1665"}],"curies":[{"name":"wp","href":"https:\/\/api.w.org\/{rel}","templated":true}]}}