{"id":17026,"date":"2021-09-09T14:35:05","date_gmt":"2021-09-09T14:35:05","guid":{"rendered":"https:\/\/extraslovensko.sk\/spravy\/?p=17026"},"modified":"2021-09-09T14:35:05","modified_gmt":"2021-09-09T14:35:05","slug":"uvolnenie-obmedzeni-potratu-v-mexiku","status":"publish","type":"post","link":"https:\/\/extraslovensko.sk\/spravy\/uvolnenie-obmedzeni-potratu-v-mexiku\/","title":{"rendered":"Uvo\u013enenie obmedzen\u00ed potratov v Mexiku"},"content":{"rendered":"<p>Uvo\u013enenie obmedzen\u00ed potratov v Mexiku. Mexick\u00fd najvy\u0161\u0161\u00ed s\u00fad 7. septembra jednomyse\u013ene hlasoval za dekriminaliz\u00e1ciu potratu. Desa\u0165 sudcov vyhl\u00e1silo za proti\u00fastavn\u00fd z\u00e1kon v severoamerickom meste Coahuila, ktor\u00fd \u017een\u00e1m a\u017e po tri roky a lek\u00e1rom, ktor\u00ed ich vykon\u00e1vaj\u00fa, uklad\u00e1 a\u017e tri roky za mre\u017eami. Rozhodnutie plat\u00ed v celej krajine. &#8220;Tu sa kon\u010d\u00ed nespravodliv\u00e1 kriminaliz\u00e1cia \u017eien,&#8221; vyhl\u00e1sil Arturo Zald\u00edvar, hlavn\u00fd sudca. Dekriminaliz\u00e1cia potratov v Mexiku<\/p>\n<h1>Uvo\u013enenie obmedzen\u00ed potratov v Mexiku, vysok\u00fd v\u00fdskyt n\u00e1silnost\u00ed<\/h1>\n<p>Uvo\u013enenie obmedzen\u00ed potratov je vyvrcholen\u00edm malej, ale rast\u00facej vlny postupnej liberaliz\u00e1cie v Mexiku, kde takmer v\u0161etky z 32 \u0161t\u00e1tov maj\u00fa \u00fapln\u00e9 z\u00e1kazy, a\u017e na \u00fazke v\u00fdnimky ako zn\u00e1silnenie, malform\u00e1cie plodu alebo riziko pre zdravie matky. V roku 2007 hlavn\u00e9 mesto Mexiko schv\u00e1lilo z\u00e1kon, ktor\u00fd \u017een\u00e1m umo\u017e\u0148uje preru\u0161i\u0165 tehotenstvo z ak\u00fdchko\u013evek d\u00f4vodov po\u010das prv\u00fdch 12 t\u00fd\u017ed\u0148ov. Od roku 2019 nasleduj\u00fa \u010fal\u0161ie tri \u0161t\u00e1ty.<\/p>\n<p>Aktivisti, ktor\u00ed maj\u00fa z\u00e1ujem o v\u00fdber, oslavuj\u00fa. Interupcie nebud\u00fa dostupn\u00e9 okam\u017eite, ale \u0161t\u00e1ty u\u017e nem\u00f4\u017eu st\u00edha\u0165 \u017eeny za preru\u0161enie tehotenstva a musia prepusti\u0165 ak\u00e9ko\u013evek \u017eeny alebo lek\u00e1rov za mre\u017ee za ukon\u010denie tehotenstva (nie je jasn\u00e9, ko\u013eko ich je). \u0160t\u00e1tne kongresy nie s\u00fa povinn\u00e9 hlasova\u0165 za zmenu ak\u00fdchko\u013evek pr\u00edslu\u0161n\u00fdch z\u00e1konov, ale m\u00f4\u017eu tak urobi\u0165, preto\u017ee s\u00fa teraz proti\u00fastavn\u00e9.<\/p>\n<p>To je v Mexiku je d\u00f4le\u017eit\u00e1 nielen preto, \u017ee sa to stalo nieko\u013eko dn\u00ed po tom, ako Texas po \u0161iestich t\u00fd\u017ed\u0148och predstavil z\u00e1kon zakazuj\u00faci potraty. Krajina s rozlohou 126 metrov je domovom asi 90 mili\u00f3nov katol\u00edkov, \u010do je druh\u00e1 najv\u00e4\u010d\u0161ia krajina na svete (po Braz\u00edlii). Moc cirkvi v\u0161ak kles\u00e1. Odhady nazna\u010duj\u00fa, \u017ee ka\u017ed\u00fd rok sa asi 1 mili\u00f3n skryt\u00fdch potratov uskuto\u010dn\u00ed, pri\u010dom asi tretina sp\u00f4sobuje zdravotn\u00e9 komplik\u00e1cie.<\/p>\n<h1>\u017deny v Mexiku sa stali hlasnej\u0161\u00edmi<\/h1>\n<p> Ve\u013ek\u00e9 protesty sa zamerali na vysok\u00fd v\u00fdskyt n\u00e1silnost\u00ed vr\u00e1tane rekordn\u00e9ho po\u010dtu zabit\u00ed, ktor\u00e9 utrpeli mexick\u00e9 \u017eeny. (S\u00fad tie\u017e zru\u0161il ustanovenie v Coahuile, ktor\u00e9 stanovuje ni\u017e\u0161ie tresty za zn\u00e1silnenie v man\u017eelstve.) Argument\u00e1cia sudcov bola pozoruhodn\u00e1 t\u00fdm, \u017ee ako v niektor\u00fdch minul\u00fdch pr\u00edpadoch zd\u00f4raz\u0148oval sk\u00f4r pr\u00e1va \u017eien ne\u017e technick\u00e9 pr\u00e1vne ot\u00e1zky. <\/p>\n<p>Leticia Bonifaz, akademi\u010dka, ktor\u00e1 v minulosti pracovala na Najvy\u0161\u0161om s\u00fade a pom\u00e1hala navrhn\u00fa\u0165 legislat\u00edvu o potratoch v Mexico City, hovor\u00ed, \u017ee vzh\u013eadom na diskusie na s\u00fade rozhodnutie o\u010dak\u00e1va. Bola v\u0161ak prekvapen\u00e1 jeho jednomyse\u013enos\u0165ou.<\/p>\n<p>Mexick\u00fd \u0161t\u00e1t, ktor\u00fd je ofici\u00e1lne sekul\u00e1rny, sa st\u00e1va vo\u010di \u017een\u00e1m trochu priate\u013eskej\u0161\u00edm aj in\u00fdm sp\u00f4sobom. V roku 2019 pre\u0161iel \u00fastavn\u00fdm dodatkom, ktor\u00fd vy\u017eaduje, aby feder\u00e1lne a miestne vl\u00e1dy nakoniec mali v mnoh\u00fdch zamestnaniach rovnak\u00fd po\u010det \u017eien a mu\u017eov. Polovicu z\u00e1konodarcov tvoria \u017eeny, rovnako ako polovicu kabinetu prezidenta Andr\u00e9sa Manuela L\u00f3peza Obradora. P\u00e1n L\u00f3pez Obrador, ktor\u00fd je zbo\u017en\u00fd, sa v\u0161ak odmietol zapoji\u0165 do debaty o potrate s t\u00fdm, \u017ee je to na s\u00fade.<\/p>\n<p>L\u00f3pez Obrador taktie\u017e odvolal protestuj\u00face \u017eeny za b\u00e1bky svojich odporcov. Potom, \u010do sa v roku 2018 dostal k moci, obmedzil financovanie \u017eensk\u00fdch \u00fatulkov a starostlivosti o deti. Zbavil sa programu, ktor\u00fd d\u00e1val \u017een\u00e1m hotovos\u0165, pokia\u013e posielali svoje deti do \u0161koly a na pravideln\u00e9 lek\u00e1rske prehliadky. O prezidentovej ochote vo\u010di potratom sa zhoduj\u00fa mnoh\u00ed: Prieskum uskuto\u010dnen\u00fd v auguste nazna\u010dil, \u017ee 53% Mexi\u010danov nes\u00fahlas\u00ed s jeho legaliz\u00e1ciou, proti 45%. Rozhodnutie o potrate je krokom vpred v oblasti pr\u00e1v \u017eien, ale st\u00e1le je \u010do zlep\u0161ova\u0165.<\/p>\n<p>Franc\u00fazsko pon\u00fakne bezplatn\u00fa antikoncepciu \u017een\u00e1m do 25 rokov od 1. janu\u00e1ra 2022, \u010d\u00edm sa zv\u00fd\u0161i predch\u00e1dzaj\u00faca vekov\u00e1 hranica 18. \u0160t\u00e1t si n\u00e1klady na ak\u00e9ko\u013evek lek\u00e1rske prehliadky, testy alebo in\u00fa starostlivos\u0165 spojen\u00fa s kontrolou p\u00f4rodnosti vyberie pod\u013ea odhadov \u0161t\u00e1tu n\u00e1klady 21 mili\u00f3nov EUR (24,8 mili\u00f3na dol\u00e1rov) ro\u010dne. Franc\u00fazsky minister zdravotn\u00edctva Olivier V\u00e9ran uviedol, \u017ee pou\u017e\u00edvanie antikoncepcie medzi mlad\u00fdmi \u017eenami kles\u00e1, preto\u017ee je pr\u00edli\u0161 drah\u00e9.<\/p>\n<hr>\n<p> Aspo\u0148 niekto dostal rozumu a nie ako v <em><a href=\"https:\/\/extraslovensko.sk\/spravy\/zakazuje-potraty-ked-zacne-tlkot-srdca-plodu\/\">Trumpovom katol\u00edckom Texase<\/a><\/em>, kde ne\u0161\u0165astn\u00e9 zn\u00e1silnen\u00e9 matky musia vychov\u00e1va\u0165 nechcen\u00e9 deti kadejak\u00fdch lumpov! Alebo u n\u00e1s \u0161ialen\u00fd Kuffa chcel str\u010di\u0165 do basy \u017eeny na do\u017eivotie alebo 25 rokov!<\/p>\n","protected":false},"excerpt":{"rendered":"<p>Uvo\u013enenie obmedzen\u00ed potratov v Mexiku. Mexick\u00fd najvy\u0161\u0161\u00ed s\u00fad 7. septembra jednomyse\u013ene hlasoval za dekriminaliz\u00e1ciu potratu. Desa\u0165 sudcov vyhl\u00e1silo za proti\u00fastavn\u00fd z\u00e1kon v severoamerickom meste Coahuila, ktor\u00fd \u017een\u00e1m a\u017e po tri roky a lek\u00e1rom, ktor\u00ed ich vykon\u00e1vaj\u00fa, uklad\u00e1 a\u017e tri roky za mre\u017eami. Rozhodnutie plat\u00ed v celej krajine. &#8220;Tu sa kon\u010d\u00ed nespravodliv\u00e1 kriminaliz\u00e1cia \u017eien,&#8221; vyhl\u00e1sil Arturo [&hellip;]<\/p>\n","protected":false},"author":1,"featured_media":0,"comment_status":"closed","ping_status":"open","sticky":false,"template":"","format":"standard","meta":{"footnotes":""},"categories":[5],"tags":[],"class_list":["post-17026","post","type-post","status-publish","format-standard","hentry","category-exo-news"],"_links":{"self":[{"href":"https:\/\/extraslovensko.sk\/spravy\/wp-json\/wp\/v2\/posts\/17026","targetHints":{"allow":["GET"]}}],"collection":[{"href":"https:\/\/extraslovensko.sk\/spravy\/wp-json\/wp\/v2\/posts"}],"about":[{"href":"https:\/\/extraslovensko.sk\/spravy\/wp-json\/wp\/v2\/types\/post"}],"author":[{"embeddable":true,"href":"https:\/\/extraslovensko.sk\/spravy\/wp-json\/wp\/v2\/users\/1"}],"replies":[{"embeddable":true,"href":"https:\/\/extraslovensko.sk\/spravy\/wp-json\/wp\/v2\/comments?post=17026"}],"version-history":[{"count":0,"href":"https:\/\/extraslovensko.sk\/spravy\/wp-json\/wp\/v2\/posts\/17026\/revisions"}],"wp:attachment":[{"href":"https:\/\/extraslovensko.sk\/spravy\/wp-json\/wp\/v2\/media?parent=17026"}],"wp:term":[{"taxonomy":"category","embeddable":true,"href":"https:\/\/extraslovensko.sk\/spravy\/wp-json\/wp\/v2\/categories?post=17026"},{"taxonomy":"post_tag","embeddable":true,"href":"https:\/\/extraslovensko.sk\/spravy\/wp-json\/wp\/v2\/tags?post=17026"}],"curies":[{"name":"wp","href":"https:\/\/api.w.org\/{rel}","templated":true}]}}