{"id":21139,"date":"2021-12-22T12:53:36","date_gmt":"2021-12-22T12:53:36","guid":{"rendered":"https:\/\/extraslovensko.sk\/spravy\/?p=21139"},"modified":"2021-12-22T12:53:36","modified_gmt":"2021-12-22T12:53:36","slug":"moslimovia-su-v-dansku-uz-nevitani","status":"publish","type":"post","link":"https:\/\/extraslovensko.sk\/spravy\/moslimovia-su-v-dansku-uz-nevitani\/","title":{"rendered":"Moslimovia v E\u00da s\u00fa v D\u00e1nsku u\u017e nev\u00edtan\u00ed"},"content":{"rendered":"<p>Moslimovia bud\u00fa probl\u00e9mom v E\u00da a ako sa s t\u00fdm vyrovn\u00e1va D\u00e1nsko. Moslim v E\u00da ale nie je probl\u00e9mom pre slovensk\u00e9ho rusofila, ktor\u00fd miluje kadydorova celou svojou proruskou du\u0161ou aj s jeho \u0161ar\u00edou. V\u0161etko pod taktovkou &#8220;Lebo Putin&#8221;. My u\u017e len \u010dak\u00e1me kedy kone\u010dne po\u0161le KGB\u00e1k Putin na Slovensko svoju moslimsk\u00fa arm\u00e1du, ktor\u00fa bud\u00fa v\u00edta\u0165 rusofili m\u00e1vaj\u00fac so z\u00e1stavkami, ako ke\u010f pri\u0161iel uj\u010dok Cedenbal z Mongolska. Moslimovia s\u00fa st\u00e1le jadro probl\u00e9mu v E\u00da.<\/p>\n<h1>Moslimovia s\u00fa v D\u00e1nsku u\u017e nev\u00edtan\u00ed<\/h1>\n<p>Jedin\u00ed komu vyhovuje islamiz\u00e1cia Eur\u00f3py s\u00fa toti\u017e iba a jedine Rusi s rusko slovenskou spolo\u010dnos\u0165ou, ktor\u00e1 pre istotu u\u017e vopred zalo\u017eila Kalergiho univerzitu v BA za rusk\u00e9 prachy samozrejme. A vraj \u0160oro\u0161 \ud83d\ude42<br \/>\nVe\u010f z rusofilmi milovanej S\u00fdrie poslali Rusi iba 2 mili\u00f3ny S\u00fdr\u010danov za jeden rok do Eur\u00f3py a mil\u00e1\u010dikovi slovensk\u00fdch rusofilov Asadovi, dodnes nech\u00fdbaj\u00fa v boji proti ISIS.<\/p>\n<blockquote><p> Ako sme p\u00edsali, to s\u00fa knihy Securitate rumuna Pacepu, inv\u00e1ziu v roku 2015 a Arabsk\u00fa Jar vyrobilo Rusko, rozdan\u00edm tis\u00edcov falo\u0161n\u00fdch Sionsk\u00fdch protokolov v moslimsk\u00fdch krajin\u00e1ch. <\/p><\/blockquote>\n<p>Tup\u00fd rusofil na Slovensku o tom nevie, lebo \u010d\u00edta iba prorusk\u00e9 weby a \u010dak\u00e1 kedy kone\u010dne zavlaje rusk\u00e1 z\u00e1stava na na\u0161om Hrade a postav\u00ed prv\u00fa me\u0161itu s vyu\u010duj\u00facim jazykov rusk\u00fdm. Teraz je NATO v\u00fdborn\u00e1 pr\u00edle\u017eitos\u0165, aby \u010darnogur\u00e1k nap\u00edsal Bi\u013eakov list \u010d.2 a podp\u00ed\u0161e ho kotleba \ud83d\ude42<\/p>\n<p>Ve\u010f ide o kres\u0165ansk\u00e9 spoluna\u017e\u00edvanie brata a sestry, ktor\u00e9 najviac propaguj\u00fa kotleby a uhriky, lebo o Hilterovi sa vraj u\u010dia sam\u00e9 klamstv\u00e1. Debil kotleba ide do S\u00fdrie pre migrantov!<\/p>\n<p>Moslimovia s\u00fa v D\u00e1nsku jadrom probl\u00e9mu. D\u00e1nsko sa u\u017e sna\u017e\u00ed kontrolova\u0165, kde a ako \u017eij\u00fa pris\u0165ahovalci. 1. decembra jej soci\u00e1lnodemokratick\u00e1 vl\u00e1da prijala z\u00e1kon, ktor\u00fd m\u00e1 zabr\u00e1ni\u0165 vytv\u00e1raniu paraleln\u00fdch spolo\u010dnost\u00ed t\u00fdm, \u017ee zavia\u017ee miestne org\u00e1ny, aby pri pride\u013eovan\u00ed b\u00fdvania uprednost\u0148ovali v \u201eoblastiach prevencie\u201c vzdelan\u00fdch \u013eud\u00ed s pr\u00e1cou. <\/p>\n<p>V prvom rade je e\u0161te horlivej\u0161ie odradi\u0165 migrantov od pr\u00edchodu. V marci to bola prv\u00e1 E\u00da krajina \u010do povedala, \u017ee <em>po\u0161le S\u00fdr\u010danov sp\u00e4\u0165 do S\u00fdrie <\/em> s argumentom, \u017ee Damask a jeho okolie s\u00fa teraz v bezpe\u010d\u00ed. Mette Frederiksen, d\u00e1nska premi\u00e9rka, si stanovila za cie\u013e \u201enulov\u00fd po\u010det \u017eiadate\u013eov o azyl\u201c. <\/p>\n<p>D\u00e1nsky s\u00fad 13. decembra ods\u00fadil Inger Stoejbergov\u00fa, ministerku pre imigr\u00e1ciu v predch\u00e1dzaj\u00facej stredopravej vl\u00e1de, na 60 dn\u00ed v\u00e4zenia za nez\u00e1konn\u00fd pr\u00edkaz, aby boli \u017eenat\u00ed \u017eiadatelia o azyl mlad\u0161\u00ed ako 18 rokov ubytovan\u00ed oddelene od svojich man\u017eelov. Hovor\u00ed, \u017ee z\u00e1merom politiky bolo odradi\u0165 detsk\u00e9 man\u017eelstv\u00e1. Proti imigrantsk\u00e9 strany ju oslavuj\u00fa ako mu\u010den\u00ed\u010dku.<\/p>\n<p>D\u00e1nsko nie je jedinou krajinou, ktor\u00e1 zdvihla padac\u00ed most. Eur\u00f3pa utrpela politick\u00e9 k\u0155\u010de po pr\u00edleve ute\u010dencov v roku 2015; v\u00e4\u010d\u0161ina vl\u00e1d sa chce vyhn\u00fa\u0165 opakovaniu. V niektor\u00fdch oh\u013eadoch v\u0161ak D\u00e1nsko vynik\u00e1. <\/p>\n<blockquote><p>Na rozdiel od svojich kolegov v Ma\u010farsku,  jeho politici neodsudzuj\u00fa imigrantov, aby odvr\u00e1tili pozornos\u0165 od vlastn\u00fdch ch\u00fdb. <\/p><\/blockquote>\n<p>D\u00e1nsko sa l\u00ed\u0161i od susedn\u00e9ho \u0160v\u00e9dska, ktor\u00e9 v roku 2015 prijalo viac s\u00fdrskych \u017eiadate\u013eov o azyl ako podiel na svojom obyvate\u013estve ako ktor\u00e1ko\u013evek in\u00e1 eur\u00f3pska krajina okrem Turecka. \u0160v\u00e9dsko \u201emiluje multikulturalizmus\u201c, hovor\u00ed Tina Gudrun Jensen, antropologi\u010dka z Malm\u00f6 University. <\/p>\n<p>&#8220;V D\u00e1nsku je multikulturalizmus skuto\u010dne negat\u00edvne slovo.&#8221;<\/p>\n<p>Tento pr\u00edstup sp\u00f4sobuje D\u00e1nom zl\u00fa tla\u010d. Ned\u00e1vno sa objavil titulok \u201eD\u00e1nsko vedie preteky ku dnu\u201c. Pre niektor\u00e9 vl\u00e1dy je v\u0161ak vzorom. Mattias Tesfaye, minister pre imigr\u00e1ciu a integr\u00e1ciu, ned\u00e1vno povedal, \u017ee pr\u00e1ve hostil deleg\u00e1ciu z Gr\u00e9cka a o\u010dak\u00e1val deleg\u00e1ciu z Rak\u00faska. Brit\u00e1nia \u00fadajne hovorila s D\u00e1nskom o spolupr\u00e1ci pri spracov\u00e1van\u00ed \u017eiadost\u00ed o azyl na nejakom vzdialenom mieste, ako je Rwanda. Dokonca aj \u0160v\u00e9dsko sa \u010doraz viac podob\u00e1 na svojho ju\u017en\u00e9ho suseda.<\/p>\n<p>D\u00e1nsky rozdiel m\u00e1 hlbok\u00e9 korene. Po tom, \u010do d\u00e1nska koruna v roku 1864 stratila preva\u017ene nemecky hovoriace vojvodstv\u00e1 \u0160lezvicko a Hol\u0161tajnsko v prospech Pruska, vyvodila z toho ponau\u010denie, \u017ee krajina mus\u00ed \u201edr\u017ea\u0165 spolu a by\u0165 homog\u00e9nna,\u201c hovor\u00ed Ulf Hedetoft, odborn\u00edk na nacionalizmus na Kodanskej univerzite.  <\/p>\n<p>Z\u00e1kon o dva roky nesk\u00f4r stanovil, \u017ee D\u00e1nmi sa m\u00f4\u017eu sta\u0165 iba \u013eudia, ktor\u00ed hovoria po d\u00e1nsky a nosia d\u00e1nsky odev. Je to st\u00e1le \u0165a\u017ek\u00e9, mipex, index, ktor\u00fd zora\u010fuje krajiny pod\u013ea toho, ako dobre politiky podporuj\u00fa integr\u00e1ciu pris\u0165ahovalcov, hodnot\u00ed pr\u00edstup D\u00e1nska k ob\u010dianstvu ako \u201epolovi\u010dne priazniv\u00fd\u201c 41 v porovnan\u00ed so \u201epriazniv\u00fdm\u201c \u0160v\u00e9dskom 83.<\/p>\n<p>Popri t\u00fdchto obav\u00e1ch s\u00fa obavy, \u017ee moslimovia prin\u00e1\u0161aj\u00fa predstavy o demokracii a \u00falohe \u017eien, ktor\u00e9 D\u00e1ni pova\u017euj\u00fa za ohrozuj\u00face. Moslimovia s\u00fa v\u00edtan\u00ed, hovor\u00ed p\u00e1n Tesfaye, ale \u201eNem\u00f4\u017eeme sa stretn\u00fa\u0165 uprostred. Nie je to napoly \u0161ar\u00eda a napoly d\u00e1nska \u00fastava.\u201c<\/p>\n<p>D\u00e1nska politika zah\u0155\u0148ala pred\u013a\u017eenie \u010dakania pris\u0165ahovalcov na trval\u00fd pobyt z troch rokov na sedem a ukon\u010denie povinnosti \u0161k\u00f4l vyu\u010dova\u0165 v materinskom jazyku \u017eiakov. Na posilnenie D\u00e1nska zaviedla do \u0161kolsk\u00fdch osnov \u201ek\u00e1nony\u201c kult\u00fary, hist\u00f3rie a demokracie. Bez tak\u00fdchto krokov by to \u201ebolo naozaj katastrof\u00e1lne\u201c, hovor\u00ed predseda parlamentu.<\/p>\n<p>D\u00e1nska obrana svojho soci\u00e1lneho \u0161t\u00e1tu je bezoh\u013eadn\u00e1 a pod\u013ea kritikov rasistick\u00e1. V okt\u00f3bri ministerstvo financi\u00ed vo svojej v\u00fdro\u010dnej spr\u00e1ve o tejto problematike odhadlo, \u017ee v roku 2018 pris\u0165ahovalci z nez\u00e1padn\u00fdch kraj\u00edn a ich potomkovia od\u010derpali z verejn\u00fdch financi\u00ed \u010dist\u00fdch 31 mili\u00e1rd kor\u00fan (4,9 miliardy dol\u00e1rov), \u010do predstavuje pribli\u017ene 1,4 % HDP. <\/p>\n<p>Naproti tomu pris\u0165ahovalci zo z\u00e1padn\u00fdch kraj\u00edn prispeli \u010dist\u00fdmi 7 miliardami kor\u00fan. \u00dadaje o fi\u0161k\u00e1lnych \u00fa\u010dinkoch imigr\u00e1cie boli t\u00fdm, \u010do \u201ezmenilo uhol poh\u013eadu soci\u00e1lnych demokratov\u201c, hovor\u00ed Torben Tranaes z D\u00e1nskeho centra pre v\u00fdskum soci\u00e1lnych vied.<\/p>\n<p>Pre moslimsk\u00e9 u\u0161i to znie ako zaujatos\u0165. Z\u00e1kon prijat\u00fd v roku 2018, zameran\u00fd na konzervat\u00edvnych moslimov, zav\u00e4zuje nov\u00fdch ob\u010danov, aby si pri naturaliza\u010dn\u00fdch ceremoni\u00e1loch potriasli rukou s mestsk\u00fdm \u00faradn\u00edkom.<\/p>\n<p>Ostatn\u00e9 skupiny tak\u00e9muto tlaku nepodliehaj\u00fa. \u010c\u00ednski pris\u0165ahovalci sa nestali kult\u00farne d\u00e1nskymi, no napriek tomu s\u00fa \u201eextr\u00e9mne v\u00edtan\u00ed\u201c, poznamen\u00e1va p\u00e1n Hedetoft. <\/p>\n<p>Podobne ako jeho \u0161kandin\u00e1vski susedia, aj D\u00e1nsko zapisuje nov\u00fdch migrantov do programov, ktor\u00e9 zah\u0155\u0148aj\u00fa hodiny jazyka a ob\u010dianskej n\u00e1uky. Jeho syst\u00e9m v\u00fdhod je v\u0161ak charakteristicky o nie\u010do tvrd\u0161\u00ed. Platby s\u00fa ni\u017e\u0161ie pre \u013eud\u00ed, ktor\u00ed v krajine ne\u017eij\u00fa sedem z \u00f4smich rokov. <\/p>\n<p>To sl\u00fa\u017ei na odradenie pris\u0165ahovalcov a na povzbudenie t\u00fdch, ktor\u00ed sa usadia, aby pracovali. D\u00e1nsko sa m\u00f4\u017ee pochv\u00e1li\u0165, \u017ee rozdiel v nezamestnanosti medzi dom\u00e1cimi a mimoeur\u00f3pskymi pris\u0165ahovalcami je men\u0161\u00ed ako vo \u0160v\u00e9dsku. To v\u0161ak m\u00f4\u017ee by\u0165 \u010diasto\u010dne sp\u00f4soben\u00e9 t\u00fdm, \u017ee \u0160v\u00e9dsko m\u00e1 vy\u0161\u0161ie efekt\u00edvne minim\u00e1lne mzdy v porovnan\u00ed s priemernou mzdou, \u010do mnoh\u00fdch nov\u00fdch pris\u0165ahovalcov pripravuje o pr\u00e1cu, najm\u00e4 ak nevedia dobre po \u0161v\u00e9dsky.<\/p>\n<p>\u201eSoci\u00e1lnodemokratick\u00fd soci\u00e1lny \u0161t\u00e1t m\u00f4\u017ee pre\u017ei\u0165 len vtedy, ak budeme ma\u0165 migr\u00e1ciu pod kontrolou,\u201c hovor\u00ed Tesfaye, ktor\u00e9ho otec bol ute\u010denec z Eti\u00f3pie. D\u00e1nsko m\u00f4\u017ee by\u0165 pod\u013ea ned\u00e1vneho prieskumu druhou naj\u0161\u0165astnej\u0161ou krajinou sveta, no jeho \u0161\u0165astie je krehk\u00e9.<\/p>\n<hr>\n<p>Ja v\u00e1m d\u00e1m tak\u00fa soci\u00e1lnu demokraciu, \u017ee v\u00e1m z toho pr\u00edde zle!<br \/>\nNepozn\u00e1te v D\u00e1nsku Fica a Po\u010diatka? A tak\u00fdto ficovi, bl\u00e1hovi, rostasovi kamar\u00e1ti, ako tento debil, by predali Slovensko rusovi za poldeci denatur\u00e1ku z Armaty!<br \/>\n<img decoding=\"async\" class=\"cento\" id=\"imog2\" src=\"\/image\/imagespero.jpg\" alt=\"ficovi, bl\u00e1hovi, rostasovi kamar\u00e1ti\" \/><\/p>\n<hr>\n<p> U\u017e sa to sype, falo\u0161n\u00e1 Schwab Antarkt\u00edda!<br \/>\n<img decoding=\"async\" class=\"cento\" id=\"imog\" src=\"\/image\/cor1.jpg\" alt=\"Corey goode\" \/><\/p>\n","protected":false},"excerpt":{"rendered":"<p>Moslimovia bud\u00fa probl\u00e9mom v E\u00da a ako sa s t\u00fdm vyrovn\u00e1va D\u00e1nsko. Moslim v E\u00da ale nie je probl\u00e9mom pre slovensk\u00e9ho rusofila, ktor\u00fd miluje kadydorova celou svojou proruskou du\u0161ou aj s jeho \u0161ar\u00edou. V\u0161etko pod taktovkou &#8220;Lebo Putin&#8221;. My u\u017e len \u010dak\u00e1me kedy kone\u010dne po\u0161le KGB\u00e1k Putin na Slovensko svoju moslimsk\u00fa arm\u00e1du, ktor\u00fa bud\u00fa v\u00edta\u0165 [&hellip;]<\/p>\n","protected":false},"author":1,"featured_media":0,"comment_status":"closed","ping_status":"open","sticky":false,"template":"","format":"standard","meta":{"footnotes":""},"categories":[5],"tags":[],"class_list":["post-21139","post","type-post","status-publish","format-standard","hentry","category-exo-news"],"_links":{"self":[{"href":"https:\/\/extraslovensko.sk\/spravy\/wp-json\/wp\/v2\/posts\/21139","targetHints":{"allow":["GET"]}}],"collection":[{"href":"https:\/\/extraslovensko.sk\/spravy\/wp-json\/wp\/v2\/posts"}],"about":[{"href":"https:\/\/extraslovensko.sk\/spravy\/wp-json\/wp\/v2\/types\/post"}],"author":[{"embeddable":true,"href":"https:\/\/extraslovensko.sk\/spravy\/wp-json\/wp\/v2\/users\/1"}],"replies":[{"embeddable":true,"href":"https:\/\/extraslovensko.sk\/spravy\/wp-json\/wp\/v2\/comments?post=21139"}],"version-history":[{"count":0,"href":"https:\/\/extraslovensko.sk\/spravy\/wp-json\/wp\/v2\/posts\/21139\/revisions"}],"wp:attachment":[{"href":"https:\/\/extraslovensko.sk\/spravy\/wp-json\/wp\/v2\/media?parent=21139"}],"wp:term":[{"taxonomy":"category","embeddable":true,"href":"https:\/\/extraslovensko.sk\/spravy\/wp-json\/wp\/v2\/categories?post=21139"},{"taxonomy":"post_tag","embeddable":true,"href":"https:\/\/extraslovensko.sk\/spravy\/wp-json\/wp\/v2\/tags?post=21139"}],"curies":[{"name":"wp","href":"https:\/\/api.w.org\/{rel}","templated":true}]}}