{"id":21754,"date":"2022-01-10T20:15:31","date_gmt":"2022-01-10T20:15:31","guid":{"rendered":"https:\/\/extraslovensko.sk\/spravy\/?p=21754"},"modified":"2022-01-10T20:15:31","modified_gmt":"2022-01-10T20:15:31","slug":"vyhlasenie-prezident-kazachstanu-tokajev-k-situacii-v-kazachstane","status":"publish","type":"post","link":"https:\/\/extraslovensko.sk\/spravy\/vyhlasenie-prezident-kazachstanu-tokajev-k-situacii-v-kazachstane\/","title":{"rendered":"Vyhl\u00e1senia kaza\u0161sk\u00e9ho prezidenta Tokajeva k situ\u00e1cii v Kazachstane"},"content":{"rendered":"<p>Vyhl\u00e1senie kaza\u0161sk\u00e9ho prezidenta Tokajeva cel\u00fd text, 10. janu\u00e1ra 2022, aby sme vedeli \u010do mu prik\u00e1zal Putin hovori\u0165. Sranda na tom je, \u017ee ani slovo o \u0161oro\u0161ovi, ameri\u010danoch Bidena, ako to chceli \u010darnogur\u00e1kov\u00e9 debiln\u00e9 prorusk\u00e9 hlavn\u00e9 spr\u00e1vy a hlavn\u00fd denn\u00edk. Toto nikde nen\u00e1jdete v celku len tu, lebo sme to zb\u00fachali z prorusk\u00e9ho Sputniknews US pl\u00e1tku Veterans Today, ktor\u00fd dodnes chv\u00e1li Putina, Bidena, o\u010dkovanie, zvl\u00e1\u0161\u0165 rusk\u00fdm Sputnikom, nen\u00e1vidia Trumpa a s\u00fa to kovan\u00ed antisemiti. Zauj\u00edmav\u00e9 \u017ee im nevadi Putinov  Chabad Lubavitch, Berel Lazar!<\/p>\n<p>Aj tak vieme, \u017ee do m\u00e9dii sa pravda nikdy nehovor\u00ed, zvl\u00e1\u0161\u0165 ke\u010f v tom maj\u00fa prsty Rusi!<\/p>\n<h1>Prezident o situ\u00e1cii v Kazachstane<\/h1>\n<p>Tokajev: Teraz by som v\u00e1s r\u00e1d informoval o aktu\u00e1lnej situ\u00e1cii v na\u0161ej krajine a udalostiach posledn\u00fdch dn\u00ed. Po vytvoren\u00ed kompletn\u00e9ho obrazu o udalostiach m\u00f4\u017eem opr\u00e1vnene vyhl\u00e1si\u0165, \u017ee v\u0161etky udalosti od za\u010diatku roka s\u00fa \u010dl\u00e1nkami jednej re\u0165aze. S\u00fa podriaden\u00e9 jedin\u00e9mu de\u0161trukt\u00edvnemu pl\u00e1nu, ktor\u00e9ho vypracovanie zabralo ve\u013ea \u010dasu. Ako dlho to trvalo, rok, dva alebo tri roky uk\u00e1\u017ee vy\u0161etrovanie.<\/p>\n<p>Znovu a znovu sa de\u0161trukt\u00edvne sily pok\u00fa\u0161ali podkopa\u0165 stabilitu a vyvola\u0165 probl\u00e9my. \u0160t\u00e1t bol testovan\u00fd na stabilitu a odolnos\u0165. (Pozn. prekladate\u013ea: Prezident Tokajev tu hovor\u00ed o skor\u0161\u00edch protestoch, napr\u00edklad v roku 2020, ktor\u00e9 sa na Z\u00e1pade nedostali na titulky nov\u00edn, ale ktor\u00e9 sp\u00e4tne vn\u00edma ako sk\u00fa\u0161obn\u00e9 jazdy pre aktu\u00e1lne udalosti.)<\/p>\n<p>V\u0161etky tieto akcie boli rezol\u00fatne odrazen\u00e9, no organiz\u00e1tori sa svojich pl\u00e1nov nevzdali a prist\u00fapili k pr\u00edprav\u00e1m ozbrojen\u00fdch povstan\u00ed. Ako z\u00e1mienku pou\u017eili nespokojnos\u0165 obyvate\u013eov vo viacer\u00fdch regi\u00f3noch so zdra\u017eovan\u00edm plynu. Uskuto\u010dnili sa zhroma\u017edenia, na ktor\u00fdch \u00fa\u010dastn\u00edci vzniesli soci\u00e1lno-ekonomick\u00e9 a sociopolitick\u00e9 po\u017eiadavky. (Pozn. prekladate\u013ea: V Kazachstane, ktor\u00fd m\u00e1 s\u00e1m o sebe ve\u013ek\u00e9 z\u00e1soby plynu, ve\u013ea \u013eud\u00ed poh\u00e1\u0148a svoje aut\u00e1 plynom a zv\u00fd\u0161enie cien tohto plynu vyvolalo protesty).<\/p>\n<p>V\u0161etci boli vypo\u010dut\u00ed a stretli sa s vl\u00e1dou. Vl\u00e1da podala demisiu, ceny LPG boli zmrazen\u00e9 na predch\u00e1dzaj\u00facej \u00farovni. Ozn\u00e1mili sme s\u00e9riu konkr\u00e9tnych soci\u00e1lnych a ekonomick\u00fdch opatren\u00ed a jasn\u00fd pl\u00e1n soci\u00e1lnych a politick\u00fdch reforiem.<\/p>\n<p>Ale pre organiz\u00e1torov agresie proti Kazachstanu to u\u017e nemalo \u017eiadny v\u00fdznam. Pod r\u00fa\u0161kom spont\u00e1nnych protestov sa rozp\u00fatala vlna masov\u00fdch nepokojov. Ako na jeden povel sa objavili n\u00e1bo\u017eensk\u00ed radik\u00e1li, krimin\u00e1lne \u017eivly, bezoh\u013eadn\u00ed banditi, rabova\u010di a drobn\u00ed v\u00fdtr\u017en\u00edci. Socioekonomick\u00e9 a sociopolitick\u00e9 po\u017eiadavky ust\u00fapili do \u00fazadia a boli zabudnut\u00e9. Nasledovala hor\u00faca f\u00e1za a ozbrojen\u00e9 militantn\u00e9 skupiny, ktor\u00e9 na \u0148u len \u010dakali.<\/p>\n<p>Hlavn\u00fd cie\u013e, podkopa\u0165 \u00fastavn\u00fd poriadok, zni\u010di\u0165 vl\u00e1dne in\u0161tit\u00facie a zmocni\u0165 sa moci, sa stal zrejm\u00fdm. Hovor\u00ed sa o pokuse o \u0161t\u00e1tny prevrat. Teraz je u\u017e zrejm\u00e9, \u017ee v\u0161etky tieto nepriate\u013esk\u00e9 akcie boli koordinovan\u00e9 z jedn\u00e9ho centra, starostlivo napl\u00e1novan\u00e1 oper\u00e1cia vst\u00fapila do svojej rozhoduj\u00facej f\u00e1zy.<\/p>\n<p>D\u00f4kazom toho s\u00fa synchr\u00f3nne, a zd\u00f4raz\u0148ujem synchr\u00f3nne, \u00fatoky na region\u00e1lne vl\u00e1dne budovy, bezpe\u010dnostn\u00e9 agent\u00fary, vy\u0161etrovacie v\u00e4znice, strategick\u00e9 objekty, banky, telev\u00edzne ve\u017ee a telev\u00edzne stanice. Letisk\u00e1 boli obsaden\u00e9, cesty a \u017eeleznice zablokovan\u00e9, sanitk\u00e1m a hasi\u010dom znemo\u017enili pr\u00e1cu.<\/p>\n<p>Pri \u00fatokoch na vojensk\u00e9 jednotky a arm\u00e1dne kontroln\u00e9 stanovi\u0161tia sa gangy pok\u00fa\u0161ali zaja\u0165 zbrane a vojensk\u00e9 vybavenie. V Almaty a \u010fal\u0161\u00edch mest\u00e1ch sa rozp\u00fatali skuto\u010dn\u00e9 boje. Boje v okol\u00ed budovy ministerstva vn\u00fatra v meste Almaty napr\u00edklad pokra\u010dovali dve noci. Policajti odrazili teroristick\u00e9 \u00fatoky. Len v Almaty bolo vyrabovan\u00fdch sedem skladov zbran\u00ed. I\u0161lo o \u00fatoky dobre vycvi\u010den\u00fdch profesion\u00e1lov vr\u00e1tane ostre\u013eova\u010dov so \u0161peci\u00e1lnymi pu\u0161kami.<\/p>\n<p>Teroristi pou\u017e\u00edvali vlastn\u00e9 komunika\u010dn\u00e9 prostriedky a nosili vojensk\u00e9 a policajn\u00e9 uniformy. Cynicky pou\u017eili demon\u0161trantov ako \u013eudsk\u00e9 \u0161t\u00edty. Banditi v prevahe najmenej p\u00e4\u0165 na jedn\u00e9ho za\u00fato\u010dili na policajtov a vojakov, pri\u010dom ich obzvl\u00e1\u0161\u0165 surovo zbili a dvom vojakom s\u0165ali hlavy. Do\u0161lo k barbarsk\u00fdm \u00fatokom na nemocnice.<\/p>\n<p>S cie\u013eom roztrie\u0161ti\u0165 zdroje \u0161t\u00e1tu sa organiz\u00e1tori \u00fatoku spoliehali na \u010do naj\u0161ir\u0161\u00ed front. Agresia zasiahla jeden\u00e1s\u0165 regi\u00f3nov s\u00fa\u010dasne, ale hlavn\u00fd \u00fatok smeroval proti Almaty. Ako viete, toto je na\u0161e najv\u00e4\u010d\u0161ie mesto a finan\u010dn\u00e9 centrum krajiny, kde sa nach\u00e1dzaj\u00fa hlavn\u00e9 dopravn\u00e9 a komunika\u010dn\u00e9 uzly. P\u00e1d tohto mesta by vydl\u00e1\u017edil cestu k zajatiu cel\u00e9ho husto os\u00eddlen\u00e9ho juhu a potom celej krajiny. Teroristi r\u00e1tali s t\u00fdm, \u017ee bezpe\u010dnostn\u00e9 sily pritiahnu k sebe, aby potom mohli za\u00fato\u010di\u0165 na kaza\u0161sk\u00fa metropolu. V okol\u00ed s\u00eddla prezidenta sme videli skupinky bojovn\u00edkov. V podstate i\u0161lo o plnohodnotn\u00fa teroristick\u00fa vojnu veden\u00fa proti n\u00e1\u0161mu \u0161t\u00e1tu r\u00f4znymi met\u00f3dami.<\/p>\n<p>To si od n\u00e1s vy\u017eiadalo bezprecedentn\u00e9 opatrenia. Kaza\u0161sk\u00fdm bezpe\u010dnostn\u00fdm sil\u00e1m sa podarilo vo ve\u013emi kr\u00e1tkom \u010dase zmobilizova\u0165 \u00fato\u010dn\u00edkov a dosta\u0165 situ\u00e1ciu pod kontrolu. \u017dia\u013e, cena bola ve\u013emi vysok\u00e1 \u2013 medzi poriadkov\u00fdmi silami a civiln\u00fdm obyvate\u013estvom boli obete. Zahynulo 16 pr\u00edslu\u0161n\u00edkov bezpe\u010dnostn\u00fdch s\u00edl a viac ako 1300 bolo zranen\u00fdch. \u017dia\u013e, do\u0161lo aj k civiln\u00fdm obetiam \u2013 presn\u00fd po\u010det sa st\u00e1le upres\u0148uje.<\/p>\n<p>V celej krajine bolo po\u0161koden\u00fdch 1 270 podnikov. Vydrancovan\u00fdch bolo viac ako 100 n\u00e1kupn\u00fdch centier a b\u00e1nk. Len okolo 500 policajn\u00fdch vozidiel bolo po\u0161koden\u00fdch a zhoren\u00fdch. Vznikli obrovsk\u00e9 materi\u00e1lne \u0161kody, ktor\u00fdch rozsah vy\u0161etruje \u0161peci\u00e1lna vl\u00e1dna komisia.<\/p>\n<p>Som si ist\u00fd, \u017ee teroristi, vr\u00e1tane zahrani\u010dn\u00fdch bojovn\u00edkov, boli priamo zapojen\u00ed do agresie proti Kazachstanu. Nie je n\u00e1hoda, \u017ee banditi v noci prepadli m\u00e1rnice a vzali tel\u00e1 svojich m\u0155tvych komplicov. Tel\u00e1 svojich bojovn\u00edkov odn\u00e1\u0161ali aj priamo z bojov. Toto je be\u017en\u00e1 prax medzin\u00e1rodn\u00fdch teroristov zn\u00e1meho p\u00f4vodu: takto zakr\u00fdvaj\u00fa stopy. Jednozna\u010dne existuje pl\u00e1n na vytvorenie z\u00f3ny chaosu na na\u0161om \u00fazem\u00ed a n\u00e1sledn\u00e9ho prevzatia moci.<\/p>\n<p>Na z\u00e1klade rozhodnutia Bezpe\u010dnostnej rady Kazachstanu na z\u00e1klade komplexnej anal\u00fdzy zo strany org\u00e1nov \u010dinn\u00fdch v trestnom konan\u00ed a spravodajsk\u00fdch slu\u017eieb bola situ\u00e1cia klasifikovan\u00e1 ako teroristick\u00e1 hrozba a agres\u00edvny \u010din. Udalosti v Kazachstane boli kritick\u00e9. Almaty a dev\u00e4\u0165 region\u00e1lnych centier padlo do r\u00fak banditov. Vyhl\u00e1sili sme protiteroristick\u00fa oper\u00e1ciu.<\/p>\n<p>Kazachstan po\u017eiadal ODKB o pomoc. T\u00e1to \u017eiados\u0165 pri\u0161la v prav\u00fd \u010das. Ke\u010f sa militanti dozvedeli o pr\u00edlete troch vojensk\u00fdch transportn\u00fdch lietadiel do hlavn\u00e9ho mesta, vzdali sa pl\u00e1nov doby\u0165 prezidentsk\u00fa rezidenciu. To n\u00e1m dalo pr\u00edle\u017eitos\u0165 posla\u0165 \u010fal\u0161ie sily do Almaty a oslobodi\u0165 mesto od teroristov.<\/p>\n<p>V s\u00falade s rozhodnut\u00edm Kolekt\u00edvnej bezpe\u010dnostnej rady boli v Kazachstane rozmiestnen\u00e9 kolekt\u00edvne mierov\u00e9 sily ODKB s 2030 osobami a 250 vozidlami, ktor\u00e9 za\u010dali plni\u0165 svoje \u00falohy. Zabezpe\u010duj\u00fa ochranu a bezpe\u010dnos\u0165 let\u00edsk, vojensk\u00fdch t\u00e1borov a in\u00fdch strategick\u00fdch objektov. \u010coskoro si vypo\u010dujeme spr\u00e1vu od gener\u00e1lneho tajomn\u00edka ODKB o situ\u00e1cii a plnen\u00fdch \u00faloh\u00e1ch.<\/p>\n<p>Vyhl\u00e1senia prezidenta Kazachstanu Tokajeva. <\/p>\n<hr>\n<p>Vraj tento text nechcel zverejni\u0165 ani Spiegel. Je tam aj cel\u00fd text debila Luka\u0161enka, ale ten u n\u00e1\u0161 nem\u00e1 miesto! Prelo\u017eil to prorusk\u00fd trol v USA, Gordon Blue Duff, antisemita!<\/p>\n<p>T\u00fato knihu pred\u00e1vaj\u00fa americk\u00ed prorusk\u00ed vlastizradcovia Veterans Today, ale ich hlavnou knihu predaja je \u0161ialen\u00e1 Ruth Gainsbourg!!<\/p>\n<p><img decoding=\"async\" class=\"cento\" id=\"imog2\" src=\"\/image\/trump-book.jpg\" alt=\"Betrayal: The Final Act of Trump Show \" \/><\/p>\n<p>Starod\u00e1vna in\u0161tal\u00e1cia Antarktida!!<\/p>\n<p><img decoding=\"async\" class=\"cento\" id=\"imog2\" src=\"\/image\/antar73.jpg\" alt=\"Starod\u00e1vna in\u0161tal\u00e1cia Antarktida\" \/><\/p>\n","protected":false},"excerpt":{"rendered":"<p>Vyhl\u00e1senie kaza\u0161sk\u00e9ho prezidenta Tokajeva cel\u00fd text, 10. janu\u00e1ra 2022, aby sme vedeli \u010do mu prik\u00e1zal Putin hovori\u0165. Sranda na tom je, \u017ee ani slovo o \u0161oro\u0161ovi, ameri\u010danoch Bidena, ako to chceli \u010darnogur\u00e1kov\u00e9 debiln\u00e9 prorusk\u00e9 hlavn\u00e9 spr\u00e1vy a hlavn\u00fd denn\u00edk. Toto nikde nen\u00e1jdete v celku len tu, lebo sme to zb\u00fachali z prorusk\u00e9ho Sputniknews US pl\u00e1tku [&hellip;]<\/p>\n","protected":false},"author":1,"featured_media":0,"comment_status":"closed","ping_status":"open","sticky":false,"template":"","format":"standard","meta":{"footnotes":""},"categories":[5],"tags":[],"class_list":["post-21754","post","type-post","status-publish","format-standard","hentry","category-exo-news"],"_links":{"self":[{"href":"https:\/\/extraslovensko.sk\/spravy\/wp-json\/wp\/v2\/posts\/21754","targetHints":{"allow":["GET"]}}],"collection":[{"href":"https:\/\/extraslovensko.sk\/spravy\/wp-json\/wp\/v2\/posts"}],"about":[{"href":"https:\/\/extraslovensko.sk\/spravy\/wp-json\/wp\/v2\/types\/post"}],"author":[{"embeddable":true,"href":"https:\/\/extraslovensko.sk\/spravy\/wp-json\/wp\/v2\/users\/1"}],"replies":[{"embeddable":true,"href":"https:\/\/extraslovensko.sk\/spravy\/wp-json\/wp\/v2\/comments?post=21754"}],"version-history":[{"count":0,"href":"https:\/\/extraslovensko.sk\/spravy\/wp-json\/wp\/v2\/posts\/21754\/revisions"}],"wp:attachment":[{"href":"https:\/\/extraslovensko.sk\/spravy\/wp-json\/wp\/v2\/media?parent=21754"}],"wp:term":[{"taxonomy":"category","embeddable":true,"href":"https:\/\/extraslovensko.sk\/spravy\/wp-json\/wp\/v2\/categories?post=21754"},{"taxonomy":"post_tag","embeddable":true,"href":"https:\/\/extraslovensko.sk\/spravy\/wp-json\/wp\/v2\/tags?post=21754"}],"curies":[{"name":"wp","href":"https:\/\/api.w.org\/{rel}","templated":true}]}}