{"id":23157,"date":"2022-03-01T20:17:41","date_gmt":"2022-03-01T20:17:41","guid":{"rendered":"https:\/\/extraslovensko.sk\/spravy\/?p=23157"},"modified":"2022-03-01T20:17:41","modified_gmt":"2022-03-01T20:17:41","slug":"kgbak-putin-oznacil-ukrajinsku-vladu-za-nazi-toto-nie-je-pravda","status":"publish","type":"post","link":"https:\/\/extraslovensko.sk\/spravy\/kgbak-putin-oznacil-ukrajinsku-vladu-za-nazi-toto-nie-je-pravda\/","title":{"rendered":"KGB\u00e1k Putin ozna\u010dil ukrajinsk\u00fa vl\u00e1du za nacistov, Toto nie je pravda, Kotleba do basy"},"content":{"rendered":"<p>KGB\u00e1k Putin ozna\u010dil ukrajinsk\u00fdch l\u00eddrov za nacistov a udalosti v Donbase ako genoc\u00eddu. Toto nie je pravdiv\u00e9, vyhl\u00e1senie v\u00fdskumn\u00edkov nacizmu, genoc\u00eddy, holokaustu a druhej svetovej vojny. KGB\u00e1k pri ohl\u00e1sen\u00ed ruskej inv\u00e1zie na Ukrajinu vyhl\u00e1sil, \u017ee jedn\u00fdm z cie\u013eov vojenskej agresie je \u201edenacifik\u00e1cia\u201c Ukrajiny. S\u00fa\u010dasn\u00e9 vedenie krajiny nazval \u201eneonacistmi\u201c a obvinil ho  z \u201egenoc\u00eddy\u201c obyvate\u013eov samozvanej D\u013dR a L\u013dR. Gener\u00e1lny tajomn\u00edk OSN s t\u00fdmto hodnoten\u00edm nes\u00fahlasil. <\/p>\n<h1>KGB\u00e1k Putin zle ozna\u010dil ukrajinsk\u00fa vl\u00e1du za nacistick\u00fa, Toto nie je pravda<\/h1>\n<p>KGB\u00e1k Putin je s\u00e1m fa\u0161ista, lebo sa riadi svojim idolom Mussolini fa\u0161istom Ivanom I\u013ejinom! \u00daplne do rehotu je, \u017ee pr\u00e1ve slovensk\u00ed neonacisti LSNS boli ozna\u010den\u00ed ruskou RT!! Tieto slovensk\u00e9 neonacistick\u00e9 prasat\u00e1 teraz sa boja basy, tak spustili kampa\u0148, \u017ee na vine je USA \ud83d\ude42<\/p>\n<p>Debil \u010darnogur\u00e1k nezah\u00e1\u013ea, tak tu m\u00e1 svoje Rusko a debila kotlebu po rusky:<\/p>\n<p><img decoding=\"async\" class=\"cento\" id=\"imog2\" src=\"\/image\/nazikoko.jpg\" alt=\"Neonacisti boli po prv\u00fd raz zvolen\u00ed do slovensk\u00e9ho parlamentu\" \/><\/p>\n<p>Vraj kto bude ozna\u010dova\u0165 Kotlebu na nacistu riskuje prehru na s\u00fade \ud83d\ude42<br \/>\nZa neonacistu ho ozna\u010dili Rusi \ud83d\ude42<\/p>\n<p>S neonacistick\u00fdmi prasatami sa kamar\u00e1ti komunista bl\u00e1ha, Nie\u010do tu nesed\u00ed??!!!  \ud83d\ude42<\/p>\n<p>Ale sed\u00ed, sed\u00ed, t\u00edto Vatik\u00e1nski Jezuiti, Maltezsk\u00ed Rytieri chc\u00fa rozbi\u0165 Slovensko na k\u00fasky!<\/p>\n<p>A to od za\u010diatku, preto m\u00e1me 1.488 politick\u00fdch str\u00e1n, aby sa to nedalo da\u0165 dokopy.<\/p>\n<hr>\n<p>A teraz popredn\u00ed svetov\u00ed b\u00e1datelia hist\u00f3rie 2. svetovej vojny, holokaustu, genoc\u00eddy a nacizmu vyst\u00fapili proti vypuknutiu vojny pod z\u00e1mienkou boja proti neonacizmu a genoc\u00edde. V \u017eidovskom \u010dasopise zverejnili vyhl\u00e1senie v angli\u010dtine a ru\u0161tine, ktor\u00e9 podp\u00edsalo takmer 150 historikov. <\/p>\n<h2>Vyhl\u00e1senie vedcov, ktor\u00ed \u0161tuduj\u00fa hist\u00f3riu genoc\u00eddy, nacizmu a druhej svetovej vojny<\/h2>\n<p>Ozbrojen\u00e9 sily Ruskej feder\u00e1cie ved\u00fa od 24. febru\u00e1ra nevyprovokovan\u00fa vojensk\u00fa agresiu proti Ukrajine. Tento \u00fatok je pokra\u010dovan\u00edm ruskej anexie Krymu v roku 2014 a jeho akt\u00edvnej \u00fa\u010dasti v ozbrojenom konflikte na Donbase.<\/p>\n<p>Rusk\u00fd \u00fatok na Ukrajinu sa za\u010dal po tom, \u010do prezident Putin obvinil ukrajinsk\u00fa vl\u00e1du z \u00fadajn\u00fdch zlo\u010dinov proti \u013eudskosti a genoc\u00eddy na Donbase. Rusk\u00e1 propaganda neust\u00e1le prezentuje vodcov Ukrajiny ako nacistov a fa\u0161istov, ktor\u00ed \u00fadajne utl\u00e1\u010daj\u00fa miestne rusk\u00e9 obyvate\u013estvo, ktor\u00e9 \u201etreba oslobodi\u0165\u201c. Prezident Putin povedal, \u017ee jedn\u00fdm z cie\u013eov jeho \u201evojenskej \u0161peci\u00e1lnej oper\u00e1cie\u201c proti Ukrajine je jej \u201edenacifik\u00e1cia\u201c.<\/p>\n<p>Signat\u00e1ri tohto listu s\u00fa v\u00fdskumn\u00edci, ktor\u00ed sa zaoberaj\u00fa \u0161t\u00fadiom hist\u00f3rie genoc\u00eddy, holokaustu a druhej svetovej vojny. Na\u0161e odborn\u00e9 aktivity sme zasv\u00e4tili \u0161t\u00fadiu fa\u0161izmu a nacizmu a zve\u010d\u0148ovaniu pamiatky ich obet\u00ed. Mnoh\u00ed z n\u00e1s s\u00fa zapojen\u00ed do akt\u00edvneho boja proti dedi\u010dom t\u00fdchto krut\u00fdch re\u017eimov a t\u00fdm, ktor\u00ed sa sna\u017eia poprie\u0165 alebo ututla\u0165 svoje zlo\u010diny.<\/p>\n<p>D\u00f4razne odmietame cynick\u00e9 zneu\u017e\u00edvanie term\u00ednu \u201egenoc\u00edda\u201c zo strany rusk\u00e9ho re\u017eimu, jeho zneu\u017e\u00edvanie spomienky na 2. svetov\u00fa vojnu a holokaust a pokusy prirovn\u00e1va\u0165 ukrajinsk\u00fd \u0161t\u00e1t k nacistick\u00e9mu re\u017eimu s cie\u013eom ospravedlni\u0165 nevyprovokovan\u00fa agresiu Ruska. Tak\u00e1to r\u00e9torika nie je podlo\u017een\u00e1 \u017eiadnymi faktami, je mor\u00e1lne ohavn\u00e1 a hlboko ur\u00e1\u017eliv\u00e1 pre pamiatku mili\u00f3nov obet\u00ed nacizmu a t\u00fdch, ktor\u00ed proti nemu odv\u00e1\u017ene bojovali, vr\u00e1tane rusk\u00fdch a ukrajinsk\u00fdch vojakov \u010cervenej arm\u00e1dy.<\/p>\n<p>Ukrajinsk\u00fd \u0161t\u00e1t a spolo\u010dnos\u0165 si neidealizujeme. Ako v ka\u017edej inej krajine, aj tu existuj\u00fa krajne pravicov\u00e9 prvky a skupiny, ktor\u00e9 vyzn\u00e1vaj\u00fa n\u00e1silie a xenof\u00f3biu. Ukrajina tie\u017e potrebuje otvorenej\u0161\u00ed poh\u013ead na temn\u00e9 str\u00e1nky svojej bolestivej a zlo\u017eitej hist\u00f3rie. Ale ni\u010d z toho neospravedl\u0148uje rusk\u00fa agresiu a skres\u013eovanie toho, \u010do Ukrajina je.<\/p>\n<p>V tejto osudovej chv\u00edli spolo\u010dne stoj\u00edme za slobodn\u00fa, nez\u00e1visl\u00fa a demokratick\u00fa Ukrajinu a d\u00f4razne odmietame zlomyse\u013en\u00e9 skres\u013eovanie hist\u00f3rie 2. svetovej vojny ruskou vl\u00e1dou na ospravedlnenie vlastn\u00e9ho n\u00e1silia.<\/p>\n<p>Ve\u010der 1. marca do\u0161lo v bl\u00edzkosti telev\u00edznej ve\u017ee v Kyjeve k najmenej dvom v\u00fdbuchom. Pod\u013ea ukrajinsk\u00fdch \u00faradov n\u00e1boje &#8220;zasiahli vel\u00edn vysielate\u013ea&#8221;, \u010do sp\u00f4sobilo probl\u00e9my s vysielan\u00edm niektor\u00fdch telev\u00edznych kan\u00e1lov.<\/p>\n<h1>Nikdy never rusovi, ani nos medzi o\u010dami<\/h1>\n<hr>\n<p>Rusko prehralo t\u00fato vojnu mor\u00e1lne, len t\u00fdm, \u017ee ju za\u010dalo. Bez oh\u013eadu na udalosti na bojisk\u00e1ch Rusko t\u00fato vojnu prehralo ako politick\u00e1, hospod\u00e1rska a soci\u00e1lna jednotka, ako krajina, ako s\u00fa\u010das\u0165 sveta. Kedysi n\u00e1s slovo vojna &#8211; bez upresnenia &#8211; zvy\u010dajne odkazovalo na Ve\u013ek\u00fa vlasteneck\u00fa vojnu. Teraz m\u00e1 toto slovo in\u00fd v\u00fdznam. Vojna bez kvalifik\u00e1cie a pr\u00edvlastkov je vojna, ktor\u00fa rozp\u00fatal a v\u010faka ktorej som ja a v\u0161etci Rusi zodpovedn\u00ed za katastrofu, ktor\u00fa vytvoril.<\/p>\n<p>KGB8k Putin Otr\u00e1vil nielen seba, ale aj Rusko. Predur\u010dil opovrhnutie  s ktor\u00fdm sa bud\u00fa v\u0161etci na svete pozera\u0165 nielen na neho, ale aj na n\u00e1s, Rusov a Rusov. E\u0161te ve\u013ea rokov nebudeme m\u00f4c\u0165 presved\u010di\u0165 svet, \u017ee \u201emy nie sme tak\u00ed\u201c, \u017ee \u201etoto nie sme my\u201c. E\u0161te ve\u013ea rokov \u2013 po Putinovi, budeme musie\u0165 v Rusku vybudova\u0165 soci\u00e1lny syst\u00e9m, bez politick\u00fdch dekor\u00e1ci\u00ed a v\u00fdmyslov.<\/p>\n<p>Maxim Trudolyubov<\/p>\n","protected":false},"excerpt":{"rendered":"<p>KGB\u00e1k Putin ozna\u010dil ukrajinsk\u00fdch l\u00eddrov za nacistov a udalosti v Donbase ako genoc\u00eddu. Toto nie je pravdiv\u00e9, vyhl\u00e1senie v\u00fdskumn\u00edkov nacizmu, genoc\u00eddy, holokaustu a druhej svetovej vojny. KGB\u00e1k pri ohl\u00e1sen\u00ed ruskej inv\u00e1zie na Ukrajinu vyhl\u00e1sil, \u017ee jedn\u00fdm z cie\u013eov vojenskej agresie je \u201edenacifik\u00e1cia\u201c Ukrajiny. S\u00fa\u010dasn\u00e9 vedenie krajiny nazval \u201eneonacistmi\u201c a obvinil ho z \u201egenoc\u00eddy\u201c obyvate\u013eov samozvanej [&hellip;]<\/p>\n","protected":false},"author":1,"featured_media":0,"comment_status":"closed","ping_status":"open","sticky":false,"template":"","format":"standard","meta":{"footnotes":""},"categories":[8],"tags":[],"class_list":["post-23157","post","type-post","status-publish","format-standard","hentry","category-meduza"],"_links":{"self":[{"href":"https:\/\/extraslovensko.sk\/spravy\/wp-json\/wp\/v2\/posts\/23157","targetHints":{"allow":["GET"]}}],"collection":[{"href":"https:\/\/extraslovensko.sk\/spravy\/wp-json\/wp\/v2\/posts"}],"about":[{"href":"https:\/\/extraslovensko.sk\/spravy\/wp-json\/wp\/v2\/types\/post"}],"author":[{"embeddable":true,"href":"https:\/\/extraslovensko.sk\/spravy\/wp-json\/wp\/v2\/users\/1"}],"replies":[{"embeddable":true,"href":"https:\/\/extraslovensko.sk\/spravy\/wp-json\/wp\/v2\/comments?post=23157"}],"version-history":[{"count":0,"href":"https:\/\/extraslovensko.sk\/spravy\/wp-json\/wp\/v2\/posts\/23157\/revisions"}],"wp:attachment":[{"href":"https:\/\/extraslovensko.sk\/spravy\/wp-json\/wp\/v2\/media?parent=23157"}],"wp:term":[{"taxonomy":"category","embeddable":true,"href":"https:\/\/extraslovensko.sk\/spravy\/wp-json\/wp\/v2\/categories?post=23157"},{"taxonomy":"post_tag","embeddable":true,"href":"https:\/\/extraslovensko.sk\/spravy\/wp-json\/wp\/v2\/tags?post=23157"}],"curies":[{"name":"wp","href":"https:\/\/api.w.org\/{rel}","templated":true}]}}