{"id":23387,"date":"2022-03-05T14:41:37","date_gmt":"2022-03-05T14:41:37","guid":{"rendered":"https:\/\/extraslovensko.sk\/spravy\/?p=23387"},"modified":"2022-03-05T14:41:37","modified_gmt":"2022-03-05T14:41:37","slug":"emmanuel-macron-sa-uchadza-o-znovuzvolenie-aspon-nie-je-fasista-ako-le-pen","status":"publish","type":"post","link":"https:\/\/extraslovensko.sk\/spravy\/emmanuel-macron-sa-uchadza-o-znovuzvolenie-aspon-nie-je-fasista-ako-le-pen\/","title":{"rendered":"Emmanuel Macron sa uch\u00e1dza o znovuzvolenie, aspo\u0148 nie je fa\u0161ista ako Le Pen"},"content":{"rendered":"<p>Emmanuel Macron sa uch\u00e1dza o znovuzvolenie za prezidenta Franc\u00fazska, aspo\u0148 nie je fa\u0161ista ako Le Penka. Je ve\u013emi pravdepodobn\u00e9, \u017ee franc\u00fazsky prezident si udr\u017e\u00ed svoju funkciu. Kkazuje sa, \u017ee ide o jednu z najkrat\u0161\u00edch a najpodivnej\u0161\u00edch prezidentsk\u00fdch volebn\u00fdch kampan\u00ed vo Franc\u00fazsku v modernej dobe. Emmanuel Macron, \u00faraduj\u00faci prezident, e\u0161te nevyhl\u00e1sil, \u017ee sa uch\u00e1dza o znovuzvolenie, ke\u010f\u017ee The Economist i\u0161iel do tla\u010de 3. marca, de\u0148 pred uz\u00e1vierkou.<\/p>\n<h1>Emmanuel Macron sa znovu uch\u00e1dza o znovuzvolenie, aspo\u0148 nie je fa\u0161ista, antisemita ako Le Pen<\/h1>\n<p>V\u0161etk\u00fdm t\u00fdmto debiln\u00fdm antisemitom poslali Rusi falo\u0161n\u00e9 Sionsk\u00e9 protokoly ako v moslimsk\u00fdch krajin\u00e1ch a cococtovi rostasovi ich doniesol osobne debil Pa\u013ecev, taky!<\/p>\n<p>Pod\u013ea asistentov ho rozpty\u013eovali kr\u00edzy: prudk\u00fd n\u00e1rast pr\u00edpadov Covid-19 v janu\u00e1ri a potom m\u00e1rne \u00fasilie presved\u010di\u0165 Vladimira Putina, aby nenapadol Ukrajinu. Jeho oneskoren\u00fd vstup znamen\u00e1, \u017ee p\u00f4jde len o p\u00e4\u0165t\u00fd\u017ed\u0148ov\u00fa kampa\u0148 v plnom obsaden\u00ed na pozad\u00ed vojny v Eur\u00f3pe. Oba faktory bud\u00fa pravdepodobne favorizova\u0165 Macrona.<\/p>\n<p>Za predpokladu, \u017ee vyhl\u00e1si, prezident bude favoritom. 2. marca predpovedn\u00fd model  Economist stanovil \u0161ance p\u00e1na Macrona na znovuzvolenie na 88 %. Nazna\u010duje to, \u017ee jeho najpravdepodobnej\u0161ou s\u00faperkou v druhom kole je Marine Le Penov\u00e1, nacionalistka-populistka, ktor\u00fa porazil v druhom kole v roku 2017. \u010eal\u0161\u00edm najpravdepodobnej\u0161\u00edm je teraz Eric Zemmour. Krajne pravicov\u00fd polemik, ktor\u00fd s\u013eubuje, \u017ee \u201ezachr\u00e1ni Franc\u00fazsko\u201c pred nebezpe\u010denstvom imigr\u00e1cie a islamu, bol ods\u00faden\u00fd za podnecovanie k rasovej nen\u00e1visti.<\/p>\n<p>Naproti tomu model d\u00e1va len 12 % \u0161ance, \u017ee sa Macron namiesto toho stretne s Val\u00e9rie P\u00e9cresse, nominantkou stredoprav\u00fdch republik\u00e1nov. Sna\u017eila sa presadi\u0165 aj napriek nepretr\u017eit\u00e9mu predvolebn\u00e9mu turn\u00e9, ktor\u00e9 ju zaviedlo z Korziky do Normandie, a na ve\u013ekom zhroma\u017eden\u00ed v Par\u00ed\u017ei podala mimoriadne slab\u00fd v\u00fdkon. <\/p>\n<p>Pravdepodobnos\u0165, \u017ee Macron bude \u010deli\u0165 Jean-Lucovi M\u00e9lenchonovi, tvrdo \u013eavicov\u00e9mu ohnivcovi, ktor\u00fd v prieskumoch rastie, je st\u00e1le ni\u017e\u0161ia. Spomedzi t\u00fdchto uch\u00e1dza\u010dov n\u00e1\u0161 model v s\u00fa\u010dasnosti nazna\u010duje, \u017ee najv\u00e4\u010d\u0161ia potenci\u00e1lna v\u00fdzva pre p\u00e1na Macrona by pri\u0161la z duelu proti pani Le Penovej. Aj potom s\u00fa \u0161ance v jeho prospech.<\/p>\n<p>Napriek tomu p\u00e1n Macron ve\u013emi dobre vie, \u017ee si nem\u00f4\u017ee dovoli\u0165 by\u0165 spokojn\u00fd ani triumf\u00e1lny. Niekdaj\u0161\u00ed investi\u010dn\u00fd bank\u00e1r a b\u00fdval\u00fd minister hospod\u00e1rstva trp\u00ed t\u00fdm, \u017ee ho vn\u00edmaj\u00fa ako vzdialen\u00e9ho a vzdialen\u00e9ho, \u200b\u200b\u010do je obraz, ktor\u00fd si vypestoval po n\u00e1stupe do \u00faradu. Hoci si 52 % Franc\u00fazov mysl\u00ed, \u017ee m\u00e1 \u201epostavu prezidenta\u201c, len 32 % tvrd\u00ed, \u017ee je \u201ebl\u00edzko z\u00e1ujmom \u013eud\u00ed\u201c. <\/p>\n<p>Mnoh\u00ed z \u013eavicov\u00fdch str\u00e1n ho st\u00e1le posudzuj\u00fa ako prezidenta zbohatnutia, a to kv\u00f4li jeho skor\u00e9mu zn\u00ed\u017eeniu dan\u00ed, aj ke\u010f v jeho sledovan\u00ed priemern\u00e9 \u010dist\u00e9 pr\u00edjmy dom\u00e1cnost\u00ed vzr\u00e1stli. Z\u00e1klad\u0148a voli\u010dov p\u00e1na Macrona v prvom kole vyzer\u00e1 pozoruhodne stabilne. Ale v s\u00faboji proti pani Le Penovej alebo p\u00e1novi Zemmourovi bude musie\u0165 siahnu\u0165 \u010falej, najm\u00e4 k voli\u010dom \u013eavice, ktor\u00ed by inak mohli by\u0165 v poku\u0161en\u00ed zosta\u0165 zdesen\u00ed doma.<\/p>\n<p>Vojna na Ukrajine zmierni t\u00f3n kampane. Pl\u00e1ny, aby p\u00e1n Macron usporiadal v Marseille prv\u00e9 skvel\u00e9 zhroma\u017edenie, u\u017e boli odlo\u017een\u00e9. Ako kandid\u00e1t nepochybne udrie na sl\u00e1vnostn\u00fa n\u00f4tu a zd\u00f4razn\u00ed \u2013 prirodzene \u2013 cnosti stability a sk\u00fasenosti. Vojna tie\u017e stla\u010d\u00ed \u010das, ktor\u00fd str\u00e1vi na ceste kampane. \u201eV\u0161etko je vo vzduchu,\u201c hovor\u00ed Roland Lescure, poslanec z Macronovej strany La R\u00e9publique en Marche a \u010dlen jeho volebn\u00e9ho t\u00edmu. &#8220;D\u00fafal som, \u017ee v\u00e4\u010d\u0161inu \u010dasu budeme ma\u0165 kandid\u00e1ta a nejak\u00fd \u010das prezidenta, ale bude to naopak.&#8221;<\/p>\n<blockquote><p>Agresia Vladimira Putina odhalila aj rozpory niektor\u00fdch hlavn\u00fdch oponentov p\u00e1na Macrona. <\/p><\/blockquote>\n<p>Pre svoju kampa\u0148 pani Le Penov\u00e1 vytla\u010dila 1,2 mili\u00f3na k\u00f3pi\u00ed bro\u017e\u00fary, ktor\u00e1 hrdo obsahovala fotografiu, ako si pod\u00e1va ruku s p\u00e1nom Putinom v Kremli. V roku 2014 si vzala p\u00f4\u017ei\u010dku na kampa\u0148 od ruskej banky. Pani Le Penov\u00e1 teraz rozpa\u010dito uznala, \u017ee spr\u00e1vanie p\u00e1na Putina je \u201e\u00faplne neobh\u00e1jite\u013en\u00e9\u201c. P\u00e1n Zemmour raz povedal, \u017ee \u201esn\u00edval\u201c o existencii \u201efranc\u00fazskeho Putina\u201c a minul\u00fd mesiac tvrdil, \u017ee rozmiestnenie viac ako 100 000 vojakov na ruskej hranici s Ukrajinou bolo \u201elegit\u00edmne\u201c. Na rozdiel od pani Le Penovej je dokonca proti tomu, aby sa ukrajinsk\u00fdch ute\u010dencov vo Franc\u00fazsku v\u00edtalo.<\/p>\n<p>Druh\u00fdm extr\u00e9mom je tvrdo \u013eavicov\u00fd p\u00e1n M\u00e9lenchon, ktor\u00fd sa nach\u00e1dzal na anan\u00e1sovej plant\u00e1\u017ei na franc\u00fazskom ostrove La R\u00e9union, ke\u010f sa rusk\u00e9 tanky valili na Ukrajinu, a bol u\u017e dlho fascinovan\u00fd siln\u00fdmi osobnos\u0165ami, ak\u00fdmi s\u00fa p\u00e1n Putin a venezuelsk\u00fd Nicol\u00e1s Maduro. Hoci p\u00e1n M\u00e9lenchon teraz ods\u00fadil agres\u00edvnos\u0165 p\u00e1na Putina, z\u00e1rove\u0148 tvrdil, \u017ee Amerika a nato ju vyprovokovali hrozbou \u201eanektovania\u201c Ukrajiny. Rovnako ako pani Le Penov\u00e1 a p\u00e1n Zemmour chce vytiahnu\u0165 Franc\u00fazsko z integrovan\u00e9ho vojensk\u00e9ho velenia Nato.<\/p>\n<p>\u010co sa t\u00fdka p\u00e1na Macrona, v posledn\u00fdch mesiacoch bol nezvestn\u00fdm hos\u0165om ka\u017edej diskusnej rel\u00e1cie o kampani. Jeho rivali str\u00e1vili ve\u013ea \u010dasu tr\u00e1pen\u00edm sa nad pris\u0165ahovalectvom a usaden\u00edm sa do jeho prezidentsk\u00e9ho \u00faradu. M\u00f4\u017ee by\u0165 nemilovan\u00fd, ale Macronovi sa teraz dost\u00e1va nevra\u017eiv\u00e9ho re\u0161pektu. Nepodarilo sa mu zastavi\u0165 vojnu p\u00e1na Putina, no Franc\u00fazi mu pripisuj\u00fa z\u00e1sluhy za pokus. Cel\u00fdch 58 % si mysl\u00ed, \u017ee sa v s\u00favislosti s Ukrajinou \u201epostavil proti v\u00fdzve\u201c. <\/p>\n<p>Vo franc\u00fazskych o\u010diach vojna odha\u013euje potrebu Eur\u00f3py posilni\u0165 svoju strategick\u00fa kapacitu, \u010do je dlhotrvaj\u00faca prosba p\u00e1na Macrona. Vynalo\u017eil ve\u013ek\u00e9 prostriedky na ochranu pracovn\u00fdch miest a firiem po\u010das pand\u00e9mie a na kompenz\u00e1ciu dom\u00e1cnost\u00ed za infl\u00e1ciu spojen\u00fa s energiou; ekonomika sa pekne o\u017eivuje. Rozru\u0161enie nemo\u017eno nikdy vyl\u00fa\u010di\u0165. <\/p>\n<blockquote><p>Je v\u0161ak \u010doraz \u0165a\u017e\u0161ie pochopi\u0165, ako by si Macron bud\u00faci mesiac neudr\u017eal svoju pr\u00e1cu.<\/p><\/blockquote>\n","protected":false},"excerpt":{"rendered":"<p>Emmanuel Macron sa uch\u00e1dza o znovuzvolenie za prezidenta Franc\u00fazska, aspo\u0148 nie je fa\u0161ista ako Le Penka. Je ve\u013emi pravdepodobn\u00e9, \u017ee franc\u00fazsky prezident si udr\u017e\u00ed svoju funkciu. Kkazuje sa, \u017ee ide o jednu z najkrat\u0161\u00edch a najpodivnej\u0161\u00edch prezidentsk\u00fdch volebn\u00fdch kampan\u00ed vo Franc\u00fazsku v modernej dobe. Emmanuel Macron, \u00faraduj\u00faci prezident, e\u0161te nevyhl\u00e1sil, \u017ee sa uch\u00e1dza o znovuzvolenie, [&hellip;]<\/p>\n","protected":false},"author":1,"featured_media":0,"comment_status":"closed","ping_status":"open","sticky":false,"template":"","format":"standard","meta":{"footnotes":""},"categories":[5],"tags":[],"class_list":["post-23387","post","type-post","status-publish","format-standard","hentry","category-exo-news"],"_links":{"self":[{"href":"https:\/\/extraslovensko.sk\/spravy\/wp-json\/wp\/v2\/posts\/23387","targetHints":{"allow":["GET"]}}],"collection":[{"href":"https:\/\/extraslovensko.sk\/spravy\/wp-json\/wp\/v2\/posts"}],"about":[{"href":"https:\/\/extraslovensko.sk\/spravy\/wp-json\/wp\/v2\/types\/post"}],"author":[{"embeddable":true,"href":"https:\/\/extraslovensko.sk\/spravy\/wp-json\/wp\/v2\/users\/1"}],"replies":[{"embeddable":true,"href":"https:\/\/extraslovensko.sk\/spravy\/wp-json\/wp\/v2\/comments?post=23387"}],"version-history":[{"count":0,"href":"https:\/\/extraslovensko.sk\/spravy\/wp-json\/wp\/v2\/posts\/23387\/revisions"}],"wp:attachment":[{"href":"https:\/\/extraslovensko.sk\/spravy\/wp-json\/wp\/v2\/media?parent=23387"}],"wp:term":[{"taxonomy":"category","embeddable":true,"href":"https:\/\/extraslovensko.sk\/spravy\/wp-json\/wp\/v2\/categories?post=23387"},{"taxonomy":"post_tag","embeddable":true,"href":"https:\/\/extraslovensko.sk\/spravy\/wp-json\/wp\/v2\/tags?post=23387"}],"curies":[{"name":"wp","href":"https:\/\/api.w.org\/{rel}","templated":true}]}}