{"id":24010,"date":"2022-04-01T20:06:28","date_gmt":"2022-04-01T20:06:28","guid":{"rendered":"https:\/\/extraslovensko.sk\/spravy\/?p=24010"},"modified":"2022-04-01T20:06:28","modified_gmt":"2022-04-01T20:06:28","slug":"putin-sa-vyhraza-papezovi-vypnite-ten-hologram-kgbaka","status":"publish","type":"post","link":"https:\/\/extraslovensko.sk\/spravy\/putin-sa-vyhraza-papezovi-vypnite-ten-hologram-kgbaka\/","title":{"rendered":"Putin sa vyhr\u00e1\u017ea p\u00e1pe\u017eovi"},"content":{"rendered":"<p>KGB\u00e1k Putin sa vyhr\u00e1\u017ea p\u00e1pe\u017eovi, ak  p\u00f4jde do Kyjeva, ke\u010f\u017ee rusk\u00e1 telev\u00edzia ozn\u00e1mila, \u017ee 3. svetov\u00e1 vojna by mohla by\u0165 \u010doskoro rozp\u00fatan\u00e1 a bola by jadrov\u00e1. Adolf Putin sa pova\u017euje za ve\u013ek\u00e9ho obrancu pravosl\u00e1vnej viery na glob\u00e1lnej sc\u00e9ne a konflikt na Ukrajine je do istej miery z\u00e1pasom o to, ak\u00fd druh pravosl\u00e1via prevl\u00e1dne \u2013 ekumenick\u00e1, dialogick\u00e1 v\u00edzia kon\u0161tant\u00ednopolsk\u00e9ho patriarchu Bartolomeja I., tradi\u010dne \u201eprv\u00fd medzi rovn\u00fdmi\u201c v pravosl\u00e1vnom svete \u2013 alebo Krem\u013eom podporovan\u00e9 protiz\u00e1padn\u00e9 moskovsk\u00e9 pravosl\u00e1vie.<\/p>\n<h1>KGB\u00e1k Putin sa vyhr\u00e1\u017ea p\u00e1pe\u017eovi, ak  p\u00f4jde do Kyjeva<\/h1>\n<p>Ak je n\u00e1bo\u017eenstvo s\u00fa\u010das\u0165ou probl\u00e9mu, potom sa zd\u00e1 prirodzen\u00e9 d\u00fafa\u0165, \u017ee m\u00f4\u017ee by\u0165 aj s\u00fa\u010das\u0165ou rie\u0161enia. To vysvet\u013euje, pre\u010do sa od za\u010diatku konfliktu zameriaval na to, \u010do p\u00e1pe\u017e Franti\u0161ek a jeho vatik\u00e1nsky t\u00edm hovoria a robia \u2013 alebo v niektor\u00fdch pr\u00edpadoch na to, \u010do nehovoria a nerobia.<\/p>\n<p>Rusk\u00e1 vl\u00e1da si ne\u017eel\u00e1, aby p\u00e1pe\u017e Franti\u0161ek prijal pozvanie Volodymyra Zelensk\u00e9ho \u00eds\u0165 do Kyjeva, a dala Vatik\u00e1nu na vedomie, \u017ee cesta m\u00f4\u017ee sp\u00f4sobi\u0165 bezprecedentn\u00e9 nap\u00e4tie vo vz\u0165ahoch medzi Moskvou a p\u00e1pe\u017esk\u00fdm R\u00edmom. \u201eAk by teraz nav\u0161t\u00edvil Ukrajinu, urobil by l\u00e1skavos\u0165 nie tak Zelensk\u00e9mu, ale Spojen\u00fdm \u0161t\u00e1tom,\u201c znelo posolstvo odovzdan\u00e9 \u0160t\u00e1tnemu sekretari\u00e1tu Vatik\u00e1nu so slovami podr\u00e1\u017eden\u00fdmi aj znepokojen\u00fdmi.<\/p>\n<p>N\u00e1v\u0161teva Bergoglia v ukrajinskom hlavnom meste, ktor\u00e9 je teraz obklopen\u00e9 rusk\u00fdmi jednotkami, by, samozrejme, dala zmysel medzin\u00e1rodnej izol\u00e1cii, ktor\u00fa u\u017e KGB\u00e1k po svojej vojenskej agresii takmer obsedantne pre\u017e\u00edva. A aj ke\u010f je cesta vysoko nepravdepodobn\u00e1 z d\u00f4vodu nebezpe\u010denstva, ktor\u00e9mu by Bergoglio mohol \u010deli\u0165, napriek ubezpe\u010deniam Kyjeva o mo\u017en\u00fdch opatreniach na jeho ochranu by bolo potrebn\u00e9 \u201epr\u00edmerie\u201c na pokra\u010dovanie, a to je po vyhl\u00e1sen\u00ed Ruskej feder\u00e1cie takmer nemo\u017en\u00e9. ktor\u00fd nasledoval po telefon\u00e1te medzi p\u00e1pe\u017eom Franti\u0161kom a ukrajinsk\u00fdm prezidentom.<\/p>\n<p>Na jednej strane sa Francis nechal po\u010du\u0165, \u017ee je pripraven\u00fd urobi\u0165 \u010doko\u013evek, aby podporil vyjedn\u00e1vanie, ktor\u00e9 zastav\u00ed vojnu. Na druhej strane odchod do Kyjeva by sa nevyhnutne pova\u017eoval za podporu Putinov\u00fdch nepriate\u013eov zo strany Sv\u00e4tej stolice, ktor\u00e1 sa doteraz m\u00e1rne sna\u017eila sprostredkova\u0165 a zosta\u0165 neutr\u00e1lna.<\/p>\n<p>Existuje tie\u017e riziko zavle\u010denia katol\u00edkov do prebiehaj\u00faceho stretu medzi ukrajinsk\u00fdmi a rusk\u00fdmi pravosl\u00e1vnymi, \u010do je \u010fal\u0161\u00edm faktorom nap\u00e4tia v tomto politicko-n\u00e1bo\u017eenskom spore. V skuto\u010dnosti by bol Franti\u0161ek vn\u00edman\u00fd ako strana s protiruskou \u010das\u0165ou pravosl\u00e1vneho sveta. <\/p>\n<p>Z tohto d\u00f4vodu sa v posledn\u00fdch hodin\u00e1ch upustilo od mo\u017enosti n\u00e1v\u0161tevy Kyjeva Franti\u0161kom spolu s rusk\u00fdm patriarchom Kirillom, najm\u00e4 preto, \u017ee Kirill plne podporuje Putinovu inv\u00e1ziu na Ukrajinu a  jezuiti  Nov\u00e9ho sveta chc\u00fa obvini\u0165 patriarchu Kirilla z vojnov\u00fdch zlo\u010dinov.<\/p>\n<hr>\n<p>Predt\u00fdm vo svojom prvom verejnom vyhl\u00e1sen\u00ed po ruskom \u00fatoku z 24. febru\u00e1ra 2022 Kirill povedal, \u017ee <em>\u201ek\u0155de\u013e sa nach\u00e1dza v Rusku, na Ukrajine a v in\u00fdch krajin\u00e1ch\u201c<\/em>.<\/p>\n<p>Leo Zagami pre Kirilla: \u201eRusk\u00fd a ukrajinsk\u00fd n\u00e1rod maj\u00fa spolo\u010dn\u00fa st\u00e1ro\u010dn\u00fa hist\u00f3riu, ktor\u00e1 sa datuje od krstu Ruska knie\u017ea\u0165om sv. Vladim\u00edrom rovn\u00fdm apo\u0161tolom. Ver\u00edm, \u017ee t\u00e1to Bohom dan\u00e1 spriaznenos\u0165 pom\u00f4\u017ee prekona\u0165 rozpory a nezhody, ktor\u00e9 vznikli a ktor\u00e9 viedli k s\u00fa\u010dasn\u00e9mu konfliktu. Vyz\u00fdvam cel\u00fa plnos\u0165 Ruskej pravosl\u00e1vnej cirkvi, aby predniesla \u0161peci\u00e1lnu, vr\u00facnu modlitbu za r\u00fdchle obnovenie mieru.<\/p>\n<p>Jezuitmi ovl\u00e1dan\u00fd doktor Stephen Minas z The International Law Institute si v\u0161ak mysl\u00ed nie\u010do in\u00e9:<\/p>\n<p>\u201eNa Kirillovom hlase z\u00e1le\u017e\u00ed ako na \u010dele najv\u00e4\u010d\u0161ieho n\u00e1bo\u017eensk\u00e9ho org\u00e1nu v Rusku, ktor\u00fd si n\u00e1rokuje Ukrajinu za svoje \u201ekanonick\u00e9 \u00fazemie\u201c, v ktorom je hlboko prepojen\u00fd s programom  Putina a jeho re\u017eimu. Kirillovo dvojit\u00e9 rozpr\u00e1vanie o \u201eudalostiach, ktor\u00e9 sa odohr\u00e1vaj\u00fa\u201c nie je len ods\u00fadeniahodn\u00e9, mohlo by to dokonca predstavova\u0165 medzin\u00e1rodn\u00fd zlo\u010din. Je to kv\u00f4li d\u00f4le\u017eitosti n\u00e1bo\u017eenskej propagandy a podnecovania v tejto vojne. Kirill a jeho podriaden\u00ed roky \u0161\u00edrili tvrdenia o sprisahan\u00ed prenasledovania cirkvi Moskovsk\u00e9ho patriarch\u00e1tu na Ukrajine po udelen\u00ed autokef\u00e1lie (nez\u00e1vislosti) pravosl\u00e1vnej cirkvi Ukrajiny ekumenick\u00fdm patriarch\u00e1tom so s\u00eddlom v Istanbule.<\/p>\n<hr>\n<p>\u0160t\u00e1tna telev\u00edzia Adolfa Putina medzit\u00fdm odvysielala \u0161okuj\u00facu varovn\u00fa spr\u00e1vu, \u017ee by mohlo d\u00f4js\u0165 k \u201epriamej zr\u00e1\u017eke\u201c medzi Ruskom a Z\u00e1padom \u2013 a jadrov\u00e9 zbrane by bolo potrebn\u00e9 pou\u017ei\u0165 \u201e\u010di sa n\u00e1m to p\u00e1\u010di alebo nie\u201c. <\/p>\n<p>O\u013ega Skabejevov\u00e1, moder\u00e1torka \u0161t\u00e1tnej rel\u00e1cie Rossija 1 60 min\u00fat, povedala: \u201eAk \u010dlenovia NATO po\u0161l\u00fa <em>mierov\u00e9 jednotky<\/em> na Ukrajinu&#8230; Mali by pochopi\u0165, \u017ee to bude predstavova\u0165 priamy stret medzi ozbrojen\u00fdmi silami Ruska a NATO.<\/p>\n<blockquote><p>Apokalypsa sa odohr\u00e1va pred na\u0161imi o\u010dami a len Boh a Mesi\u00e1\u0161 n\u00e1s m\u00f4\u017eu zachr\u00e1ni\u0165, nie p\u00e1pe\u017e Franti\u0161ek alebo rusk\u00fd patriarcha Kirill &#8211; L. L. Zagami<\/p><\/blockquote>\n<p>Adolf KGB\u00e1k Putin sa vyhr\u00e1\u017ea cel\u00e9mu svetu, lebo Kirilov homosexu\u00e1lny k\u0155de\u013e sa nach\u00e1dza aj v in\u00fdch krajin\u00e1ch!<\/p>\n<h2>Vypnite kone\u010dne ten hologram KGB\u00e1ka a Bl\u00e1hu<\/h2>\n<p><img decoding=\"async\" class=\"cento\" src=\"\/image\/pochopit.jpg\" alt=\"hologram KGB\u00e1ka\" \/><\/p>\n","protected":false},"excerpt":{"rendered":"<p>KGB\u00e1k Putin sa vyhr\u00e1\u017ea p\u00e1pe\u017eovi, ak p\u00f4jde do Kyjeva, ke\u010f\u017ee rusk\u00e1 telev\u00edzia ozn\u00e1mila, \u017ee 3. svetov\u00e1 vojna by mohla by\u0165 \u010doskoro rozp\u00fatan\u00e1 a bola by jadrov\u00e1. Adolf Putin sa pova\u017euje za ve\u013ek\u00e9ho obrancu pravosl\u00e1vnej viery na glob\u00e1lnej sc\u00e9ne a konflikt na Ukrajine je do istej miery z\u00e1pasom o to, ak\u00fd druh pravosl\u00e1via prevl\u00e1dne \u2013 ekumenick\u00e1, [&hellip;]<\/p>\n","protected":false},"author":1,"featured_media":0,"comment_status":"closed","ping_status":"open","sticky":false,"template":"","format":"standard","meta":{"footnotes":""},"categories":[6],"tags":[],"class_list":["post-24010","post","type-post","status-publish","format-standard","hentry","category-dezinformacie"],"_links":{"self":[{"href":"https:\/\/extraslovensko.sk\/spravy\/wp-json\/wp\/v2\/posts\/24010","targetHints":{"allow":["GET"]}}],"collection":[{"href":"https:\/\/extraslovensko.sk\/spravy\/wp-json\/wp\/v2\/posts"}],"about":[{"href":"https:\/\/extraslovensko.sk\/spravy\/wp-json\/wp\/v2\/types\/post"}],"author":[{"embeddable":true,"href":"https:\/\/extraslovensko.sk\/spravy\/wp-json\/wp\/v2\/users\/1"}],"replies":[{"embeddable":true,"href":"https:\/\/extraslovensko.sk\/spravy\/wp-json\/wp\/v2\/comments?post=24010"}],"version-history":[{"count":0,"href":"https:\/\/extraslovensko.sk\/spravy\/wp-json\/wp\/v2\/posts\/24010\/revisions"}],"wp:attachment":[{"href":"https:\/\/extraslovensko.sk\/spravy\/wp-json\/wp\/v2\/media?parent=24010"}],"wp:term":[{"taxonomy":"category","embeddable":true,"href":"https:\/\/extraslovensko.sk\/spravy\/wp-json\/wp\/v2\/categories?post=24010"},{"taxonomy":"post_tag","embeddable":true,"href":"https:\/\/extraslovensko.sk\/spravy\/wp-json\/wp\/v2\/tags?post=24010"}],"curies":[{"name":"wp","href":"https:\/\/api.w.org\/{rel}","templated":true}]}}