{"id":2461,"date":"2020-07-12T17:23:56","date_gmt":"2020-07-12T17:23:56","guid":{"rendered":"https:\/\/extraslovensko.sk\/spravy\/?p=2461"},"modified":"2020-07-12T17:23:56","modified_gmt":"2020-07-12T17:23:56","slug":"kaslat-na-cinske-who-a-gatesa","status":"publish","type":"post","link":"https:\/\/extraslovensko.sk\/spravy\/kaslat-na-cinske-who-a-gatesa\/","title":{"rendered":"Ka\u0161la\u0165 na \u010dinske WHO a Gatesa"},"content":{"rendered":"<p>Ka\u0161la\u0165 na \u010dinske WHO a pedo Gatesa, USA ofici\u00e1lne predlo\u017eili gener\u00e1lnemu tajomn\u00edkovi OSN ozn\u00e1menie o odst\u00fapen\u00ed od Svetovej zdravotn\u00edckej organiz\u00e1cie &#8211; \u00fa\u010dinn\u00e9 od 6. j\u00fala 2021 &#8211; pod\u013ea najvy\u0161\u0161ieho \u00faradn\u00edka.<\/p>\n<p>Trump Biely dom a medzin\u00e1rodn\u00fd zdravotn\u00edcky org\u00e1n boli mesiace v rozpore s USA-19, pokia\u013e ide o zaobch\u00e1dzanie s COVID-19 a vz\u0165ahy WHO s \u010c\u00ednou.<\/p>\n<p>Tento krok prich\u00e1dza mesiace po tom, \u010do Trump za\u010dal drba\u0165 WHO pre svoje vz\u0165ahy s \u010c\u00ednou &#8211; a\u017e do minul\u00e9ho t\u00fd\u017ed\u0148a WHO pripustila, \u017ee sa o v\u00edrusu prv\u00fdkr\u00e1t dozvedela v USA a \u017ee \u010c\u00edna sa nikdy o sebe nehl\u00e1sila.<\/p>\n<p>Trump nap\u00edsal list WHO, v ktorom ho po\u017eiadal, aby v m\u00e1ji preuk\u00e1zal nez\u00e1vislos\u0165 od \u010c\u00edny, a diskutoval o ponechan\u00ed spolu cel\u00e9 mesiace, ak by nedo\u0161lo k v\u00e1\u017enym zmen\u00e1m &#8211; <strong>zd\u00e1 sa, \u017ee rev\u00edzie neboli vykonan\u00e9 v\u010das.<\/strong><\/p>\n<p>Lehota na odst\u00fapenie od zmluvy sa uskuto\u010dn\u00ed v nasleduj\u00facom roku, pri\u010dom USA bud\u00fa \u00faplne odstr\u00e1nen\u00e9 do 6. j\u00fala 2021.<\/p>\n<blockquote><p>Fu&#8230;.all our WHO terrorist!!<\/p><\/blockquote>\n","protected":false},"excerpt":{"rendered":"<p>Ka\u0161la\u0165 na \u010dinske WHO a pedo Gatesa, USA ofici\u00e1lne predlo\u017eili gener\u00e1lnemu tajomn\u00edkovi OSN ozn\u00e1menie o odst\u00fapen\u00ed od Svetovej zdravotn\u00edckej organiz\u00e1cie &#8211; \u00fa\u010dinn\u00e9 od 6. j\u00fala 2021 &#8211; pod\u013ea najvy\u0161\u0161ieho \u00faradn\u00edka. Trump Biely dom a medzin\u00e1rodn\u00fd zdravotn\u00edcky org\u00e1n boli mesiace v rozpore s USA-19, pokia\u013e ide o zaobch\u00e1dzanie s COVID-19 a vz\u0165ahy WHO s \u010c\u00ednou. Tento [&hellip;]<\/p>\n","protected":false},"author":1,"featured_media":0,"comment_status":"closed","ping_status":"open","sticky":false,"template":"","format":"standard","meta":{"footnotes":""},"categories":[11],"tags":[],"class_list":["post-2461","post","type-post","status-publish","format-standard","hentry","category-q-anon"],"_links":{"self":[{"href":"https:\/\/extraslovensko.sk\/spravy\/wp-json\/wp\/v2\/posts\/2461","targetHints":{"allow":["GET"]}}],"collection":[{"href":"https:\/\/extraslovensko.sk\/spravy\/wp-json\/wp\/v2\/posts"}],"about":[{"href":"https:\/\/extraslovensko.sk\/spravy\/wp-json\/wp\/v2\/types\/post"}],"author":[{"embeddable":true,"href":"https:\/\/extraslovensko.sk\/spravy\/wp-json\/wp\/v2\/users\/1"}],"replies":[{"embeddable":true,"href":"https:\/\/extraslovensko.sk\/spravy\/wp-json\/wp\/v2\/comments?post=2461"}],"version-history":[{"count":0,"href":"https:\/\/extraslovensko.sk\/spravy\/wp-json\/wp\/v2\/posts\/2461\/revisions"}],"wp:attachment":[{"href":"https:\/\/extraslovensko.sk\/spravy\/wp-json\/wp\/v2\/media?parent=2461"}],"wp:term":[{"taxonomy":"category","embeddable":true,"href":"https:\/\/extraslovensko.sk\/spravy\/wp-json\/wp\/v2\/categories?post=2461"},{"taxonomy":"post_tag","embeddable":true,"href":"https:\/\/extraslovensko.sk\/spravy\/wp-json\/wp\/v2\/tags?post=2461"}],"curies":[{"name":"wp","href":"https:\/\/api.w.org\/{rel}","templated":true}]}}