{"id":25097,"date":"2022-05-07T18:25:17","date_gmt":"2022-05-07T18:25:17","guid":{"rendered":"https:\/\/extraslovensko.sk\/spravy\/?p=25097"},"modified":"2022-05-07T18:25:17","modified_gmt":"2022-05-07T18:25:17","slug":"ekonomiky-vychodnej-europy-vojna-na-ukrajine-inflacia-bola-vyssia-pred-vojnou","status":"publish","type":"post","link":"https:\/\/extraslovensko.sk\/spravy\/ekonomiky-vychodnej-europy-vojna-na-ukrajine-inflacia-bola-vyssia-pred-vojnou\/","title":{"rendered":"Ekonomiky v\u00fdchodnej Eur\u00f3py, vojna na Ukrajine, Infl\u00e1cia bola vy\u0161\u0161ia pred vojnou"},"content":{"rendered":"<p>Ekonomiky v\u00fdchodnej Eur\u00f3py bud\u00fa svedkami n\u00e1sledkov vojny na Ukrajine po cel\u00e9 desa\u0165ro\u010dia. Mnoh\u00e9 v\u00fdchodoeur\u00f3pske krajiny reagovali jastrab\u00edm odhodlan\u00edm v obave, \u017ee by mohli by\u0165 na rade. Ich vl\u00e1dy presadzovali, aby E\u00da ochromila rusk\u00fa ekonomiku  a siahli hlboko do vlastn\u00fdch vreciek, aby Ukrajine poslali zbrane a pomoc. <\/p>\n<h1>Ekonomiky \u0161t\u00e1tov v\u00fdchodu Eur\u00f3py, vojna na Ukrajine, obchod prvou obe\u0165ou<\/h1>\n<p>Krajiny na v\u00fdchode E\u00da prijali v\u00e4\u010d\u0161inu z 5,6 mili\u00f3na ute\u010dencov, ktor\u00ed utiekli pred vojnou. Robi\u0165 spr\u00e1vnu vec v\u0161ak nie je lacn\u00e9 a za\u010d\u00ednaj\u00fa sa prejavova\u0165 ekonomick\u00e9 d\u00f4sledky toho, \u017ee s\u00fa \u0161t\u00e1tmi v prvej l\u00ednii. Obchod bol prvou obe\u0165ou. Rusko je pre niektor\u00e9  v regi\u00f3ne ve\u013ek\u00fdm exportn\u00fdm trhom. Obchod s Ruskom tvoril v roku 2021 6 % hdp v Loty\u0161sku a Litve a 1,5 % v Po\u013esku a na Slovensku. <\/p>\n<p>V roku 2021 Rusko dostalo zhruba desatinu v\u00fdvozu z kraj\u00edn mimo e\u00fa z Po\u013eska a pobaltsk\u00fdch \u0161t\u00e1tov. V\u00e4\u010d\u0161ina tak\u00fdchto odkazov je pravdepodobne nadobro preru\u0161en\u00e1, ale pova\u017euj\u00fa to za cenu, ktor\u00fa stoj\u00ed za to zaplati\u0165. \u201eK\u013e\u00fa\u010dov\u00fdm politick\u00fdm z\u00e1ujmom Po\u013eska je, aby sa Z\u00e1pad nevr\u00e1til k obchodovaniu s Ruskom,\u201c povedal Piotr Arak, \u0161\u00e9f Po\u013esk\u00e9ho ekonomick\u00e9ho in\u0161tit\u00fatu, vl\u00e1dneho think-tanku vo Var\u0161ave.<\/p>\n<p>Priamy obchod je len \u010das\u0165ou pr\u00edbehu. V\u00fdchodn\u00e9 \u0161t\u00e1ty e\u00fa sa integrovali do z\u00e1padn\u00fdch dod\u00e1vate\u013esk\u00fdch re\u0165azcov. Ich ekonomika, najm\u00e4 \u010ceska, Ma\u010farska a Slovenska, s\u00fa v\u00fdrazne orientovan\u00e9 na export do Nemecka. Tak\u017ee z\u00e1sah do nemeck\u00e9ho priemyslu, ako napr\u00edklad preru\u0161enie dod\u00e1vky rusk\u00e9ho plynu, by ve\u013emi po\u0161kodil jeho dod\u00e1vate\u013eov na v\u00fdchode.<\/p>\n<p>Dovoz energie je obzvl\u00e1\u0161\u0165 ch\u00falostiv\u00fd. Slovensko a Ma\u010farsko, ktor\u00e9 vlani z\u00edskali 96 % a 58 % svojej ropy z Ruska, tvrdia, \u017ee ak\u00e9ko\u013evek ropn\u00e9 embargo e\u00fa by sa malo zav\u00e1dza\u0165 postupne. Ostatn\u00e9 krajiny s\u00fa lep\u0161ie pripraven\u00e9. Pobaltsk\u00e9 \u0161t\u00e1ty ukon\u010dili dovoz rusk\u00e9ho plynu v apr\u00edli a teraz sa spoliehaj\u00fa na skvapalnen\u00fd zemn\u00fd plyn ( lng ) dov\u00e1\u017ean\u00fd prostredn\u00edctvom lod\u00ed. <\/p>\n<p>Po\u013esko uvalilo embargo na rusk\u00e9 uhlie a ako v\u00e4\u010d\u0161ina kraj\u00edn odmietlo po\u017eiadavku Ruska plati\u0165 za plyn v rub\u013eoch. V reakcii na to Gazprom, ktor\u00fd dod\u00e1va 40 % zemn\u00e9ho plynu, minul\u00fd t\u00fd\u017ede\u0148 zastavil dod\u00e1vky do Po\u013eska (a Bulharska) . Ale aj Po\u013esko m\u00e1 alternat\u00edvny pl\u00e1n dovozu plynu prostredn\u00edctvom vlastn\u00e9ho termin\u00e1lu lng a nov\u00fdch plynovodov do plyn\u00e1rensk\u00fdch siet\u00ed N\u00f3rska a Litvy.<\/p>\n<blockquote><p>Vyh\u00fdbanie sa ruskej energii znamen\u00e1 vy\u0161\u0161ie ceny.<\/p><\/blockquote>\n<p> To bude obzvl\u00e1\u0161\u0165 bolestiv\u00e9 na chudobnej\u0161om v\u00fdchode EU. Infl\u00e1cia bola na v\u00fdchode Eur\u00f3pe vy\u0161\u0161ia u\u017e pred vojnou; v apr\u00edli dosiahol v mnoh\u00fdch krajin\u00e1ch dvojcifern\u00e9 \u010d\u00edsla. V niektor\u00fdch s\u00fa \u00fa\u010dty spotrebite\u013eov za energiu fixn\u00e9 regul\u00e1ciou, \u010d\u00edm sa boles\u0165 od\u010fa\u013euje. Napr\u00edklad na Slovensku bud\u00fa ceny aktualizovan\u00e9 a\u017e v janu\u00e1ri. \u201eVyhliadka na 100-percentn\u00e9 zv\u00fd\u0161enie cien plynu pre dom\u00e1cnosti sa v\u0161ak zatia\u013e nenaplnila,\u201c hovor\u00ed Michal Horv\u00e1th, hlavn\u00fd ekon\u00f3m centr\u00e1lnej banky.<\/p>\n<p>V Po\u013esku dosiahla infl\u00e1cia v apr\u00edli 12,3 %, \u010do je pre vl\u00e1dnu stranu, ktor\u00fa \u010dakaj\u00fa vo\u013eby na bud\u00faci rok, boles\u0165 hlavy. Vl\u00e1dna \u0161tedros\u0165 je \u010diasto\u010dne vinn\u00e1 za zv\u00fd\u0161enie \u017eivotn\u00fdch n\u00e1kladov a p\u00e1n Arak si mysl\u00ed, \u017ee voli\u010di to bud\u00fa vini\u0165: \u201eV \u010dasoch komunizmu vl\u00e1da zaviedla vy\u0161\u0161ie ceny, \u010do \u010dasto vyvolalo masov\u00e9 protesty. V\u00e4\u010d\u0161ine Poliakov zost\u00e1va jasn\u00e9, \u017ee za udr\u017eiavanie cenov\u00fdch hlad\u00edn je zodpovedn\u00fd \u0161t\u00e1t. Aby vl\u00e1da zmiernila \u00fader, zn\u00ed\u017eila da\u0148 z pridanej hodnoty na potraviny, plyn, palivo a hnojiv\u00e1. Nadch\u00e1dzaj\u00faci ekonomick\u00fd bal\u00edk ozna\u010duje za \u201eantiputinovsk\u00fd \u0161t\u00edt\u201c.<\/p>\n<p>Centr\u00e1lne banky bud\u00fa musie\u0165 tie\u017e kona\u0165, a to najm\u00e4 zv\u00fd\u0161en\u00edm \u00farokov\u00fdch sadzieb. To v\u0161ak bude ma\u0165 nepr\u00edjemn\u00e9 n\u00e1sledky. V Po\u013esku, kde m\u00e1 pribli\u017ene 90 % \u00faverov pre dom\u00e1cnosti a podniky variabiln\u00e9 sadzby, s\u00fa dr\u017eitelia hypot\u00e9k zna\u010dne vystaven\u00ed riziku. Banky u\u017e zna\u010dne spr\u00edsnili \u00faverov\u00e9 \u0161tandardy. <\/p>\n<p>Spolu s infl\u00e1ciou, raketov\u00fdm rastom cien nehnute\u013enost\u00ed a poklesom podnikate\u013eskej d\u00f4very by to mohlo znamena\u0165 \u201edokonal\u00fa b\u00farku\u201c, hovor\u00ed Adam Czerniak, ved\u00faci v\u00fdskumu v Polityka Insight, think-tanku vo Var\u0161ave. <\/p>\n<blockquote><p>Vy\u0161\u0161ie \u00farokov\u00e9 sadzby a slabn\u00face  znamenaj\u00fa, \u017ee obsluha rast\u00faceho vl\u00e1dneho dlhu bude drah\u0161ia, najm\u00e4 v krajin\u00e1ch ako Ma\u010farsko, kde je dlh u\u017e teraz vysok\u00fd.<\/p><\/blockquote>\n<p>V\u00fddavky na ute\u010dencov e\u0161te viac ur\u00fdchlia infl\u00e1ciu. Vezmite si b\u00fdvanie. Vo Var\u0161ave sa n\u00e1jomn\u00e9 od konca febru\u00e1ra zv\u00fd\u0161ilo o viac ako 30 %. Nap\u00e4tie na verejn\u00fdch slu\u017eb\u00e1ch je podobn\u00e9. Ute\u010denci zv\u00fd\u0161ili po\u010det obyvate\u013eov Po\u013eska o takmer 8 % od za\u010diatku vojny na Ukrajine koncom febru\u00e1ra. To vytv\u00e1ra tlak na zdravotn\u00edctvo a \u0161kolstvo, ktor\u00e9 u\u017e boli v zlom stave. \u010ciasto\u010dne to v\u0161ak vykompenzuj\u00fa nov\u00e1\u010dikovia, ktor\u00ed sa pridaj\u00fa k miestnym pracovn\u00fdm sil\u00e1m. Na Slovensku a v Ma\u010farsku oddanos\u0165 mimovl\u00e1dnych organiz\u00e1ci\u00ed a s\u00fakromn\u00fdch ob\u010danov kompenzovala nedostatok verejn\u00fdch slu\u017eieb pre ute\u010dencov.<\/p>\n<p>Ekonomick\u00e9 n\u00e1klady vojny pre v\u00fdchodn\u00fa Eur\u00f3pu vyzeraj\u00fa hrozivo. Zd\u00e1 sa v\u0161ak, \u017ee to nezmiernilo odhodlanie kraj\u00edn. Ekonomick\u00fd z\u00e1sah sa pova\u017euje za zvl\u00e1dnute\u013en\u00fd. Po\u013esk\u00e1 ekonomika, ktor\u00e1 zost\u00e1va siln\u00e1, nezaznamenala recesiu takmer tri desa\u0165ro\u010dia a\u017e do pand\u00e9mie COVID-19, poznamen\u00e1va Wojciech Kopczuk z Kolumbijskej univerzity. <\/p>\n<p>Pobaltsk\u00e9 krajiny dopadli po\u010das finan\u010dnej kr\u00edzy ove\u013ea hor\u0161ie, dod\u00e1va Morten Hansen zo \u0160tokholmskej ekonomickej \u0161koly v Rige. Ob\u010dania absorbovali toto utrpenie, preto\u017ee to bolo potrebn\u00e9 na prijatie eura, \u010do je s\u00fa\u010das\u0165 strategick\u00e9ho \u00fasilia kraj\u00edn o integr\u00e1ciu do Z\u00e1padu. Rovnako ako v s\u00fa\u010dasnej kr\u00edze boli ochotn\u00ed podst\u00fapi\u0165 ekonomick\u00e9 bolesti, aby si uchr\u00e1nili svoju nez\u00e1vislos\u0165.<\/p>\n<p>Vojna a jej n\u00e1sledky bud\u00fa ma\u0165 pre v\u00fdchodn\u00fa Eur\u00f3pu ur\u010dit\u00e9 ekonomick\u00e9 v\u00fdhody. Bulharsko sa chce sta\u0165 region\u00e1lnym energetick\u00fdm centrom. Z povojnovej obnovy Ukrajiny a jej rast\u00facej integr\u00e1cie do e\u00fa profituje najm\u00e4 Po\u013esko. <\/p>\n<p>\u201e\u017diadna z\u00e1padn\u00e1 krajina nem\u00e1 tak\u00e9 \u00fazke medzivl\u00e1dne vz\u0165ahy s Ukrajinou ako Po\u013esko,\u201c hovor\u00ed Oktawian Zajac. V\u00e4zby, ktor\u00e9 si vytv\u00e1raj\u00fa ukrajinsk\u00ed migranti a ute\u010denci, prines\u00fa aj ekonomick\u00e9 v\u00fdhody, tvrd\u00ed Kopczuk.<\/p>\n<p>Reakcie \u0161t\u00e1tov strednej a v\u00fdchodnej Eur\u00f3py na ukrajinsk\u00fa kr\u00edzu bud\u00fa definova\u0165 regi\u00f3n na \u010fal\u0161ie desa\u0165ro\u010dia, hovor\u00ed So\u0148a Muzikarov\u00e1 z Globsec, think-tanku v Bratislave. <\/p>\n<blockquote><p>Nenechaj\u00fa sa odradi\u0165 ekonomickou boles\u0165ou vojny, ukazuj\u00fa pr\u00edkladom, \u017ee ruskej agresii treba r\u00e1zne vzdorova\u0165. <\/p><\/blockquote>\n<hr>\n<p> Hold komunisti Bl\u00e1hu priviazali \u010cSSR k ZSSR na ve\u010dn\u00e9 \u010dasy a nikdy in\u00e1\u010d, \u00c1men! Slovensk\u00fd prorusk\u00fd idiot teraz pla\u010de, ale ani nevie, \u017ee na vine je pr\u00e1ve ON!<\/p>\n","protected":false},"excerpt":{"rendered":"<p>Ekonomiky v\u00fdchodnej Eur\u00f3py bud\u00fa svedkami n\u00e1sledkov vojny na Ukrajine po cel\u00e9 desa\u0165ro\u010dia. Mnoh\u00e9 v\u00fdchodoeur\u00f3pske krajiny reagovali jastrab\u00edm odhodlan\u00edm v obave, \u017ee by mohli by\u0165 na rade. Ich vl\u00e1dy presadzovali, aby E\u00da ochromila rusk\u00fa ekonomiku a siahli hlboko do vlastn\u00fdch vreciek, aby Ukrajine poslali zbrane a pomoc. Ekonomiky \u0161t\u00e1tov v\u00fdchodu Eur\u00f3py, vojna na Ukrajine, obchod prvou [&hellip;]<\/p>\n","protected":false},"author":1,"featured_media":0,"comment_status":"closed","ping_status":"open","sticky":false,"template":"","format":"standard","meta":{"footnotes":""},"categories":[5],"tags":[],"class_list":["post-25097","post","type-post","status-publish","format-standard","hentry","category-exo-news"],"_links":{"self":[{"href":"https:\/\/extraslovensko.sk\/spravy\/wp-json\/wp\/v2\/posts\/25097","targetHints":{"allow":["GET"]}}],"collection":[{"href":"https:\/\/extraslovensko.sk\/spravy\/wp-json\/wp\/v2\/posts"}],"about":[{"href":"https:\/\/extraslovensko.sk\/spravy\/wp-json\/wp\/v2\/types\/post"}],"author":[{"embeddable":true,"href":"https:\/\/extraslovensko.sk\/spravy\/wp-json\/wp\/v2\/users\/1"}],"replies":[{"embeddable":true,"href":"https:\/\/extraslovensko.sk\/spravy\/wp-json\/wp\/v2\/comments?post=25097"}],"version-history":[{"count":0,"href":"https:\/\/extraslovensko.sk\/spravy\/wp-json\/wp\/v2\/posts\/25097\/revisions"}],"wp:attachment":[{"href":"https:\/\/extraslovensko.sk\/spravy\/wp-json\/wp\/v2\/media?parent=25097"}],"wp:term":[{"taxonomy":"category","embeddable":true,"href":"https:\/\/extraslovensko.sk\/spravy\/wp-json\/wp\/v2\/categories?post=25097"},{"taxonomy":"post_tag","embeddable":true,"href":"https:\/\/extraslovensko.sk\/spravy\/wp-json\/wp\/v2\/tags?post=25097"}],"curies":[{"name":"wp","href":"https:\/\/api.w.org\/{rel}","templated":true}]}}