{"id":25370,"date":"2022-05-15T20:37:59","date_gmt":"2022-05-15T20:37:59","guid":{"rendered":"https:\/\/extraslovensko.sk\/spravy\/?p=25370"},"modified":"2022-05-15T20:37:59","modified_gmt":"2022-05-15T20:37:59","slug":"finsko-svedsko-budu-clenmi-severoatlantickej-aliancie-nato-putin-si-moze-thrnut-nohou","status":"publish","type":"post","link":"https:\/\/extraslovensko.sk\/spravy\/finsko-svedsko-budu-clenmi-severoatlantickej-aliancie-nato-putin-si-moze-thrnut-nohou\/","title":{"rendered":"F\u00ednsko a \u0160v\u00e9dsko po\u017eiadaj\u00fa o \u010dlenstvo v NATO, z\u00e1ver z tragickej vojny na Ukrajine"},"content":{"rendered":"<p>F\u00ednsko a \u0160v\u00e9dsko po\u017eiadaj\u00fa o \u010dlenstvo v NATO, to je usved\u010duj\u00facou v\u00fd\u010ditkou strategickej predv\u00eddavosti rusk\u00e9ho prezidenta Adolfa Putina. Dve krajiny hrd\u00e9 na svoju dlh\u00fa hist\u00f3riu vojenskej neanga\u017eovanosti dospeli k z\u00e1veru, \u017ee riziko znepriatelenia si svojho suseda je vyv\u00e1\u017een\u00e9 dodato\u010dnou bezpe\u010dnos\u0165ou, ktor\u00fa z\u00edskaj\u00fa pripojen\u00edm sa k aliancii zameranej na odol\u00e1vanie ruskej agresii. <\/p>\n<h1>F\u00ednsko, \u0160v\u00e9dsko po\u017eiadaj\u00fa o \u010dlenstvo v NATO, rusa nech traf\u00ed \u0161lak<\/h1>\n<p>Je to priamy d\u00f4sledok inv\u00e1zie na Ukrajinu, ktor\u00fa Putin nariadil zdanlivo, aby zabr\u00e1nil roz\u0161irovaniu Aliancie a KGB\u00e1k drieme niekde v roku 1945.<\/p>\n<p>Je to tie\u017e v\u00fd\u010ditka pre t\u00fdch, ktor\u00ed tvrdia, \u017ee nato sa podie\u013ea na vine za vojnu. KGB\u00e1k Putin nie je s\u00e1m, kto tvrd\u00ed, \u017ee expanzia aliancie do strednej a v\u00fdchodnej Eur\u00f3py po studenej vojne nejako znemo\u017e\u0148ovala poz\u00edciu Ruska. Mnoho z\u00e1padn\u00fdch u\u010dencov s\u00fahlas\u00ed. V\u00fdber F\u00ednska a \u0160v\u00e9dska v\u0161ak nazna\u010duje, \u017ee maj\u00fa argument na hlavu. Krajiny sa sna\u017eia vst\u00fapi\u0165 do Aliancie, preto\u017ee s\u00fa ohrozovan\u00e9 Ruskom, nie preto, aby si ho znepriatelili.<\/p>\n<p>Spr\u00e1vy z F\u00ednska a \u0160v\u00e9dska pri\u0161li 15. m\u00e1ja, ke\u010f sa ministri zahrani\u010dn\u00fdch vec\u00ed \u010dlensk\u00fdch kraj\u00edn nato stretli, aby diskutovali o Ukrajine a novej strategickej koncepcii aliancie v r\u00e1mci pr\u00edprav na summit bud\u00faci mesiac. Napriek reptaniu z Turecka bude ich prijatie pravdepodobne formalitou. Ke\u010f sa spoja, obe prines\u00fa impozantn\u00e9 ozbrojen\u00e9 schopnosti, najm\u00e4 vo vojne v Arkt\u00edde a <em>v pr\u00edpade F\u00ednska najv\u00e4\u010d\u0161iu delostreleck\u00fa silu v Eur\u00f3pe.<\/em> Tieto m\u00f4\u017eu by\u0165 r\u00fdchlo integrovan\u00e9 do velite\u013eskej \u0161trukt\u00fary NATO.<br \/>\n<img decoding=\"async\" class=\"cento\" id=\"imog2\" src=\"\/image\/ukazokvak.jpg\" alt=\"ktor\u00fa Putin nariadil zdanlivo, aby zabr\u00e1nil roz\u0161irovaniu NATO, rusa nech traf\u00ed \u0161lak\" \/><br \/>\n\u010clenstvo viac ako zdvojn\u00e1sob\u00ed d\u013a\u017eku hran\u00edc aliancie s Ruskom. Posiln\u00ed aj svoje severn\u00e9 \u010dasti, najm\u00e4 pobaltsk\u00e9 \u0161t\u00e1ty, ktor\u00e9 sa bud\u00fa \u013eah\u0161ie z\u00e1sobova\u0165 a ktor\u00e9 sa ako \u010dlenovia bud\u00fa obaja spojenci zav\u00e4zova\u0165 br\u00e1ni\u0165.<\/p>\n<p>KGB\u00e1kov re\u017eim reagoval preru\u0161en\u00edm dod\u00e1vok elektriny cez hranice a pohrozil \u201evojensko-technickou\u201c akciou, nech u\u017e to znamen\u00e1 \u010doko\u013evek. Nie je prv\u00fdm rusk\u00fdm l\u00eddrom, ktor\u00fd namieta proti roz\u0161irovaniu aliancie. V 90. rokoch sa Boris Je\u013ecin s\u0165a\u017eoval, ke\u010f \u010dlenovia starej Var\u0161avskej zmluvy po\u017eiadali o vstup. V priebehu rokov sa to zmenilo na l\u00edniu argument\u00e1cie, ktor\u00fa uviedol Putin ako ospravedlnenie pre zhroma\u017edenie jednotiek na ukrajinskej hranici. Je to argument, ktor\u00fd sa presadil vo ve\u013ekej \u010dasti sveta. V najlep\u0161om pr\u00edpade je chatrn\u00fd.<\/p>\n<p>Kritici roz\u0161irovania nato hovoria, \u017ee to poru\u0161uje z\u00e1v\u00e4zok, ktor\u00fd dal James Baker, vtedaj\u0161\u00ed americk\u00fd \u0161t\u00e1tny tajomn\u00edk, Rusku vo febru\u00e1ri 1990, \u017ee  sa nebude roz\u0161irova\u0165 na v\u00fdchod. Dod\u00e1vaj\u00fa, \u017ee to bolo aj nerozumn\u00e9. Ako NATO r\u00e1stlo, Rusko sa c\u00edtilo \u010doraz viac ohrozen\u00e9 a muselo sa br\u00e1ni\u0165 odporom. A poukazuj\u00fa na to, \u017ee Z\u00e1pad mal aj in\u00e9 sp\u00f4soby ako zv\u00fd\u0161i\u0165 svoju bezpe\u010dnos\u0165, ako napr\u00edklad Partnerstvo za mier, ktor\u00e9 m\u00e1 za cie\u013e posilni\u0165 bezpe\u010dnostn\u00e9 vz\u0165ahy medzi alianciou a ne\u010dlenmi.<\/p>\n<p>\u00dadajn\u00fdm podnikom p\u00e1na Bakera je \u010derven\u00fd sle\u010f. Hovoril vo v\u00fdchodnom Nemecku a jeho slov\u00e1 prekonal p\u00e1d Var\u0161avskej zmluvy o takmer 18 mesiacov nesk\u00f4r. Organiz\u00e1cia Severoatlantickej zmluvy a Rusko podp\u00edsali v roku 1997 dohodu o spolupr\u00e1ci, ktor\u00e1 neobsahovala \u017eiadne obmedzenia pre nov\u00fdch \u010dlenov, aj ke\u010f sa o roz\u0161\u00edren\u00ed diskutovalo. \u010cesk\u00e1 republika, Ma\u010farsko a Po\u013esko sa pridali takmer o dva roky nesk\u00f4r.<\/p>\n<blockquote><p>\nD\u00f4le\u017eit\u00fd je z\u00e1v\u00e4zok Ruska v roku 1994, ke\u010f Ukrajina odovzdala jadrov\u00e9 zbrane na svojom \u00fazem\u00ed. Rusko sa okrem in\u00e9ho zaviazalo, \u017ee vo\u010di svojmu susedovi nepou\u017eije ekonomick\u00fd ani vojensk\u00fd n\u00e1tlak. <\/p><\/blockquote>\n<p>Poru\u0161enie tohto s\u013eubu v roku 2014, ke\u010f sa zmocnilo Krymu a \u010dasti regi\u00f3nu Donbas  a znova 24. febru\u00e1ra tohto roku, bolo flagrantn\u00e9.<\/p>\n<p>V skuto\u010dnosti m\u00e1 Organiz\u00e1cia Severoatlantickej zmluvy pln\u00e9 pr\u00e1vo expandova\u0165, ak si to \u017eiadatelia \u017eelaj\u00fa. Pod\u013ea Helsinsk\u00e9ho z\u00e1vere\u010dn\u00e9ho aktu, podp\u00edsan\u00e9ho v roku 1975, vr\u00e1tane Sovietskeho zv\u00e4zu, si krajiny m\u00f4\u017eu slobodne vybra\u0165 svoje vlastn\u00e9 spojenectv\u00e1. Je prekvapen\u00edm, \u017ee b\u00fdval\u00ed \u010dlenovia Var\u0161avskej zmluvy, ktor\u00ed tak \u0165a\u017eko trpeli pod sovietskou nadvl\u00e1dou, h\u013eadali \u00fato\u010disko? Verejn\u00e1 mienka vo F\u00ednsku a \u0160v\u00e9dsku bola dlh\u00e9 roky proti vstupu do Organiz\u00e1cie Severoatlantickej zmluvy. Posunulo sa to po inv\u00e1zii na Ukrajinu vo febru\u00e1ri. <\/p>\n<blockquote><p>Pr\u00e1vo suver\u00e9nnych kraj\u00edn ur\u010dova\u0165 svoj vlastn\u00fd osud je jednou z mnoh\u00fdch vec\u00ed, o ktor\u00e9 vo vojne ide.<\/p><\/blockquote>\n<p>Mo\u017eno v\u0161ak nato malo poveda\u0165 nie strednej a v\u00fdchodnej Eur\u00f3pe. Expanzia musela urobi\u0165 Rusko paranoidn\u00fdm a neist\u00fdm. Aj ke\u010f je Organiz\u00e1cia Severoatlantickej zmluvy obrann\u00e1 aliancia, vl\u00e1da v Moskve vn\u00edma hrozbu. Ke\u010f sa Putin pok\u00fa\u0161a obnovi\u0165 svoju bezpe\u010dnos\u0165, povedzme moderniz\u00e1ciou svojich ozbrojen\u00fdch s\u00edl, NATO zasa vn\u00edma zv\u00fd\u0161en\u00fa rusk\u00fa agresiu. Obzvl\u00e1\u0161\u0165 provokat\u00edvny bol summit  v Bukure\u0161ti v roku 2008, ktor\u00fd pris\u013e\u00fabil \u010dlenstvo Ukrajine a Gruz\u00ednsku, krajin\u00e1m, ktor\u00e9 Rusko pova\u017euje za nevyhnutn\u00e9 pre svoju bezpe\u010dnos\u0165.<\/p>\n<p>Tak\u00e9to bezpe\u010dnostn\u00e9 dilemy s\u00fa be\u017en\u00e9 pri \u0161t\u00fadiu medzin\u00e1rodn\u00fdch vz\u0165ahov a jedna nepochybne existuje medzi Ruskom a Z\u00e1padom. Ale obvi\u0148ova\u0165 Z\u00e1pad, \u017ee to spustil, je sotva vierohodn\u00e9. Jeden d\u00f4vod je dom\u00e1ci. KGB\u00e1k \u010doraz viac vyu\u017e\u00edva nacionalizmus a pravosl\u00e1vne n\u00e1bo\u017eenstvo na podporu svojej vl\u00e1dy. <\/p>\n<blockquote><p>Potrebuje nepriate\u013eov v zahrani\u010d\u00ed, aby presved\u010dil svojich \u013eud\u00ed, \u017ee oni a ich civiliz\u00e1cia s\u00fa ohrozen\u00ed.<\/p><\/blockquote>\n<p> S\u00fa\u010das\u0165ou tejto hry bolo obsadenie \u00fazemia v Gruz\u00ednsku v roku 2008 a na Ukrajine v roku 2014 a dnes.<\/p>\n<p>\u010eal\u0161\u00ed d\u00f4vod je medzin\u00e1rodn\u00fd. Rusko m\u00e1 dlh\u00fa hist\u00f3riu ako imperi\u00e1lna ve\u013emoc a ako v\u00e4\u010d\u0161ina upadaj\u00facich imp\u00e9ri\u00ed je pre neho \u0165a\u017ek\u00e9 prehltn\u00fa\u0165 perspekt\u00edvu sta\u0165 sa len \u010fal\u0161ou krajinou. Bez oh\u013eadu na expanziu nato, Rusko pravdepodobne n\u00e1silne vzdorovalo, ke\u010f sa jeho perif\u00e9ria vzdialila.<\/p>\n<h2>Zabezpe\u010di\u0165 eur\u00f3psky mier<\/h2>\n<p> Existovali in\u00e9 mo\u017enosti k \u010dlenstvu? <\/p>\n<p>Tu nahlas hovor\u00ed v\u00fdber F\u00ednska a \u0160v\u00e9dska. Obaja s\u00fa dlhoro\u010dn\u00fdmi \u010dlenmi Partnerstva za mier. Je zrejm\u00e9, \u017ee ani jeden z nich nemal pocit, \u017ee im to pon\u00faka dostato\u010dn\u00fa ochranu. Ak by bol jeden z nich napadnut\u00fd, nato by nemalo \u017eiadny z\u00e1v\u00e4zok zasiahnu\u0165. Ani Amerika a britsk\u00e9 jadrov\u00e9 zbrane by nepokryli tieto dve krajiny, ako to rob\u00ed zvy\u0161ok aliancie.<\/p>\n<p>Naproti tomu samotn\u00e1 Aliancia je zalo\u017een\u00e9 na princ\u00edpe, \u017ee \u00fatok na jedn\u00e9ho \u010dlena mo\u017eno pova\u017eova\u0165 za \u00fatok na v\u0161etk\u00fdch. Jeho ochrana je tak\u00e1 jednozna\u010dn\u00e1, ako len m\u00f4\u017ee by\u0165. popieranie \u010dlenstva strednej a v\u00fdchodnej eur\u00f3py by ani z\u010faleka nevytv\u00e1ralo priazniv\u00e9 prostredie, ale vytvorilo by bezpe\u010dnostn\u00e9 v\u00e1kuum, ktor\u00e9 by Rusko mohlo ve\u013emi dobre l\u00e1ka\u0165 vyplni\u0165. <\/p>\n<p>Ak \u00e1no, dne\u0161n\u00e1 vojna by sa mo\u017eno neodohrala na Ukrajine, ale v Loty\u0161sku alebo Po\u013esku.<\/p>\n<p>F\u00ednsko a \u0160v\u00e9dsko spr\u00e1vne dospeli k z\u00e1veru z tragickej vojny na Ukrajine, \u017ee potrebuj\u00fa v\u00e4\u010d\u0161iu bezpe\u010dnos\u0165. <em>Adolf Putin je nebezpe\u010dn\u00fd a nepredv\u00eddate\u013en\u00fd nie kv\u00f4li NATO, ale kv\u00f4li sp\u00f4sobu, ak\u00fdm sa rozhodol riadi\u0165 Rusko. <\/em><\/p>\n<p>Ich \u017eiadosti by sa mali r\u00fdchlo schv\u00e1li\u0165. Rovnako ako pri roz\u0161irovan\u00ed NATO v minulosti, ich \u010dlenstvo pom\u00f4\u017ee zabezpe\u010di\u0165 eur\u00f3psky mier.<br \/>\n<img decoding=\"async\" class=\"cento\" id=\"imog2\" src=\"\/image\/finsko.jpg\" alt=\"spr\u00e1vne dospeli k z\u00e1veru z tragickej vojny na Ukrajine, Stop rusk\u00fdm dezinform\u00e1ciam na Slovensku\" \/><\/p>\n<h1>Stop rusk\u00fdm dezinform\u00e1ciam na Slovensku<\/h1>\n","protected":false},"excerpt":{"rendered":"<p>F\u00ednsko a \u0160v\u00e9dsko po\u017eiadaj\u00fa o \u010dlenstvo v NATO, to je usved\u010duj\u00facou v\u00fd\u010ditkou strategickej predv\u00eddavosti rusk\u00e9ho prezidenta Adolfa Putina. Dve krajiny hrd\u00e9 na svoju dlh\u00fa hist\u00f3riu vojenskej neanga\u017eovanosti dospeli k z\u00e1veru, \u017ee riziko znepriatelenia si svojho suseda je vyv\u00e1\u017een\u00e9 dodato\u010dnou bezpe\u010dnos\u0165ou, ktor\u00fa z\u00edskaj\u00fa pripojen\u00edm sa k aliancii zameranej na odol\u00e1vanie ruskej agresii. F\u00ednsko, \u0160v\u00e9dsko po\u017eiadaj\u00fa o [&hellip;]<\/p>\n","protected":false},"author":1,"featured_media":0,"comment_status":"closed","ping_status":"open","sticky":false,"template":"","format":"standard","meta":{"footnotes":""},"categories":[5],"tags":[],"class_list":["post-25370","post","type-post","status-publish","format-standard","hentry","category-exo-news"],"_links":{"self":[{"href":"https:\/\/extraslovensko.sk\/spravy\/wp-json\/wp\/v2\/posts\/25370","targetHints":{"allow":["GET"]}}],"collection":[{"href":"https:\/\/extraslovensko.sk\/spravy\/wp-json\/wp\/v2\/posts"}],"about":[{"href":"https:\/\/extraslovensko.sk\/spravy\/wp-json\/wp\/v2\/types\/post"}],"author":[{"embeddable":true,"href":"https:\/\/extraslovensko.sk\/spravy\/wp-json\/wp\/v2\/users\/1"}],"replies":[{"embeddable":true,"href":"https:\/\/extraslovensko.sk\/spravy\/wp-json\/wp\/v2\/comments?post=25370"}],"version-history":[{"count":0,"href":"https:\/\/extraslovensko.sk\/spravy\/wp-json\/wp\/v2\/posts\/25370\/revisions"}],"wp:attachment":[{"href":"https:\/\/extraslovensko.sk\/spravy\/wp-json\/wp\/v2\/media?parent=25370"}],"wp:term":[{"taxonomy":"category","embeddable":true,"href":"https:\/\/extraslovensko.sk\/spravy\/wp-json\/wp\/v2\/categories?post=25370"},{"taxonomy":"post_tag","embeddable":true,"href":"https:\/\/extraslovensko.sk\/spravy\/wp-json\/wp\/v2\/tags?post=25370"}],"curies":[{"name":"wp","href":"https:\/\/api.w.org\/{rel}","templated":true}]}}