{"id":25436,"date":"2022-05-19T18:59:32","date_gmt":"2022-05-19T18:59:32","guid":{"rendered":"https:\/\/extraslovensko.sk\/spravy\/?p=25436"},"modified":"2022-05-19T18:59:32","modified_gmt":"2022-05-19T18:59:32","slug":"madarsky-mafiansky-stat-orbana-bojuje-za-beztrestnost","status":"publish","type":"post","link":"https:\/\/extraslovensko.sk\/spravy\/madarsky-mafiansky-stat-orbana-bojuje-za-beztrestnost\/","title":{"rendered":"Ma\u010farsk\u00fd mafi\u00e1nsky \u0161t\u00e1t Orb\u00e1na bojuje za beztrestnos\u0165, izolova\u0165 svoj klan"},"content":{"rendered":"<p>Ma\u010farsk\u00fd mafi\u00e1nsky \u0161t\u00e1t Orb\u00e1na bojuje za beztrestnos\u0165 a hr\u00e1 sa na rusk\u00fd Putinov odpad, nad\u00e1va na E\u00da NATO, ale v EU ani z NATO nie a nie vyst\u00fapi\u0165. Tak si to nap\u00ed\u0161eme \u017ee pre\u010do. Ma\u010farsk\u00fd premi\u00e9r Viktor Orb\u00e1n predsed\u00e1 politicko-ekonomick\u00e9mu klanu, ktor\u00fd je na nerozoznanie od s\u00fakromnej zlo\u010dineckej organiz\u00e1cie. Orb\u00e1nov proti\u00fanijn\u00fd postoj neodr\u00e1\u017ea in\u00fa v\u00edziu Eur\u00f3py. Vypl\u00fdva to sk\u00f4r z jeho potreby izolova\u0165 seba a svoj klan od org\u00e1nov \u010dinn\u00fdch v trestnom konan\u00ed. Text je z roku 2019.<\/p>\n<h1>Ma\u010farsk\u00fd Orb\u00e1nov mafi\u00e1nsky \u0161t\u00e1t bojuje za beztrestnos\u0165<\/h1>\n<p>Orb\u00e1n vybudoval rovnak\u00fd fa\u0161istick\u00fd \u0161t\u00e1t ako Adolf Putin, v ktorom vl\u00e1dne jedin\u00e1 strana, klan mafie!<\/p>\n<p>Ma\u010farsko sa stalo postkomunistick\u00fdm mafi\u00e1nskym \u0161t\u00e1tom. Vedie ju nie strana, ale politicko-ekonomick\u00fd klan premi\u00e9ra Viktora Orb\u00e1na, ktor\u00fd spolo\u010dnos\u0165 pova\u017euje za svoju s\u00fakromn\u00fa dom\u00e9nu a z\u00e1rove\u0148 si form\u00e1lne zachov\u00e1va demokratick\u00fa fas\u00e1du. Kroky ma\u010farsk\u00e9ho \u0161t\u00e1tu nie s\u00fa neosobn\u00e9, ale sk\u00f4r diskre\u010dn\u00e9, zameran\u00e9 na zvrhnutie odporcov klanu a prerozdelenie bohatstva a majetku vern\u00fdm. Orb\u00e1n pou\u017e\u00edva nekrvav\u00e9 prostriedky byrokratick\u00e9ho n\u00e1tlaku, no st\u00e1le kon\u00e1 nez\u00e1konne: korupcia a politicky selekt\u00edvne presadzovanie pr\u00e1va s\u00fa \u00fastredn\u00fdmi prvkami jeho syst\u00e9mu.<\/p>\n<p>Mafi\u00e1nsky charakter Orb\u00e1novho re\u017eimu vysvet\u013euje jeho spr\u00e1vanie. Zlo\u010dineck\u00e1 organiz\u00e1cia, \u010di u\u017e s\u00fakromn\u00e1 alebo verejn\u00e1, m\u00e1 tri k\u013e\u00fa\u010dov\u00e9 potreby: zdroje pe\u0148az\u00ed, schopnos\u0165 ich pra\u0165 a beztrestnos\u0165 svojich \u010dlenov. Posledn\u00e1 si vy\u017eaduje neutraliz\u00e1ciu presadzovania pr\u00e1va, \u010do sa Orb\u00e1novi na \u00farovni Eur\u00f3pskej \u00fanie dar\u00ed ove\u013ea \u0165a\u017e\u0161ie ako doma.<\/p>\n<p>Za posledn\u00e9 desa\u0165ro\u010die Orb\u00e1nov mafi\u00e1nsky \u0161t\u00e1t zvl\u00e1dol prv\u00e9 dva imperat\u00edvy \u2013 rabovanie a pranie \u0161pinav\u00fdch pe\u0148az\u00ed. Oligarchovia klanu Orb\u00e1n dost\u00e1vaj\u00fa pribli\u017ene 90 % svojich celkov\u00fdch pr\u00edjmov z projektov verejn\u00e9ho obstar\u00e1vania financovan\u00fdch E\u00da. Pod\u013ea Centra pre v\u00fdskum korupcie v Budape\u0161ti s\u00fa z\u00e1kazky na tieto projekty 1,7 a\u017e 10-kr\u00e1t predra\u017een\u00e9, \u010do poukazuje na nekonkuren\u010dn\u00e9 ponukov\u00e9 procesy a vysok\u00e9 riziko korupcie.<\/p>\n<p>Autokratick\u00e9 re\u017eimy inde poskytuj\u00fa dodato\u010dn\u00e9 financovanie. To zah\u0155\u0148a p\u00f4\u017ei\u010dku 10 mili\u00e1rd EUR (11,2 miliardy USD) od Ruska na financovanie v\u00fdmeny jadrovej elektr\u00e1rne v Paksi, 3 miliardy USD z \u010c\u00edny vybudova\u0165 vysokor\u00fdchlostn\u00e9 \u017eelezni\u010dn\u00e9 spojenie a spolupr\u00e1cu vojensk\u00e9ho priemyslu s Tureckom. Ka\u017ed\u00fd z t\u00fdchto obchodov, ktor\u00e9 v kone\u010dnom d\u00f4sledku zaplatili ma\u010farsk\u00ed da\u0148ov\u00ed poplatn\u00edci, dop\u013a\u0148a bilanciu Orb\u00e1na a jeho oligarchov. Robia z Orb\u00e1na aj vydierate\u013en\u00e9ho vazala v\u00fdchodn\u00fdch autokratov, a teda tr\u00f3jskeho ko\u0148a schopn\u00e9ho podkopa\u0165 \u010fal\u0161iu integr\u00e1ciu E\u00da a zmari\u0165 glob\u00e1lne politick\u00e9 amb\u00edcie Eur\u00f3py.<\/p>\n<p>Ke\u010f\u017ee Orb\u00e1novi kump\u00e1ni s\u00fa zapojen\u00ed do leg\u00e1lnych biznisov ako stavebn\u00edctvo a m\u00e9di\u00e1, m\u00f4\u017eu pra\u0165 neleg\u00e1lne z\u00edskan\u00e9 verejn\u00e9 prostriedky jednoducho t\u00fdm, \u017ee si vypl\u00e1caj\u00fa obrovsk\u00e9 dividendy. Orb\u00e1nov otec, jeho za\u0165 a jeho ekonomick\u00fd frontman <\/p>\n<blockquote><p>L\u0151rinc M\u00e9sz\u00e1ros \u2013 b\u00fdval\u00fd plynov\u00fd in\u0161talat\u00e9r, ktor\u00fd sa stal v priebehu nieko\u013ek\u00fdch rokov najbohat\u0161\u00edm mu\u017eom Ma\u010farska v\u010faka projektom verejn\u00e9ho obstar\u00e1vania \u2013 dostali len v roku 2018 na dividend\u00e1ch dokopy 170 mili\u00f3nov dol\u00e1rov.<\/p><\/blockquote>\n<p>Potreba beztrestnosti medzit\u00fdm vysvet\u013euje Orb\u00e1nov proti\u00fanijn\u00fd postoj. Mafi\u00e1nsky \u0161t\u00e1t si u\u017e zabezpe\u010dil svoju dom\u00e1cu beztrestnos\u0165 prevzat\u00edm pol\u00edcie, prokurat\u00fary a \u00dastavn\u00e9ho s\u00fadu z ktor\u00fdch ani jeden teraz nepovol\u00ed vy\u0161etrovanie moci a bohatstva klanu Orb\u00e1novcov. <\/p>\n<p>Tento re\u017eim v\u0161ak potrebuje aj medzin\u00e1rodn\u00fa beztrestnos\u0165. To je d\u00f4vod, pre\u010do Orb\u00e1n za\u010dal \u201eboj za n\u00e1rodn\u00fa slobodu\u201c, je proti vstupu Ma\u010farska do Eur\u00f3pskej prokurat\u00fary a s\u0165a\u017euje sa na \u201eporu\u0161enie suverenity\u201c v\u017edy, ke\u010f cudzinci nastolia ot\u00e1zky korupcie. Jeho nacionalistick\u00fd postoj nie je ni\u010d in\u00e9 ako figov\u00fd list pre hol\u00fa po\u017eiadavku zlo\u010dineckej organiz\u00e1cie po beztrestnosti: by\u0165 ponechan\u00fd s\u00e1m na kradnutie z\u00e1padn\u00fdch da\u0148ov\u00fdch poplatn\u00edkov, bez doh\u013eadu E\u00da.<\/p>\n<p>Orb\u00e1n sa pok\u00fasil zabezpe\u010di\u0165 si beztrestnos\u0165 t\u00fdm, \u017ee vyu\u017eil jeden zo \u0161truktur\u00e1lnych nedostatkov E\u00da: pr\u00e1vo \u010dlensk\u00fdch \u0161t\u00e1tov uplat\u0148ova\u0165 n\u00e1rodn\u00e9 veto pri rozhodovan\u00ed bloku. Mo\u017eno vidie\u0165 paralelu medzi dne\u0161nou E\u00da a Po\u013eskom 17. a 18. storo\u010dia, kde slobodn\u00e9 veto \u0161\u013eachty (liberum veto) viedlo dvakr\u00e1t k zmrza\u010deniu \u2013 a nakoniec k rozdeleniu medzi susedn\u00e9 mocnosti \u2013 vtedaj\u0161ieho najv\u00e4\u010d\u0161ieho eur\u00f3pskeho imp\u00e9ria. <\/p>\n<p>Orb\u00e1n d\u00fafa, \u017ee vytv\u00e1ranie vydiera\u010dsk\u00fdch alianci\u00ed s in\u00fdmi autokraticky zm\u00fd\u0161\u013eaj\u00facimi vl\u00e1dami E\u00da zastav\u00ed \u010fal\u0161iu eur\u00f3psku integr\u00e1ciu a odvr\u00e1ti v\u0161etky mo\u017en\u00e9 \u00fatoky E\u00da na jeho mafi\u00e1nsky \u0161t\u00e1t. Orb\u00e1n sa spo\u010diatku pok\u00fa\u0161al vytvori\u0165 tak\u00fato alianciu s \u010fal\u0161\u00edmi tromi krajinami Vy\u0161ehradskej \u0161tvorky. Toto sa v\u0161ak uk\u00e1zalo ako ne\u00faspe\u0161n\u00e9. <\/p>\n<p>Slovensko si ned\u00e1vno zvolilo liber\u00e1lneho, proeur\u00f3pskeho prezidenta, k\u00fdm \u010cesk\u00e1 republika za\u017eila masov\u00e9 demon\u0161tr\u00e1cie proti ove\u013ea ni\u017e\u0161ej miere korupcie ako v Ma\u010farsku. Napokon, hoci po\u013esk\u00fd de facto vodca Jaros\u0142aw Kaczy\u0144ski zdie\u013ea Orb\u00e1nove autokratick\u00e9 a protieur\u00f3pske tendencie, motivuje ho ideol\u00f3gia, nie bohatstvo. <\/p>\n<blockquote><p>Kaczy\u0144ski na rozdiel od Orb\u00e1na nebuduje politicko-ekonomick\u00fd klan, ktor\u00fd by okradol vlastn\u00fa krajinu.<\/p><\/blockquote>\n<p>Ke\u010f\u017ee Orb\u00e1n nedok\u00e1zal vytvori\u0165 stredoeur\u00f3psku vydiera\u010dsk\u00fa alianciu, obr\u00e1til sa namiesto toho na in\u00e9 populistick\u00e9 sily v celej E\u00da. Iniciat\u00edva \u201eEur\u00f3pa n\u00e1rodov\u201c poskytla ide\u00e1lny prostriedok na prepojenie nacionalizmu z\u00e1padoeur\u00f3pskych populistov a potreby ma\u010farsk\u00e9ho mafi\u00e1nskeho \u0161t\u00e1tu po beztrestnosti. Orb\u00e1n sa sna\u017eil posilni\u0165 svoje postavenie medzi t\u00fdmito silami vyu\u017e\u00edvan\u00edm migra\u010dnej kr\u00edzy E\u00da a vo v\u0161eobecnosti zos\u00faladen\u00edm svojich z\u00e1ujmov so z\u00e1ujmami svojich autokratick\u00fdch platite\u013eov na v\u00fdchode.<\/p>\n<p>Ale ani toto populistick\u00e9 spojenectvo sa nerozbehlo, ako uk\u00e1zali minulomesa\u010dn\u00e9 v\u00fdsledky volieb do Eur\u00f3pskeho parlamentu. V celej Eur\u00f3pe sa presadili liber\u00e1lne a zelen\u00e9 strany a populisti nedok\u00e1zali prerazi\u0165.<\/p>\n<p>Jedin\u00fd mafi\u00e1nsky \u0161t\u00e1t E\u00da je st\u00e1le bez \u0161krupul\u00ed pri pou\u017e\u00edvan\u00ed n\u00e1tlaku doma, \u010d\u00edm pom\u00e1ha Orb\u00e1novej vl\u00e1dnej koal\u00edcii z\u00edska\u0165 52 % n\u00e1rodn\u00fdch hlasov vo vo\u013eb\u00e1ch do Eur\u00f3pskeho parlamentu. V medzin\u00e1rodnom meradle m\u00e1 v\u0161ak Orb\u00e1nov re\u017eim u\u017e len mal\u00fd man\u00e9vrovac\u00ed priestor. Ob\u010dania E\u00da si uvedomili, \u017ee len \u010fal\u0161ou integr\u00e1ciou m\u00f4\u017ee \u00dania vyr\u00e1s\u0165 z oby\u010dajnej hospod\u00e1rskej ve\u013emoci na glob\u00e1lneho politick\u00e9ho akt\u00e9ra na rovnakej \u00farovni ako Spojen\u00e9 \u0161t\u00e1ty americk\u00e9 a \u010c\u00edna. Okrem toho E\u00da podnik\u00e1 kroky na boj proti korupcii v \u010dlensk\u00fdch \u0161t\u00e1toch t\u00fdm, \u017ee sa sna\u017e\u00ed prepoji\u0165 svoje financovanie s krit\u00e9riami pr\u00e1vneho \u0161t\u00e1tu.<\/p>\n<p>Orb\u00e1nov proti\u00fanijn\u00fd postoj neodr\u00e1\u017ea in\u00fa v\u00edziu Eur\u00f3py. Vypl\u00fdva to sk\u00f4r z jeho potreby izolova\u0165 seba a svoj klan od org\u00e1nov \u010dinn\u00fdch v trestnom konan\u00ed. Spr\u00e1va sa ako zlo\u010dinec, a tak by sa s n\u00edm malo aj zaobch\u00e1dza\u0165.<\/p>\n<hr>\n<p>Orb\u00e1nov\u00e1 \u0161t\u00e1tna mafia ani v roku 2022 z EU a NATO nevyst\u00fapila, teraz vieme pre\u010do! Orb\u00e1n nem\u00e1 \u017eiadny lacn\u00fd rusk\u00fd plyn, ale m\u00e1 z\u013eavu z ceny! Ke\u010f mu u\u017e nefunguje predvolebn\u00e9 stra\u0161enie Ma\u010farov \u015aoro\u0161om, tak sa pustil do liber\u00e1lov.<\/p>\n<h1>Zastavte propag\u00e1ciu Orb\u00e1na v m\u00e9diach<\/h1>\n","protected":false},"excerpt":{"rendered":"<p>Ma\u010farsk\u00fd mafi\u00e1nsky \u0161t\u00e1t Orb\u00e1na bojuje za beztrestnos\u0165 a hr\u00e1 sa na rusk\u00fd Putinov odpad, nad\u00e1va na E\u00da NATO, ale v EU ani z NATO nie a nie vyst\u00fapi\u0165. Tak si to nap\u00ed\u0161eme \u017ee pre\u010do. Ma\u010farsk\u00fd premi\u00e9r Viktor Orb\u00e1n predsed\u00e1 politicko-ekonomick\u00e9mu klanu, ktor\u00fd je na nerozoznanie od s\u00fakromnej zlo\u010dineckej organiz\u00e1cie. Orb\u00e1nov proti\u00fanijn\u00fd postoj neodr\u00e1\u017ea in\u00fa v\u00edziu [&hellip;]<\/p>\n","protected":false},"author":1,"featured_media":0,"comment_status":"closed","ping_status":"open","sticky":false,"template":"","format":"standard","meta":{"footnotes":""},"categories":[5],"tags":[],"class_list":["post-25436","post","type-post","status-publish","format-standard","hentry","category-exo-news"],"_links":{"self":[{"href":"https:\/\/extraslovensko.sk\/spravy\/wp-json\/wp\/v2\/posts\/25436","targetHints":{"allow":["GET"]}}],"collection":[{"href":"https:\/\/extraslovensko.sk\/spravy\/wp-json\/wp\/v2\/posts"}],"about":[{"href":"https:\/\/extraslovensko.sk\/spravy\/wp-json\/wp\/v2\/types\/post"}],"author":[{"embeddable":true,"href":"https:\/\/extraslovensko.sk\/spravy\/wp-json\/wp\/v2\/users\/1"}],"replies":[{"embeddable":true,"href":"https:\/\/extraslovensko.sk\/spravy\/wp-json\/wp\/v2\/comments?post=25436"}],"version-history":[{"count":0,"href":"https:\/\/extraslovensko.sk\/spravy\/wp-json\/wp\/v2\/posts\/25436\/revisions"}],"wp:attachment":[{"href":"https:\/\/extraslovensko.sk\/spravy\/wp-json\/wp\/v2\/media?parent=25436"}],"wp:term":[{"taxonomy":"category","embeddable":true,"href":"https:\/\/extraslovensko.sk\/spravy\/wp-json\/wp\/v2\/categories?post=25436"},{"taxonomy":"post_tag","embeddable":true,"href":"https:\/\/extraslovensko.sk\/spravy\/wp-json\/wp\/v2\/tags?post=25436"}],"curies":[{"name":"wp","href":"https:\/\/api.w.org\/{rel}","templated":true}]}}