{"id":25447,"date":"2022-05-19T20:20:38","date_gmt":"2022-05-19T20:20:38","guid":{"rendered":"https:\/\/extraslovensko.sk\/spravy\/?p=25447"},"modified":"2022-05-19T20:20:38","modified_gmt":"2022-05-19T20:20:38","slug":"nova-europska-zelezna-lady-kaja-kallasova","status":"publish","type":"post","link":"https:\/\/extraslovensko.sk\/spravy\/nova-europska-zelezna-lady-kaja-kallasova\/","title":{"rendered":"Eur\u00f3pska \u017delezn\u00e1 Lady, Kaja Kallasov\u00e1"},"content":{"rendered":"<p>Nov\u00e1  \u017delezn\u00e1 Lady eur\u00f3py: Est\u00f3nska premi\u00e9rka Kaja Kallasov\u00e1. Pobaltsk\u00fd l\u00edder sa stal najsilnej\u0161\u00edm z\u00e1stancom nekompromisnej reakcie vo\u010di Rusku. Nad\u00fdchni sa,\u201c povedal Siim Kallas svojej dc\u00e9re v roku 1988. \u201eJe to vzduch slobody, ktor\u00fd prich\u00e1dza z druhej strany.\u201c Kaja Kallas mala vtedy 11 rokov. Cesta do v\u00fdchodn\u00e9ho Berl\u00edna z rodn\u00e9ho Est\u00f3nska, vtedy e\u0161te pod ruskou okup\u00e1ciou ako s\u00fa\u010das\u0165 Sovietskeho zv\u00e4zu, bola sama o sebe ve\u013ek\u00e1 vec.<\/p>\n<p>Eur\u00f3pska \u017eena kovan\u00e1 minulos\u0165ou, ako my, kovan\u00ed u\u017e rokom 1968! Bl\u00e1zniv\u00e9ho mafi\u00e1na Orb\u00e1na nevykoval ani rok 1956, dodnes. <\/p>\n<p>\u017delezn\u00e1 lady, Kaja Kallasov\u00e1.<\/p>\n<h1>Nov\u00e1 est\u00f3nska \u017delezn\u00e1 lady, Kaja Kallasov\u00e1, najrobustnej\u0161\u00ed hlas E\u00da<\/h1>\n<p>Dnes, ako predseda vl\u00e1dy Est\u00f3nska, sa Kallas uk\u00e1zala ako najrobustnej\u0161\u00ed hlas E\u00da za nekompromisn\u00fa odpove\u010f na rusk\u00fa inv\u00e1ziu na Ukrajinu. Je prakticky nemo\u017en\u00e9 oddeli\u0165 tento v\u00fdvoj od v\u00fdznamn\u00fdch udalost\u00ed jej vlastn\u00e9ho ran\u00e9ho \u017eivota. <\/p>\n<p>&#8220;Som z tej \u0161\u0165astnej gener\u00e1cie,&#8221; hovor\u00ed. \u201e\u017dili sme vo v\u00e4zen\u00ed, bez slobody, bez mo\u017enosti v\u00fdberu, bez ni\u010doho. A v roku 1991, ke\u010f som bol t\u00edned\u017eer, sme z\u00edskali sp\u00e4\u0165 svoju nez\u00e1vislos\u0165 a slobodu.\u201c Porovn\u00e1va to s gener\u00e1ciou svojich star\u00fdch rodi\u010dov, ktor\u00e1, ako sama hovor\u00ed, \u201emala v\u0161etko\u201c v nez\u00e1vislom Est\u00f3nsku a v\u0161etko stratila, ke\u010f krajinu v roku 1940 okupoval Sovietsky zv\u00e4z.<\/p>\n<p>Vych\u00e1dzaj\u00fac zo svojej minulosti a minulosti svojej krajiny vynikla \u00farov\u0148ou podpory, ktor\u00fa jej vl\u00e1da poskytla Ukrajine (najvy\u0161\u0161ia na obyvate\u013ea zo v\u0161etk\u00fdch kraj\u00edn na svete). Od prv\u00fdch dn\u00ed vojny tie\u017e d\u00f4razne a bez v\u00fdhrad tvrdila, \u017ee inv\u00e1ziu Vladim\u00edra Putina treba porazi\u0165, Ukrajina mus\u00ed vyhra\u0165 a Z\u00e1pad bude dr\u017ea\u0165 l\u00edniu len tak, \u017ee bude \u010deli\u0165 rusk\u00e9mu \u00fatoku so zodpovedaj\u00facou v\u00f4\u013eou br\u00e1ni\u0165 Ukrajinu, seba a jej hodnoty.<\/p>\n<p>Po\u010das diskusie sa Kallas p\u00fdtaj\u00fa, \u010do by to znamenalo, keby bola Ukrajina porazen\u00e1. Odpoved\u00e1 t\u00fdm, \u017ee nedefinuje por\u00e1\u017eku, ale jej opak: \u201eV\u00ed\u0165azstvo by znamenalo, \u017ee Rusko sa vr\u00e1ti tam, kde s\u00fa hranice Ruska. Tak sa vr\u00e1tia a stiahnu.&#8221; Por\u00e1\u017eku, pokra\u010duje, je \u0165a\u017e\u0161ie definova\u0165 a jej v\u00fdznam je v kone\u010dnom d\u00f4sledku na Ukrajine. Poch\u00e1dzaj\u00fac z Berl\u00edna, kde nemeck\u00fd establishment str\u00e1vil posledn\u00e9 t\u00fd\u017edne straten\u00fd v malichern\u00fdch debat\u00e1ch o diplomatickom protokole a handrkovan\u00ed o tom, \u010di bolo Rusko vyprovokovan\u00e9 a \u010di Ukrajina rob\u00ed dos\u0165 pre \u201emier\u201c, nach\u00e1dzam v nej silu, \u00faprimnos\u0165 a mor\u00e1lnu \u010distotu. argumenty okam\u017eite pr\u00ed\u0165a\u017eliv\u00e9.<\/p>\n<p>Eur\u00f3pska Kallas z\u00e1sadne odmieta my\u0161lienku, \u017ee koniec konfliktu treba h\u013eada\u0165 za ka\u017ed\u00fa cenu. \u201eMysl\u00edm, \u017ee ka\u017ed\u00fd mus\u00ed pochopi\u0165, \u017ee mier nie je kone\u010dn\u00fdm cie\u013eom, ak to znamen\u00e1, \u017ee agresia sa vypl\u00e1ca,\u201c hovor\u00ed. \u201eChcem t\u00fdm poveda\u0165, \u017ee ke\u010f poviete \u201aOK, nech je mier a ka\u017ed\u00fd zostane tam, kde je\u2018, st\u00e1le to znamen\u00e1, \u017ee Rusko zabralo ve\u013ek\u00fa \u010das\u0165 \u00fazemia Ukrajiny, Ukrajina je suver\u00e9nna a nez\u00e1visl\u00e1 krajina. Tak\u017ee to znamen\u00e1, \u017ee agresivita sa naozaj vypl\u00e1ca.\u201c Ak sa tak stane, je len ot\u00e1zkou \u010dasu, kedy KGB\u00e1k Putin op\u00e4\u0165 zasiahne: <\/p>\n<p>\u201eAk Rusko nebude potrestan\u00e9 za to, \u010do rob\u00ed, potom bude pauza jeden, dva roky a potom bude v\u0161etko pokra\u010dova\u0165: zverstv\u00e1, \u013eudsk\u00e9 utrpenie, v\u0161etko.&#8221; Dod\u00e1va, \u017ee to nebude len Ukrajina, ktorej hroz\u00ed posmelen\u00fd Putin. \u201eM\u00e1m na mysli \u010fal\u0161ie krajiny okolo Ruska. Moldavsko&#8230; Imperialistick\u00fd sen nikdy nezomrel.\u201c M\u00e1lokto pochybuje, \u017ee Est\u00f3nsko by mohlo by\u0165 v takejto situ\u00e1cii hlavn\u00fdm cie\u013eom.<\/p>\n<p>Ke\u010f sa 24. febru\u00e1ra za\u010dala rusk\u00e1 inv\u00e1zia, Kallas a jej vl\u00e1da boli pochm\u00farne potvrden\u00ed. Ako in\u00ed, aj oni sa ocitli v novom svete. Na rozdiel od in\u00fdch to bol svet, ktor\u00e9mu rozumeli a vedeli sa v \u0148om orientova\u0165. Jej vl\u00e1da ur\u00fdchlila presun zbran\u00ed na Ukrajinu vyslan\u00edm protitankov\u00fdch rakiet FGM-148 Javelin a delostrelectva, ako s\u00fa h\u00fafnice D-30. <\/p>\n<p>Odvtedy sa Kallas stala pre s\u00fa\u010dasn\u00fa Eur\u00f3pu nie\u010do ako \u017eelezn\u00e1 lady, ktor\u00e1 stanovila \u0161tandard pre r\u00e1znu a seri\u00f3znu reakciu na Putinov nevyprovokovan\u00fd n\u00e1por. Koncom apr\u00edla predniesla diplomatick\u00fd, no \u00faprimn\u00fd prejav k nemeck\u00e9mu establishmentu v Berl\u00edne. Za dva mesiace od 1. marca do 2. m\u00e1ja bola v medzin\u00e1rodn\u00fdch m\u00e9di\u00e1ch citovan\u00e1 11 560-kr\u00e1t, \u010do je ohromuj\u00face \u010d\u00edslo na l\u00eddra krajiny s po\u010dtom obyvate\u013eov pribli\u017ene rovnakou ve\u013ekos\u0165ou ako Birmingham. <\/p>\n<p>\u201eEst\u00f3nska premi\u00e9rka Kaja Kallasov\u00e1 je v s\u00fa\u010dasnosti jednou z najjasnej\u0161\u00edch a najodv\u00e1\u017enej\u0161\u00edch svetov\u00fdch l\u00eddrov. Potrebujeme viac \u017eien, ako je ona, na \u010dele,\u201c nap\u00edsala 29. apr\u00edla vplyvn\u00e1 ukrajinsk\u00e1 novin\u00e1rka Olga Tokariuk. Historik Timothy Garton Ash ju ned\u00e1vno citoval spolu s premi\u00e9rmi \u0160panielska a Holandska \u2013 obe ove\u013ea v\u00e4\u010d\u0161\u00edch kraj\u00edn ako Est\u00f3nsko \u2013 ako troch k\u013e\u00fa\u010dov\u00fdch hr\u00e1\u010dov, ktor\u00ed m\u00f4\u017eu spolupracova\u0165 s ned\u00e1vno znovuzvolen\u00fdm Emmanuelom Macronom na budovan\u00ed novej, dynamickej E\u00da.<\/p>\n<p>Kallas si nerob\u00ed il\u00fazie o tom, pre\u010do Est\u00f3nsko na\u0161lo nov\u00fd vplyv. \u201eM\u00e1m pocit, \u017ee n\u00e1s po\u010d\u00favaj\u00fa viac ako predt\u00fdm. Cel\u00e9 tie roky sme Z\u00e1padu hovorili, \u017ee rusk\u00fd imperialistick\u00fd sen nikdy nezomrel. A najm\u00e4 v dev\u00e4\u0165desiatych rokoch n\u00e1m bolo povedan\u00e9: \u201ePre\u010do potrebujete NATO? Pre\u010do chcete vst\u00fapi\u0165 do NATO a E\u00da? Rusko u\u017e nepredstavuje hrozbu.\u201c <\/p>\n<blockquote><p>Ale povedali sme si, \u017ee pozn\u00e1me n\u00e1\u0161ho suseda. A boli to ve\u013emi m\u00fadre rozhodnutia, ktor\u00e9 sme v tom \u010dase urobili. Tak\u017ee dnes m\u00e1m pocit, \u017ee n\u00e1s viac po\u010d\u00fava, ke\u010f\u017ee vieme, o \u010dom hovor\u00edme.\u201c<\/p><\/blockquote>\n<p>Kallas bude medzi l\u00eddrami NATO na prelomovom summite aliancie v Madride v j\u00fani. \u010co sa tam mus\u00ed sta\u0165? \u201ePotrebujeme, aby sa odstra\u0161uj\u00faci postoj zmenil na obrann\u00fd postoj,\u201c odpoved\u00e1. To znamen\u00e1 posun od odvr\u00e1tenia Ruska od \u00fatoku na NATO k schopnosti zabr\u00e1ni\u0165 mu v kr\u00e1tkom \u010dase ovl\u00e1dnu\u0165 \u00fazemie NATO. Spres\u0148uje, \u017ee si to vy\u017eaduje pr\u00edtomnos\u0165 NATO na \u00farovni div\u00edzie v ka\u017edom pobaltskom \u0161t\u00e1te (v\u00fdrazn\u00fd n\u00e1rast jednotiek v porovnan\u00ed s t\u00fdmi, ktor\u00e9 s\u00fa u\u017e pr\u00edtomn\u00e9 na \u010dele so Spojen\u00fdm kr\u00e1\u013eovstvom v Est\u00f3nsku), viac zdie\u013eania spravodajsk\u00fdch inform\u00e1ci\u00ed a posun od leteckej pol\u00edcie k protivzdu\u0161nej obrane. &#8220;Tam, kde teraz len letia hore a hovoria &#8216;Tu nem\u00f4\u017eete lieta\u0165&#8217;, protivzdu\u0161n\u00e1 obrana znamen\u00e1, \u017ee ak niekto vst\u00fapi do n\u00e1\u0161ho vzdu\u0161n\u00e9ho priestoru, m\u00e1me pr\u00e1vo ho tie\u017e zlo\u017ei\u0165.&#8221;<\/p>\n<p>Kallas kon\u010d\u00ed varovan\u00edm pre \u010ditate\u013eov v Spojenom kr\u00e1\u013eovstve, USA a \u010fal\u0161\u00edch z\u00e1padn\u00fdch krajin\u00e1ch. Cituj\u00fac historika Timothyho Snydera a jeho knihu<em> The Road to Unfreedom<\/em>, pripisuje Putinovi n\u00e1zor, \u017ee <\/p>\n<blockquote><p>\u201eak sa Rusko nem\u00f4\u017ee sta\u0165 Z\u00e1padom, potom sa Z\u00e1pad mus\u00ed sta\u0165 Ruskom\u201c. <\/p><\/blockquote>\n<p>In\u00fdmi slovami: Z\u00e1pad sa mus\u00ed zvrhn\u00fa\u0165 na kon\u0161pira\u010dn\u00fa, autoritat\u00edvnu no\u010dn\u00fa moru. Kreme\u013e, tvrd\u00ed est\u00f3nsky premi\u00e9r, sa bude na\u010falej sna\u017ei\u0165 podkopa\u0165 jednotu Z\u00e1padu prostredn\u00edctvom kybernetick\u00fdch hrozieb a propagovan\u00edm m\u00fdtov o mor\u00e1lne skorumpovan\u00fdch a \u201eprotirodinn\u00fdch\u201c liber\u00e1lnych spolo\u010dnostiach. \u201eHoci sa ve\u013emi zameriavame na konven\u010dn\u00fa vojnu, ktor\u00e1 prebieha na Ukrajine, hybridn\u00e9 hrozby nikdy nezmizli,\u201c hovor\u00ed. <\/p>\n<p>\u201eUdr\u017ea\u0165 jednotu bude \u010doraz \u0165a\u017e\u0161ie. Ale ke\u010f to hovor\u00edm, som tie\u017e pozit\u00edvne prekvapen8, \u017ee sme dok\u00e1zali udr\u017ea\u0165 jednotu. Spolu sme siln\u00ed.&#8221;<\/p>\n<hr>\n<p>V\u00fdborn\u00e9 knihy na \u010d\u00edtanie a pochopenie od Timothyho Snydera: <\/p>\n<div class=\"container\">\n<div class=\"row\">\n<div class=\"col-sm\">\n    <a href=\"https:\/\/sister.tiny.us\/unfreedom\">  <img decoding=\"async\" class=\"cento\" id=\"imog2\" src=\"\/image\/unfreedom.jpg\" alt=\"The Road to Unfreedom: Russia, Europe, America, Timothy Snyder\" \/><\/a>\n    <\/div>\n<div class=\"col-sm\">\n    <a href=\"https:\/\/sister.tiny.us\/bloodland\"> <img decoding=\"async\" class=\"cento\" id=\"imog2\" src=\"\/image\/bloodlands.jpg\" alt=\"Bloodlands: Europe Between Hitler and Stalin, Timothy Snyder\" \/><\/a>\n    <\/div>\n<\/p><\/div>\n<\/div>\n<hr>\n<p>Ka\u017ed\u00fd norm\u00e1lny \u010dlovek vie, \u017ee na Ukrajine sa nemohlo za rok narodi\u0165 44 milionov banderovcov, nacistov, ako to vymyslel debil Timofej Sergejcev a slovensk\u00ed dementn\u00ed rusofili. Minul\u00e9ho roku vojna nebola, Bodka!<\/p>\n<h2>Zastavte prorusk\u00e9 deziform\u00e1cie na Slovensku<\/h2>\n","protected":false},"excerpt":{"rendered":"<p>Nov\u00e1 \u017delezn\u00e1 Lady eur\u00f3py: Est\u00f3nska premi\u00e9rka Kaja Kallasov\u00e1. Pobaltsk\u00fd l\u00edder sa stal najsilnej\u0161\u00edm z\u00e1stancom nekompromisnej reakcie vo\u010di Rusku. Nad\u00fdchni sa,\u201c povedal Siim Kallas svojej dc\u00e9re v roku 1988. \u201eJe to vzduch slobody, ktor\u00fd prich\u00e1dza z druhej strany.\u201c Kaja Kallas mala vtedy 11 rokov. Cesta do v\u00fdchodn\u00e9ho Berl\u00edna z rodn\u00e9ho Est\u00f3nska, vtedy e\u0161te pod ruskou okup\u00e1ciou [&hellip;]<\/p>\n","protected":false},"author":1,"featured_media":0,"comment_status":"closed","ping_status":"open","sticky":false,"template":"","format":"standard","meta":{"footnotes":""},"categories":[5],"tags":[],"class_list":["post-25447","post","type-post","status-publish","format-standard","hentry","category-exo-news"],"_links":{"self":[{"href":"https:\/\/extraslovensko.sk\/spravy\/wp-json\/wp\/v2\/posts\/25447","targetHints":{"allow":["GET"]}}],"collection":[{"href":"https:\/\/extraslovensko.sk\/spravy\/wp-json\/wp\/v2\/posts"}],"about":[{"href":"https:\/\/extraslovensko.sk\/spravy\/wp-json\/wp\/v2\/types\/post"}],"author":[{"embeddable":true,"href":"https:\/\/extraslovensko.sk\/spravy\/wp-json\/wp\/v2\/users\/1"}],"replies":[{"embeddable":true,"href":"https:\/\/extraslovensko.sk\/spravy\/wp-json\/wp\/v2\/comments?post=25447"}],"version-history":[{"count":0,"href":"https:\/\/extraslovensko.sk\/spravy\/wp-json\/wp\/v2\/posts\/25447\/revisions"}],"wp:attachment":[{"href":"https:\/\/extraslovensko.sk\/spravy\/wp-json\/wp\/v2\/media?parent=25447"}],"wp:term":[{"taxonomy":"category","embeddable":true,"href":"https:\/\/extraslovensko.sk\/spravy\/wp-json\/wp\/v2\/categories?post=25447"},{"taxonomy":"post_tag","embeddable":true,"href":"https:\/\/extraslovensko.sk\/spravy\/wp-json\/wp\/v2\/tags?post=25447"}],"curies":[{"name":"wp","href":"https:\/\/api.w.org\/{rel}","templated":true}]}}