{"id":25537,"date":"2022-05-23T06:55:24","date_gmt":"2022-05-23T06:55:24","guid":{"rendered":"https:\/\/extraslovensko.sk\/spravy\/?p=25537"},"modified":"2022-05-23T06:55:24","modified_gmt":"2022-05-23T06:55:24","slug":"preco-turecko-naschval-blokuje-rokovania-o-vstupe-finska-a-svedska-do-nato","status":"publish","type":"post","link":"https:\/\/extraslovensko.sk\/spravy\/preco-turecko-naschval-blokuje-rokovania-o-vstupe-finska-a-svedska-do-nato\/","title":{"rendered":"Pre\u010do Turecko blokuje rokovania o vstupe F\u00ednska a \u0160v\u00e9dska do NATO"},"content":{"rendered":"<p>Pre\u010do Turecko blokuje rokovanie o vstupe F\u00ednska a \u0160v\u00e9dska do NATO. Recep Tayyip Erdogan pou\u017e\u00edva svoje pr\u00e1vo veta \u2013 jeho d\u00f4vody s\u00fa r\u00f4zne. V\u00e4\u010d\u0161ina l\u00eddrov NATO priv\u00edtala dvoch \u017eiadate\u013eov s otvorenou n\u00e1ru\u010dou. Na rozdiel od mnoh\u00fdch ned\u00e1vnych \u010dlenov, najnov\u0161\u00edmi s\u00fa \u010cierna Hora a Severn\u00e9 Maced\u00f3nsko, seversk\u00ed \u017eiadatelia prines\u00fa do aliancie pokro\u010dil\u00e9 vojensk\u00e9 kapacity a pom\u00f4\u017eu posilni\u0165 jej severn\u00e9 kr\u00eddlo. <\/p>\n<p>A t\u00fdm, \u017ee sa vzdali svojej trad\u00edcie neanga\u017eovanosti, ich rozhodnutie vst\u00fapi\u0165 do NATO je ostrou v\u00fd\u010ditkou pre Rusko a jeho agres\u00edvnu vojnu proti Ukrajine.<\/p>\n<h1>Pre\u010do Turecko blokuje rokovania o vstupe F\u00ednska a \u0160v\u00e9dska do NATO<\/h1>\n<p>Erdogan v\u0161ak za\u010diatkom tohto mesiaca prekvapil svojich spojencov, ke\u010f povedal, \u017ee je proti \u017eiadosti. St\u00e1le nie je jasn\u00e9, \u010do presne chce: obmedzenia pre svojich nepriate\u013eov v zahrani\u010d\u00ed, americk\u00e9 zbrane, politick\u00fa pozornos\u0165 alebo priaze\u0148 Vladim\u00edra Putina , rusk\u00e9ho vodcu, ktor\u00e9ho st\u00e1le naz\u00fdva priate\u013eom?<\/p>\n<p>Obvinil t\u00fato dvojicu, najm\u00e4 \u0160v\u00e9dsko, z toho, \u017ee je \u201e\u00fapln\u00fdm ohniskom terorizmu\u201c za to, \u017ee poskytuje \u00fato\u010disko \u010dlenom Strany kurdsk\u00fdch pracuj\u00facich PKK, povstalcom v preva\u017ene kurdsk\u00fdch regi\u00f3noch Turecka a pr\u00edvr\u017eencom Fethullaha G\u00fclena ktor\u00fdch obvi\u0148uje. podnecovania ne\u00faspe\u0161n\u00e9ho prevratu v roku 2016. Tak\u00e9to obvinenia by mohli by\u0165 vznesen\u00e9 proti mnoh\u00fdm \u010dlenom NATO  v neposlednom rade Amerike, ktor\u00e1 vyzbrojila s\u00fdrsku odno\u017e PKK na boj proti d\u017eih\u00e1distom z Islamsk\u00e9ho \u0161t\u00e1tu a je domovom samotn\u00e9ho G\u00fclena.<\/p>\n<p>Rozdiel je v tom, \u017ee ke\u010f sa prihl\u00e1sia nov\u00e9 krajiny, pravidl\u00e1 nato vy\u017eaduj\u00fa, aby v\u0161etci existuj\u00faci \u010dlenovia podporovali \u017eiadate\u013ea, \u010d\u00edm sa ktor\u00fdko\u013evek z nich m\u00f4\u017ee vyu\u017ei\u0165. Gr\u00e9cko napr\u00edklad zdr\u017ealo \u010dlenstvo Severn\u00e9ho Maced\u00f3nska na desa\u0165ro\u010die kv\u00f4li sporu o meno nov\u00e9ho spojenca. Erdogan sa teraz sna\u017e\u00ed vyu\u017ei\u0165 najak\u00fatnej\u0161iu kr\u00edzu eur\u00f3pskej bezpe\u010dnosti od konca studenej vojny na z\u00edskanie politickej v\u00fdhody.<\/p>\n<p>21. m\u00e1ja hovoril s Jensom Stoltenbergom, gener\u00e1lnym tajomn\u00edkom nato , ako aj so Saulim Niinistom, f\u00ednskym prezidentom, a Magdalenou Andersson, \u0161v\u00e9dskou premi\u00e9rkou. Ni\u010d nenasved\u010dovalo prelomu. Kancel\u00e1ria p\u00e1na Erdogana na Twitteri uviedla, \u017ee Turecko nemohlo reagova\u0165 pozit\u00edvne, k\u00fdm Nordici neprejavili solidaritu s Tureckom \u201ev z\u00e1kladn\u00fdch ot\u00e1zkach, najm\u00e4 v boji proti terorizmu\u201c. Nejasne povedala F\u00ednsku, \u017ee o\u010dak\u00e1va \u201ere\u0161pekt\u201c a \u201epodporu\u201c pre svoje bezpe\u010dnostn\u00e9 obavy. <\/p>\n<p>Ostrej\u0161ie po\u017eadovalo, aby \u0160v\u00e9dsko \u201epodniklo konkr\u00e9tne kroky\u201c proti PKK a jej odno\u017e\u00e1m a zru\u0161ilo zbrojn\u00e9 embargo, ktor\u00e9 uvalilo na Turecko.<\/p>\n<p>Pod\u013ea zoznamu, ktor\u00fd rozoslali tureck\u00e9 provl\u00e1dne m\u00e9di\u00e1, medzi po\u017eiadavky p\u00e1na Erdogana patr\u00ed potla\u010denie gulenistov v exile; preru\u0161enie podpory administrat\u00edve severov\u00fdchodnej S\u00fdrie, ktor\u00fa Turecko pova\u017euje za roz\u0161\u00edrenie PKK; a vydanie viac ako 30 sympatizantov t\u00fdchto dvoch skup\u00edn.<\/p>\n<p>Erdogan v\u0161ak mo\u017eno preh\u00e1\u0148a svoje karty. Ani \u0160v\u00e9dsko, ani F\u00ednsko pravdepodobne nevydaj\u00fa exulantov do krajiny, ktor\u00e1 od roku 2016 zadr\u017eiavala viac ako 300 000 \u013eud\u00ed \u2013 od ozbrojen\u00fdch militantov a\u017e po \u0161tudentov a politikov \u2013 na z\u00e1klade obvinen\u00ed z terorizmu. \u201eDiplomatick\u00fd kompromis je mo\u017en\u00fd, ale z\u010faleka nie ist\u00fd,\u201c hovor\u00ed Paul Levin, riadite\u013e In\u0161tit\u00fatu tureck\u00fdch \u0161t\u00fadi\u00ed \u0160tokholmskej univerzity. Boj proti PKK zah\u0155\u0148a z\u00e1kladn\u00e9 ot\u00e1zky n\u00e1rodnej identity Turecka, hovor\u00ed p\u00e1n Levin, ale mnoh\u00ed \u0160v\u00e9di tie\u017e pova\u017euj\u00fa podporu slobody prejavu a solidaritu s utl\u00e1\u010dan\u00fdmi za z\u00e1kladn\u00fa s\u00fa\u010das\u0165 svojej identity. To s\u0165a\u017e\u00ed ka\u017edej strane kompromis.<\/p>\n<p>N\u00e1mietky Turecka m\u00f4\u017eu ma\u0165 menej spolo\u010dn\u00e9ho so \u0160v\u00e9dskom a F\u00ednskom ako s Amerikou. Erdogan sa c\u00edtil urazen\u00fd prezidentom Joeom Bidenom, ktor\u00fd si udr\u017eiaval odstup, na rozdiel od Donalda Trumpa, ktor\u00fd ho objal. Erdogan nebol medzi 100 svetov\u00fdmi l\u00eddrami, ktor\u00ed boli pozvan\u00ed z\u00fa\u010dastni\u0165 sa minul\u00fd rok na Bidenovom videu \u201esummit za demokraciu\u201c. <\/p>\n<blockquote><p>Turecko bolo tie\u017e pob\u00faren\u00e9, \u017ee Amerika uvalila sankcie a vyl\u00fa\u010dila ho z programu v\u00fdroby st\u00edha\u010dky F-35 v reakcii na rozhodnutie Turecka k\u00fapi\u0165 a rozmiestni\u0165 raketov\u00fd syst\u00e9m protivzdu\u0161nej obrany S-400 ruskej v\u00fdroby.<\/p><\/blockquote>\n<p>Zd\u00e1 sa, \u017ee v poslednom \u010dase sa vz\u0165ahy zlep\u0161ili a zdalo sa, \u017ee dohoda pre Turecko o k\u00fape 40 nov\u00fdch lietadiel f &#8211; 16 spolu so s\u00fapravami na moderniz\u00e1ciu \u010fal\u0161\u00edch 80 st\u00edha\u010diek si vo Washingtone z\u00edskava podporu. Mo\u017eno si niektor\u00ed myslia, \u017ee p\u00e1n Erdogan sa sna\u017e\u00ed vyu\u017ei\u0165 svoj vplyv v nato na ur\u00fdchlenie dohody o f &#8211; 16. Pravdepodobnej\u0161ie je, \u017ee jeho ob\u0161trukcionizmus zv\u00fd\u0161i hnev Kongresu. Turecko by tie\u017e chcelo, aby ostatn\u00ed \u010dlenovia nato obnovili predaj zbran\u00ed, ktor\u00fd bol \u010diasto\u010dne zastaven\u00fd po spusten\u00ed vojenskej ofenz\u00edvy proti Kurdom v S\u00fdrii. Brit\u00e1nia zru\u0161ila svoj z\u00e1kaz koncom minul\u00e9ho roka.<\/p>\n<p>Posledn\u00fdm a najmenej dobro\u010dinn\u00fdm vysvetlen\u00edm je, \u017ee p\u00e1n Erdogan rob\u00ed p\u00e1novi Putinovi l\u00e1skavos\u0165 alebo v \u0148u d\u00fafa. Vz\u0165ah medzi t\u00fdmito dvoma silami zost\u00e1va nevyspytate\u013en\u00fd a tureck\u00e1 politika vo vojne na Ukrajine bola cvi\u010den\u00edm v ohradzovan\u00ed. Turecko je proti ruskej inv\u00e1zii a predalo Ukrajine sl\u00e1vne ozbrojen\u00e9 drony Bayraktar tb -2. Odmieta v\u0161ak s\u00fahlas so z\u00e1padn\u00fdmi sankciami proti Rusku a namiesto toho s\u00fadi rusk\u00e9 peniaze. Erdogan uzn\u00e1va, \u017ee presadzuje \u201evyv\u00e1\u017een\u00fa politiku\u201c.<\/p>\n<p>\u0160v\u00e9dsko a F\u00ednsko d\u00fafali, \u017ee r\u00fdchlo uzavr\u00fa rokovania s nato a podp\u00ed\u0161u pr\u00edstupov\u00fd protokol pred summitom aliancie v Madride 29. \u2013 30. j\u00fana (ratifik\u00e1cia a form\u00e1lne \u010dlenstvo bude trva\u0165 nieko\u013eko mesiacov). T\u00e1to perspekt\u00edva sa v\u0161ak str\u00e1ca. \u201eJe to ako \u0161vaj\u010diarsky n\u00f4\u017e pre Erdogana \u2013 multifunk\u010dn\u00fd n\u00e1stroj na z\u00edskanie \u00fastupkov od \u0160v\u00e9dov, alebo na podnietenie nacionalistick\u00fdch n\u00e1lad alebo zozn\u00e1menie sa s Joeom Bidenom,\u201c hovor\u00ed Eric Edelman, b\u00fdval\u00fd predstavite\u013e Pentagonu, ve\u013evyslanec v Turecku a F\u00ednsku. <\/p>\n<p>&#8220;Som si ist\u00fd, \u017ee to potiahne aspo\u0148 do madridsk\u00e9ho summitu, ak pre ni\u010d in\u00e9, tak preto, \u017ee ho to urob\u00ed stredobodom pozornosti.&#8221;<\/p>\n<p>To vedie k e\u0161te nap\u00e4tej\u0161iemu \u010dakaniu zo strany \u017eiadate\u013eov. Ich odhodlanie pripoji\u0165 sa k aliancii rozhnevalo Rusko, ktor\u00e9 pohrozilo nedefinovan\u00fdmi \u201evojensko-technick\u00fdmi\u201c opatreniami. K\u00fdm sa nedokon\u010d\u00ed ich prist\u00fapenie, nie s\u00fa chr\u00e1nen\u00e9 \u010dl\u00e1nkom 5 natozmluva, ktor\u00e1 hovor\u00ed, \u017ee \u00fatok na jedn\u00e9ho spojenca sa bude pova\u017eova\u0165 za \u00fatok na v\u0161etk\u00fdch. Z\u00e1sah p\u00e1na Erdogana zvy\u0161uje d\u00f4le\u017eitos\u0165 do\u010dasnej bezpe\u010dnostnej z\u00e1ruky, ktor\u00fa pon\u00faka Amerika a niektor\u00ed \u010fal\u0161\u00ed spojenci, ako napr\u00edklad Brit\u00e1nia. <\/p>\n<p>\u201eBudeme spolupracova\u0165, aby sme zostali ostra\u017eit\u00ed vo\u010di hrozb\u00e1m pre na\u0161u spolo\u010dn\u00fa bezpe\u010dnos\u0165 a aby sme odradili a \u010delili akejko\u013evek agresii, k\u00fdm s\u00fa F\u00ednsko a \u0160v\u00e9dsko v tomto pr\u00edstupovom procese,\u201c vyhl\u00e1sil p\u00e1n Biden 19. m\u00e1ja po hos\u0165ovan\u00ed p\u00e1na Niinista a pani Anderssonovej na biely dom. &#8220;Ni\u010d mi nebude ch\u00fdba\u0165,&#8221; ako by povedala moja matka, &#8220;medzi poh\u00e1rom a perou.&#8221;<\/p>\n<p>P\u00e1n Biden v\u0161ak povedal, \u017ee nepocestuje do Turecka sprostredkova\u0165 dohodu. Jeho vysok\u00ed predstavitelia hovorili s poru\u010d\u00edkmi p\u00e1na Erdogana, ale administrat\u00edva sa sna\u017e\u00ed zosta\u0165 na ved\u013eaj\u0161ej ko\u013eaji. Jake Sullivan, poradca p\u00e1na Bidena pre n\u00e1rodn\u00fa bezpe\u010dnos\u0165, hovor\u00ed, \u017ee spor \u201ev z\u00e1sade\u201c zah\u0155\u0148a Turecko a dve seversk\u00e9 krajiny. \u201eToto nie je probl\u00e9m USA, okrem toho, \u017ee chceme, aby sa to vyrie\u0161ilo sp\u00f4sobom, ktor\u00fd privedie t\u00fdchto dvoch \u010dlenov do aliancie. A sme presved\u010den\u00ed, \u017ee sa tak stane.&#8221;<\/p>\n<p>Rovnako ako pri rokovaniach s rukojemn\u00edkmi, Amerika m\u00f4\u017ee predstiera\u0165 \u013eahostajnos\u0165 v n\u00e1deji, \u017ee zn\u00ed\u017ei cenu Erdogana. Edelman si v\u0161ak mysl\u00ed, \u017ee  Biden bude musie\u0165 zazvoni\u0165 na Kulliye: <\/p>\n<p>\u201ePrezident je vodcom Aliancie a opakovane povedal, \u017ee \u201eAmerika je sp\u00e4\u0165\u201c.<br \/>\nBude musie\u0165 vystupova\u0165 a kona\u0165 ako vodca Aliancie.\u201c<\/p>\n","protected":false},"excerpt":{"rendered":"<p>Pre\u010do Turecko blokuje rokovanie o vstupe F\u00ednska a \u0160v\u00e9dska do NATO. Recep Tayyip Erdogan pou\u017e\u00edva svoje pr\u00e1vo veta \u2013 jeho d\u00f4vody s\u00fa r\u00f4zne. V\u00e4\u010d\u0161ina l\u00eddrov NATO priv\u00edtala dvoch \u017eiadate\u013eov s otvorenou n\u00e1ru\u010dou. Na rozdiel od mnoh\u00fdch ned\u00e1vnych \u010dlenov, najnov\u0161\u00edmi s\u00fa \u010cierna Hora a Severn\u00e9 Maced\u00f3nsko, seversk\u00ed \u017eiadatelia prines\u00fa do aliancie pokro\u010dil\u00e9 vojensk\u00e9 kapacity a pom\u00f4\u017eu [&hellip;]<\/p>\n","protected":false},"author":1,"featured_media":0,"comment_status":"closed","ping_status":"open","sticky":false,"template":"","format":"standard","meta":{"footnotes":""},"categories":[5],"tags":[],"class_list":["post-25537","post","type-post","status-publish","format-standard","hentry","category-exo-news"],"_links":{"self":[{"href":"https:\/\/extraslovensko.sk\/spravy\/wp-json\/wp\/v2\/posts\/25537","targetHints":{"allow":["GET"]}}],"collection":[{"href":"https:\/\/extraslovensko.sk\/spravy\/wp-json\/wp\/v2\/posts"}],"about":[{"href":"https:\/\/extraslovensko.sk\/spravy\/wp-json\/wp\/v2\/types\/post"}],"author":[{"embeddable":true,"href":"https:\/\/extraslovensko.sk\/spravy\/wp-json\/wp\/v2\/users\/1"}],"replies":[{"embeddable":true,"href":"https:\/\/extraslovensko.sk\/spravy\/wp-json\/wp\/v2\/comments?post=25537"}],"version-history":[{"count":0,"href":"https:\/\/extraslovensko.sk\/spravy\/wp-json\/wp\/v2\/posts\/25537\/revisions"}],"wp:attachment":[{"href":"https:\/\/extraslovensko.sk\/spravy\/wp-json\/wp\/v2\/media?parent=25537"}],"wp:term":[{"taxonomy":"category","embeddable":true,"href":"https:\/\/extraslovensko.sk\/spravy\/wp-json\/wp\/v2\/categories?post=25537"},{"taxonomy":"post_tag","embeddable":true,"href":"https:\/\/extraslovensko.sk\/spravy\/wp-json\/wp\/v2\/tags?post=25537"}],"curies":[{"name":"wp","href":"https:\/\/api.w.org\/{rel}","templated":true}]}}