{"id":25578,"date":"2022-05-30T20:24:39","date_gmt":"2022-05-30T20:24:39","guid":{"rendered":"https:\/\/extraslovensko.sk\/spravy\/?p=25578"},"modified":"2022-05-30T20:24:39","modified_gmt":"2022-05-30T20:24:39","slug":"recep-tayyip-erdogan-o-rozsirovani-nato-turecky-prezident-vysvetluje-bludy-klame-az-sa-prasi","status":"publish","type":"post","link":"https:\/\/extraslovensko.sk\/spravy\/recep-tayyip-erdogan-o-rozsirovani-nato-turecky-prezident-vysvetluje-bludy-klame-az-sa-prasi\/","title":{"rendered":"Recep Tayyip Erdogan o roz\u0161irovan\u00ed NATO, Tureck\u00fd prezident vysvet\u013euje bludy o terorizme"},"content":{"rendered":"<p>Recep Tayyip Erdogan o roz\u0161irovan\u00ed NATO. Tureck\u00fd prezident vysvet\u013euje, pre\u010do jeho krajina blokuje prist\u00fapenie \u0160v\u00e9dska a F\u00ednska. Alebo po   na\u0161om spr\u0161ka klamstiev na ak\u00e9 sme zvyknut\u00ed, ke\u010f Erdomrd vydiera. To bud\u00fa jeho slov\u00e1: Vojna na Ukrajine spochybnila konven\u010dn\u00fa m\u00fadros\u0165 o medzin\u00e1rodnom poriadku zalo\u017eenom na pravidl\u00e1ch, ve\u013emocenskej konkurencii a euroatlantickej bezpe\u010dnosti. Najnov\u0161\u00ed v\u00fdvoj tie\u017e vd\u00fdchol nov\u00fd \u017eivot NATO, pravdepodobne najv\u00e4\u010d\u0161ej vojenskej aliancii v hist\u00f3rii.<\/p>\n<h1>Recep Tayyip Erdogan o roz\u0161irovan\u00ed NATO, Tureck\u00fd prezident vysvet\u013euje<\/h1>\n<p>Turecko je u\u017e 70 rokov hrd\u00fdm a nenahradite\u013en\u00fdm spojencom NATO. Na\u0161a krajina sa pripojila k aliancii v roku 1952, ke\u010f vyslala jednotky do K\u00f3rey na obranu demokracie a slobody. Po\u010das studenej vojny a po nej bolo Turecko stabiliza\u010dnou ve\u013emocou a silou dobra na Bl\u00edzkom v\u00fdchode, na Kaukaze a v \u010diernomorsk\u00fdch oblastiach. Tureck\u00e9 jednotky sa tie\u017e rozmiestnili v mnoh\u00fdch \u010dastiach sveta, od Kosova po Afganistan, v r\u00e1mci misi\u00ed NATO.<\/p>\n<p>Na\u0161a krajina z\u00e1rove\u0148 investovala miliardy dol\u00e1rov do obrann\u00e9ho priemyslu, \u010d\u00edm posilnila svoju obrann\u00fa kapacitu. T\u00e1to dodato\u010dn\u00e1 kapacita viedla k v\u00fdvoju vojensk\u00fdch produktov, ktor\u00e9 sa prejavili na r\u00f4znych vojnov\u00fdch sc\u00e9nach vr\u00e1tane Ukrajiny.<\/p>\n<p>Zv\u00fd\u0161en\u00e1 kapacita Turecka tie\u017e prispela k odolnosti a sile NATO. Zatia\u013e \u010do na\u0161i partneri v\u017edy oce\u0148ovali tureck\u00e9 pr\u00edspevky ku kolekt\u00edvnej bezpe\u010dnostnej misii nato , r\u00fdchlo na ne zabudli, ke\u010f neexistovali \u017eiadne hrozby pre ich n\u00e1rodn\u00fa bezpe\u010dnos\u0165. Na\u0161i partneri, ktor\u00ed si len pam\u00e4taj\u00fa na d\u00f4le\u017eitos\u0165 Turecka v turbulentn\u00fdch \u010dasoch, akou bola kr\u00edza na Balk\u00e1ne, sa mylne domnievali, \u017ee dlhodob\u00fa stabilitu mo\u017eno dosiahnu\u0165 aj bez Turecka. Po odstr\u00e1nen\u00ed bezprostrednej hrozby tak ignorovali geopolitick\u00fa realitu a potenci\u00e1lne hrozby, ktor\u00e9 by sa v regi\u00f3ne mohli objavi\u0165. Netreba dod\u00e1va\u0165, \u017ee tak\u00e9to fajkov\u00e9 sny sa v d\u00f4sledku medzin\u00e1rodn\u00fdch kr\u00edz uk\u00e1zali ako kr\u00e1tkodob\u00e9.<\/p>\n<p>Hrozby proti medzin\u00e1rodn\u00e9mu mieru a bezpe\u010dnosti sa v posledn\u00fdch rokoch zmenili, \u010do mnoh\u00fdch viedlo k presved\u010deniu, \u017ee nato je \u201ezastaran\u00e1\u201c organiz\u00e1cia, ktor\u00e1 prestala plni\u0165 svoj \u00fa\u010del. Emmanuel Macron dokonca v roku 2019 povedal, \u017ee aliancia za\u017e\u00edva \u201emozgov\u00fa smr\u0165\u201c. T\u00ed ist\u00ed \u013eudia spochyb\u0148ovali \u00falohu Turecka v r\u00e1mci NATO. <\/p>\n<blockquote><p>T\u00e1to zmes mimoriadneho zbo\u017en\u00e9ho priania a extr\u00e9mnej strategickej kr\u00e1tkozrakosti st\u00e1la alianciu mnoho rokov.<\/p><\/blockquote>\n<p>Turecko v\u0161ak odmietlo uveri\u0165, \u017ee kr\u00e1tkozrak\u00e9 a ob\u010das bezoh\u013eadn\u00e9 postoje niektor\u00fdch \u010dlensk\u00fdch \u0161t\u00e1tov odzrkad\u013euj\u00fa poz\u00edciu nato ako celku. Pr\u00e1ve naopak, zd\u00f4raznili sme d\u00f4le\u017eitos\u0165 nato a vyzvali sme \u010dlensk\u00e9 \u0161t\u00e1ty, aby podnikli potrebn\u00e9 kroky, ktor\u00e9 zah\u0155\u0148ali aktualiz\u00e1ciu misi\u00ed nato tak, aby pokr\u00fdvali vznikaj\u00face hrozby a aby bola organiz\u00e1cia relevantnej\u0161ia pre nov\u00e9 geopolitick\u00e9 a glob\u00e1lne v\u00fdzvy. T\u00e1to v\u00fdzva bola tie\u017e v s\u00falade s reakciou na\u0161ej krajiny na prehlbuj\u00facu sa nestabilitu medzin\u00e1rodn\u00e9ho syst\u00e9mu.<\/p>\n<p>V tomto zmysle Turecko tvrdilo, \u017ee NATO \u2014 rovnako ako v\u0161etky ostatn\u00e9 medzin\u00e1rodn\u00e9 organiz\u00e1cie muselo zavies\u0165 ur\u010dit\u00e9 reformy, aby sa vyrovnalo s nov\u00fdmi bezpe\u010dnostn\u00fdmi hrozbami. Konkr\u00e9tne v oblasti terorizmu nedostatok kolekt\u00edvnych akci\u00ed, napriek priamym \u00fatokom proti mnoh\u00fdm \u010dlensk\u00fdm \u0161t\u00e1tom, podkopal bezpe\u010dnostn\u00fa spolupr\u00e1cu a podnietil hlbok\u00fa ned\u00f4veru medzi ob\u010danmi kraj\u00edn nato vo\u010di organiz\u00e1cii. Turecko zd\u00f4raznilo tento trend na v\u0161etk\u00fdch summitoch a tvrdilo, \u017ee medzin\u00e1rodn\u00e1 spolupr\u00e1ca je \u017eivotne d\u00f4le\u017eit\u00e1 pre transform\u00e1ciu boja proti terorizmu. Chceli sme lep\u0161ie spolupracova\u0165 v spravodajsk\u00fdch a vojensk\u00fdch ot\u00e1zkach pri rokovan\u00ed s teroristick\u00fdmi organiz\u00e1ciami, a to nielen pri predch\u00e1dzan\u00ed teroristick\u00fdm \u00fatokom, ale aj pri obmedzovan\u00ed financovania a n\u00e1boru teroristov v r\u00e1mci hran\u00edc NATO. Zost\u00e1vame oddan\u00ed tejto poz\u00edcii.<\/p>\n<p>Podobne sme vzniesli legit\u00edmne a nevyhnutn\u00e9 po\u017eiadavky, ke\u010f\u017ee v susedstve Turecka vypukli viacer\u00e9 ob\u010dianske vojny, aby sme zaistili bezpe\u010dnos\u0165 na\u0161ich hran\u00edc a vzdu\u0161n\u00e9ho priestoru, ako aj bezpe\u010dnos\u0165 \u013eud\u00ed, ke\u010f\u017ee v regi\u00f3ne sa objavila najv\u00e4\u010d\u0161ia ute\u010deneck\u00e1 vlna od druhej svetovej vojny.  Na\u0161a krajina, z ve\u013ekej \u010dasti opusten\u00e1, sa so v\u0161etk\u00fdmi t\u00fdmito kr\u00edzami vysporiadala sama a zaplatila za to vysok\u00fa cenu. Je ir\u00f3niou, \u017ee ak\u00e9ko\u013evek kroky pod z\u00e1\u0161titou NATO by pripravili alianciu na bud\u00face konflikty a kr\u00edzy na jej hraniciach.<\/p>\n<p>Nov\u00fd stav vec\u00ed, ktor\u00fd vzi\u0161iel z vojny na Ukrajine, dokazuje, \u017ee o\u010dak\u00e1vania a v\u00fdzvy Turecka boli presn\u00e9. Niektor\u00e9 \u010dlensk\u00e9 \u0161t\u00e1ty, ktor\u00e9 zrazu ocenili geopolitick\u00e9 postavenie Turecka, ke\u010f\u017ee konflikt sp\u00f4sobil rozsiahle rozvraty, videli, \u017ee n\u00e1\u0161 n\u00e1rod mal v minulosti pr\u00e1vo podnikn\u00fa\u0165 ur\u010dit\u00e9 kroky. Turecko spr\u00e1vne \u017eiadalo \u010dlenov NATO, aby sa pripravili na prich\u00e1dzaj\u00face geopolitick\u00e9 v\u00fdzvy  a napriek t\u00fdm, ktor\u00ed tvrdili, \u017ee  je irelevantn\u00e9, Turecko malo \u00fapln\u00fa pravdu, ke\u010f tvrdilo, \u017ee t\u00e1to organiz\u00e1cia bude \u010doraz d\u00f4le\u017eitej\u0161ia.<\/p>\n<p>Ke\u010f\u017ee v\u0161etci spojenci akceptuj\u00fa z\u00e1sadn\u00fd v\u00fdznam Turecka pre alianciu, je po\u013eutovaniahodn\u00e9, \u017ee niektor\u00ed \u010dlenovia plne nedok\u00e1\u017eu oceni\u0165 ur\u010dit\u00e9 hrozby pre na\u0161u krajinu.<\/p>\n<blockquote><p> Turecko tvrd\u00ed, \u017ee prijatie \u0160v\u00e9dska a F\u00ednska so sebou nesie rizik\u00e1 pre jeho vlastn\u00fa bezpe\u010dnos\u0165 a bud\u00facnos\u0165 organiz\u00e1cie.<\/p><\/blockquote>\n<p> M\u00e1me pln\u00e9 pr\u00e1vo o\u010dak\u00e1va\u0165 od kraj\u00edn, ktor\u00e9 o\u010dak\u00e1vaj\u00fa, \u017ee druh\u00e1 najv\u00e4\u010d\u0161ia arm\u00e1da NATO pr\u00edde na ich obranu pod\u013ea \u010dl\u00e1nku 5, <em>\u017ee zabr\u00e1nia n\u00e1boru, z\u00edskavaniu finan\u010dn\u00fdch prostriedkov a propagandistick\u00fdm aktivit\u00e1m PKK<\/em>, ktor\u00fa Eur\u00f3pska \u00fania a Amerika pova\u017euj\u00fa za teroristick\u00fd  subjekt.<\/p>\n<p>Turecko chce, aby kandid\u00e1tske krajiny obmedzili \u010dinnos\u0165 v\u0161etk\u00fdch teroristick\u00fdch organiz\u00e1ci\u00ed a vydali \u010dlenov t\u00fdchto organiz\u00e1ci\u00ed. Org\u00e1nom v t\u00fdchto krajin\u00e1ch sme poskytli jasn\u00e9 d\u00f4kazy a \u010dakali sme na ich konanie. Aj Turecko chce, aby tieto krajiny podporovali protiteroristick\u00e9 oper\u00e1cie \u010dlenov. Terorizmus je hrozbou pre v\u0161etk\u00fdch \u010dlenov a kandid\u00e1tske krajiny by si t\u00fato realitu mali pred vstupom uvedomi\u0165. Pokia\u013e nepodnikn\u00fa potrebn\u00e9 kroky, Turecko nezmen\u00ed svoj postoj k tejto ot\u00e1zke.<\/p>\n<p>Turecko \u010falej zd\u00f4raz\u0148uje, \u017ee v\u0161etky formy zbrojn\u00fdch emb\u00e1rg \u2013 ako napr\u00edklad to, ktor\u00e9 \u0160v\u00e9dsko uvalilo na moju krajinu \u2013 s\u00fa nezlu\u010dite\u013en\u00e9 s duchom vojensk\u00e9ho partnerstva pod z\u00e1\u0161titou Aliancie. Tak\u00e9to obmedzenia nielen\u017ee podkop\u00e1vaj\u00fa na\u0161u n\u00e1rodn\u00fa bezpe\u010dnos\u0165, ale po\u0161kodzuj\u00fa aj vlastn\u00fa identitu Aliancie. Nekompromisn\u00e9 naliehanie \u0160v\u00e9dska a F\u00ednska na vstup do aliancie pridalo do programu zbyto\u010dn\u00fd bod.<\/p>\n<p>N\u00e1mietka Turecka proti prijatiu \u0160v\u00e9dska a F\u00ednska, ktor\u00e9 zostali a\u017e do posledn\u00e9ho v\u00fdvoja neutr\u00e1lne, predstavuje rozhoduj\u00faci krok v mene v\u0161etk\u00fdch kraj\u00edn, ktor\u00e9 sa doteraz stali ter\u010dom teroristick\u00fdch organiz\u00e1ci\u00ed. Koniec koncov, terorizmus nem\u00e1 n\u00e1bo\u017eenstvo, n\u00e1rod ani farbu pleti. Jedn\u00fdm z hlavn\u00fdch cie\u013eov Aliancie je, aby sa ka\u017ed\u00fd \u010dlensk\u00fd \u0161t\u00e1t rozhodne postavil proti akejko\u013evek organiz\u00e1cii, ktorej cie\u013eom je po\u0161kodi\u0165 civiln\u00e9 obyvate\u013estvo. \u017diadna krajina nem\u00e1 v tomto smere \u017eiadne privil\u00e9gium.<\/p>\n<p>Pokia\u013e ide o rie\u0161enie probl\u00e9mov a podporu glob\u00e1lneho mieru a bezpe\u010dnosti, nie v\u017edy m\u00f4\u017eu existova\u0165 skratky. Cesta k \u00faspechu by sa v\u0161ak dala skr\u00e1ti\u0165 podniknut\u00edm odv\u00e1\u017enych a nevyhnutn\u00fdch krokov. Ako sa \u0160v\u00e9dsko a F\u00ednsko postavia k ot\u00e1zkam n\u00e1rodnej bezpe\u010dnosti a \u00favah\u00e1m in\u00fdch kraj\u00edn, s ktor\u00fdmi by chceli by\u0165 spojencami, ur\u010d\u00ed, do akej miery by Turecko chcelo by\u0165 spojencom s t\u00fdmito \u0161t\u00e1tmi.<\/p>\n<p>Nevedomos\u0165 a dotieravos\u0165 t\u00fdch, ktor\u00ed sa odv\u00e1\u017eia spochyb\u0148ova\u0165 vz\u0165ah medzi Tureckom, ktor\u00e9 v minulosti zaujalo pozit\u00edvny a kon\u0161trukt\u00edvny pr\u00edstup k roz\u0161irovaniu aliancie nemen\u00ed n\u00e1\u0161 postoj. Na\u0161a krajina, ktor\u00e1 je otvoren\u00e1 v\u0161etk\u00fdm form\u00e1m diplomacie a dial\u00f3gu, d\u00f4razne odpor\u00fa\u010da, aby sa tak\u00e9to zameranie s\u00fastredilo namiesto toho na presvied\u010danie kandid\u00e1tov, aby zmenili svoje poz\u00edcie. <\/p>\n<p>V Ankare neexistuje \u017eiadna autorita, ktorej by ktor\u00e1ko\u013evek krajina, ktor\u00e1 nie je ochotn\u00e1 bojova\u0165 proti terorizmu, mohla prik\u00e1za\u0165, \u010do m\u00e1 robi\u0165. Ver\u00edme, \u017ee poves\u0165 a d\u00f4veryhodnos\u0165 aliancie bude ohrozen\u00e1, ak bud\u00fa \u010dlenovia v boji proti terorizmu dodr\u017eiava\u0165 dvojak\u00fd meter.<\/p>\n<hr>\n<p>Sal\u00e1m alejkum, kolb\u00e1s tla\u010denkum a zajtra si p\u00f4jde pokeca\u0165 s kamar\u00e1tom KGB\u00e1kom a nak\u00fapi \u010fal\u0161ie S-500 \ud83d\ude42<\/p>\n<p>28.05.2022. Tureck\u00fd prezident Recep Tayyip Erdogan s\u013eubuje, \u017ee potla\u010d\u00ed pr\u00edtomnos\u0165 kurdskej militantnej skupiny PKK v Iraku. Ke\u010f sa v\u0161ak tureck\u00e1 arm\u00e1da pribli\u017euje k skupine, niektor\u00ed analytici predpovedaj\u00fa, \u017ee by sa jej bojovn\u00edci mohli obr\u00e1ti\u0165 na Ir\u00e1n, \u010do bude ma\u0165 d\u00f4sledky pre cel\u00fd regi\u00f3n. <\/p>\n<p>Po\u0161koden\u00e1 ir\u00e1nska ekonomika sa vo ve\u013ekej miere spolieha na tureck\u00fd obchod, \u010do Erdogan pravdepodobne zd\u00f4razn\u00ed pri svojej o\u010dak\u00e1vanej n\u00e1v\u0161teve Teher\u00e1nu v najbli\u017e\u0161\u00edch t\u00fd\u017ed\u0148och \ud83d\ude42<\/p>\n<p>Keby Gulena niekto odfaj\u010dil, okam\u017eite by s\u00fahlasil ako poslu\u0161n\u00fd ps\u00edk.<\/p>\n<h1>Po\u0161lite kone\u010dne rusov z Ukrajiny do psej matere<\/h1>\n","protected":false},"excerpt":{"rendered":"<p>Recep Tayyip Erdogan o roz\u0161irovan\u00ed NATO. Tureck\u00fd prezident vysvet\u013euje, pre\u010do jeho krajina blokuje prist\u00fapenie \u0160v\u00e9dska a F\u00ednska. Alebo po na\u0161om spr\u0161ka klamstiev na ak\u00e9 sme zvyknut\u00ed, ke\u010f Erdomrd vydiera. To bud\u00fa jeho slov\u00e1: Vojna na Ukrajine spochybnila konven\u010dn\u00fa m\u00fadros\u0165 o medzin\u00e1rodnom poriadku zalo\u017eenom na pravidl\u00e1ch, ve\u013emocenskej konkurencii a euroatlantickej bezpe\u010dnosti. Najnov\u0161\u00ed v\u00fdvoj tie\u017e vd\u00fdchol nov\u00fd [&hellip;]<\/p>\n","protected":false},"author":1,"featured_media":0,"comment_status":"closed","ping_status":"open","sticky":false,"template":"","format":"standard","meta":{"footnotes":""},"categories":[5],"tags":[],"class_list":["post-25578","post","type-post","status-publish","format-standard","hentry","category-exo-news"],"_links":{"self":[{"href":"https:\/\/extraslovensko.sk\/spravy\/wp-json\/wp\/v2\/posts\/25578","targetHints":{"allow":["GET"]}}],"collection":[{"href":"https:\/\/extraslovensko.sk\/spravy\/wp-json\/wp\/v2\/posts"}],"about":[{"href":"https:\/\/extraslovensko.sk\/spravy\/wp-json\/wp\/v2\/types\/post"}],"author":[{"embeddable":true,"href":"https:\/\/extraslovensko.sk\/spravy\/wp-json\/wp\/v2\/users\/1"}],"replies":[{"embeddable":true,"href":"https:\/\/extraslovensko.sk\/spravy\/wp-json\/wp\/v2\/comments?post=25578"}],"version-history":[{"count":0,"href":"https:\/\/extraslovensko.sk\/spravy\/wp-json\/wp\/v2\/posts\/25578\/revisions"}],"wp:attachment":[{"href":"https:\/\/extraslovensko.sk\/spravy\/wp-json\/wp\/v2\/media?parent=25578"}],"wp:term":[{"taxonomy":"category","embeddable":true,"href":"https:\/\/extraslovensko.sk\/spravy\/wp-json\/wp\/v2\/categories?post=25578"},{"taxonomy":"post_tag","embeddable":true,"href":"https:\/\/extraslovensko.sk\/spravy\/wp-json\/wp\/v2\/tags?post=25578"}],"curies":[{"name":"wp","href":"https:\/\/api.w.org\/{rel}","templated":true}]}}