{"id":25595,"date":"2022-05-30T21:09:31","date_gmt":"2022-05-30T21:09:31","guid":{"rendered":"https:\/\/extraslovensko.sk\/spravy\/?p=25595"},"modified":"2022-05-30T21:09:31","modified_gmt":"2022-05-30T21:09:31","slug":"kancelar-scholz-a-jeho-sluby-ukrajine-narazili-na-odpor-nemcov","status":"publish","type":"post","link":"https:\/\/extraslovensko.sk\/spravy\/kancelar-scholz-a-jeho-sluby-ukrajine-narazili-na-odpor-nemcov\/","title":{"rendered":"Kancel\u00e1r Scholz a jeho s\u013euby Ukrajine narazili na odpor Nemcov"},"content":{"rendered":"<p>Olaf Scholz a jeho pomoc, s\u013euby Ukrajine narazili na odpor Nemcov. Mnoh\u00ed \u013eudia sa  p\u00fdtaj\u00fa, \u010di nemeck\u00fd kancel\u00e1r nevyu\u017e\u00edva bremeno historickej viny svojej krajiny, aby sa vykr\u00fatila zo svojho pr\u00eds\u013eubu doda\u0165 Ukrajine tanky, obrnen\u00e9 vozidl\u00e1 a delostrelectvo, ktor\u00e9 z\u00fafalo potrebuje.<\/p>\n<h1>Scholz a jeho s\u013euby Ukrajine narazili na odpor Nemcov<\/h1>\n<p>Noviny Die Welt odhalili, \u017ee za dev\u00e4\u0165 t\u00fd\u017ed\u0148ov Nemecko nedodalo \u017eiadne zo s\u013e\u00faben\u00fdch \u0165a\u017ek\u00fdch zariaden\u00ed. Boli dodan\u00e9 iba \u013eahk\u00e9 zbrane a obrann\u00e9 zbrane. Berl\u00edn pon\u00faka nekone\u010dn\u00e9 v\u00fdhovorky, od tvrden\u00ed o tajn\u00fdch dohod\u00e1ch NATO a\u017e po pokusy obvi\u0148ova\u0165 v\u00fdrobcov. Uk\u00e1zalo sa, \u017ee \u017eiadna z nich nezadr\u017eiava vodu. \u201eVojensky Berl\u00edn jednoducho nech\u00e1va Ukrajinu napospas,\u201c povedal Andrij Melnyk, ukrajinsk\u00fd ve\u013evyslanec v Nemecku.<\/p>\n<p>Scholzovi kolegovia z NATO sa teraz p\u00fdtaj\u00fa, \u010di sa d\u00e1 jeho slovu v\u00f4bec d\u00f4verova\u0165. Po\u013esk\u00fd prezident Duda bol \u0161tip\u013eav\u00fd kv\u00f4li tomu, \u017ee Berl\u00edn nesplnil svoj s\u013eub nahradi\u0165 zariadenie, ktor\u00e9 jeho krajina poslala na Ukrajinu. Vskutku, imid\u017e Nemecka ako ved\u00facej ve\u013emoci v Eur\u00f3pe, u\u017e aj tak ohrozen\u00fd svojou z\u00e1vislos\u0165ou na ruskej energii, sa zr\u00fatil. <\/p>\n<p>S v\u00fdnimkou Ma\u010farska sa cel\u00e1 stredn\u00e1, v\u00fdchodn\u00e1 a severn\u00e1 Eur\u00f3pa pripojila k anglo-americk\u00e9mu t\u00e1boru a po\u017eadovala tvrd\u0161iu l\u00edniu vo\u010di Moskve. Berl\u00edn u\u017e nie je bran\u00fd v\u00e1\u017ene medzi krajiny najviac ohrozen\u00e9 Ruskom, ktor\u00e9 tie\u017e patria medzi tie, ktor\u00e9 najviac trpeli v ruk\u00e1ch nacistov. Scholzove hadovit\u00e9 man\u00e9vre spochybnili \u00faprimnos\u0165 povojnov\u00fdch sn\u00e1h Nemecka obnovi\u0165 svoju poves\u0165 a zn\u00ed\u017eili silu hesla \u201eNikdy viac\u201c.<\/p>\n<p>Mohlo to by\u0165 ve\u013emi odli\u0161n\u00e9. Ke\u010f Scholz po ruskej inv\u00e1zii ozn\u00e1mil svoje Zeitenwende (\u201ebod obratu\u201c), svet sa posadil a v\u0161imol si to. Zd\u00e1 sa, \u017ee jeho posilnen\u00e1 vojensk\u00e1 oddanos\u0165 NATO a Ukrajine ohlasuje nov\u00fa epochu, v ktorej sa Nemecko vyman\u00ed z tie\u0148a Angely Merkelovej. <\/p>\n<blockquote><p>Za t\u00fdch 100 dn\u00ed sa v\u0161ak jeho geopolitick\u00e1 nezrelos\u0165 prejavila bolestne.<\/p><\/blockquote>\n<p>Namiesto toho, aby Scholz premenil Nemecko na arzen\u00e1l demokracie, nastra\u017eil Volodymyra Zelensk\u00e9ho pr\u00e1zdnymi s\u013eubmi.<br \/>\n<img decoding=\"async\" class=\"cento\" id=\"imog2\" src=\"\/image\/Malley.jpg\" alt=\" krvav\u00e9 peniaze za rusk\u00fd plyn a ropu\" \/><\/p>\n<blockquote><p>Medzit\u00fdm berl\u00ednske miliardy na\u010falej pr\u00fadia do Putinovej pokladnice: krvav\u00e9 peniaze za rusk\u00fd plyn a ropu.<\/p><\/blockquote>\n<p>Nemeck7 kancel\u00e1r spolu s Emmanuelom Macronom a Mariom Draghim vytvorila triumvir\u00e1t uzmierova\u010dov, ktor\u00ed pokra\u010duj\u00fa v rokovaniach s Putinom a \u00fastupkoch v\u00fdmenou za pr\u00edmerie, ktor\u00e9 by zmrazilo konflikt a nechalo Rusko okupova\u0165 obrovsk\u00e9 \u00fazemia Ukrajiny.<\/p>\n<hr>\n<p>Ach jaj, Mario Draghi, \u0161ef EU ilumin\u00e1tov s dosahom do USA<\/p>\n<hr>\n<p>Najnov\u0161ie kolo telefon\u00e1tov do Moskvy bolo pon\u00fakan\u00e9 ako \u0161anca na zru\u0161enie ruskej blok\u00e1dy ukrajinsk\u00fdch dod\u00e1vok obilia. Kreme\u013e v\u0161ak m\u00e1 jasno v tom, \u017ee z\u00e1sielky povol\u00ed iba jeho \u010diernomorsk\u00e1 flotila v\u00fdmenou za zru\u0161enie sankci\u00ed. S t\u00fdmto predstieran\u00edm a vyjedn\u00e1van\u00edm sa Zeitenwende rozpad\u00e1.<\/p>\n<p><em>Najd\u00f4le\u017eitej\u0161ie v\u0161ak je, \u017ee Scholz u\u017e nie je v s\u00falade s nemeckou verejnou mienkou.<\/em> V uplynulom mesiaci jeho strana Soci\u00e1lni demokrati dopadla zle v dvoch region\u00e1lnych vo\u013eb\u00e1ch. Ve\u013ek\u00e1 \u010das\u0165 verejnosti sa domnieva, \u017ee priepas\u0165 medzi t\u00fdm, \u010do ich vodca hovor\u00ed a \u010do rob\u00ed, je teraz tak\u00e1 ve\u013ek\u00e1, \u017ee vyzer\u00e1 ako klam\u00e1r.<\/p>\n<p>Medzit\u00fdm, Zelen\u00ed a liber\u00e1lni slobodn\u00ed demokrati, jeho koali\u010dn\u00ed partneri, s\u00fa hlboko nepr\u00edjemn\u00ed. Pokia\u013e sa Scholzovi nepodar\u00ed r\u00fdchlo obnovi\u0165 svoju d\u00f4veryhodnos\u0165, nie je u\u017e nepredstavite\u013en\u00e9, \u017ee jedna alebo viacero str\u00e1n by mohlo zmeni\u0165 stranu a polo\u017ei\u0165 vl\u00e1du len \u0161es\u0165 mesiacov po jej n\u00e1stupe do \u00faradu.<\/p>\n<p>Opozi\u010dn\u00ed kres\u0165ansk\u00ed demokrati opustili opatrnos\u0165 z \u00e9ry Merkelovej a vr\u00e1tili sa do hry. Ich nov\u00fd vodca Friedrich Merz nav\u0161t\u00edvil Kyjev \u2013 na rozdiel od vychudnut\u00e9ho Scholza, ktor\u00e9mu ve\u013evyslanec Melnyk posmieval sa ako \u201ehl\u00fapa klob\u00e1sa\u201c. V r\u00e1mci koal\u00edcie s\u00fa to Zelen\u00ed, najm\u00e4 ministerka zahrani\u010dia Annalena Baerbock, ktor\u00ed ud\u00e1vaj\u00fa tempo. Na Ukrajine sa zd\u00e1, \u017ee pani Baerbock m\u00e1 bli\u017e\u0161ie k jastrab\u00edm konzervat\u00edvcom, ak\u00fdm je Norbert R\u00f6ntgen, ne\u017e k Scholzovi.<\/p>\n<p>Nov\u00fd za\u010diatok s\u013e\u00faben\u00fd pre Nemecko je d\u00e1vno zabudnut\u00fd. Namiesto toho je jeho anga\u017eovan\u00fd kancel\u00e1r jednoducho mimo jeho h\u013abky. Mo\u017eno bolo jeho porovnanie s Wilhelmom II., akoko\u013evek neuv\u00e1\u017een\u00e9, napokon v\u00fdsti\u017en\u00e9. Scholz mo\u017eno nie je tak\u00fd matn\u00fd ako Kaiser, ale vyzer\u00e1 ve\u013emi ako cis\u00e1r bez \u0161iat. <\/p>\n<p><img decoding=\"async\" class=\"cento\" id=\"imog2\" src=\"\/image\/rusky-tank.jpg\" alt=\"Na ceste ne\u010faleko Buchy v Kyjeve si ob\u010dania fotia zni\u010den\u00e9 rusk\u00e9 tanky\" \/><br \/>\nNa ceste ne\u010faleko Bucha v Kyjeve si ob\u010dania fotia zni\u010den\u00e9 rusk\u00e9 tanky!<\/p>\n<p>Toto s\u00fa angli\u010dania a t\u00ed ve\u013emi dobre vedia \u010do je Molotov-Ribbentrop, ktor\u00fd nikdy neskon\u010dil ako p\u00ed\u0161e aj kniha Germany plots with Kremlin. Len\u017ee svetu vl\u00e1dne anglick\u00e1 Queen a to je t\u00e1 Golden Fringe vlajka na KGB\u00e1kovej z\u00e1stave.<\/p>\n","protected":false},"excerpt":{"rendered":"<p>Olaf Scholz a jeho pomoc, s\u013euby Ukrajine narazili na odpor Nemcov. Mnoh\u00ed \u013eudia sa p\u00fdtaj\u00fa, \u010di nemeck\u00fd kancel\u00e1r nevyu\u017e\u00edva bremeno historickej viny svojej krajiny, aby sa vykr\u00fatila zo svojho pr\u00eds\u013eubu doda\u0165 Ukrajine tanky, obrnen\u00e9 vozidl\u00e1 a delostrelectvo, ktor\u00e9 z\u00fafalo potrebuje. Scholz a jeho s\u013euby Ukrajine narazili na odpor Nemcov Noviny Die Welt odhalili, \u017ee za [&hellip;]<\/p>\n","protected":false},"author":1,"featured_media":0,"comment_status":"closed","ping_status":"open","sticky":false,"template":"","format":"standard","meta":{"footnotes":""},"categories":[5],"tags":[],"class_list":["post-25595","post","type-post","status-publish","format-standard","hentry","category-exo-news"],"_links":{"self":[{"href":"https:\/\/extraslovensko.sk\/spravy\/wp-json\/wp\/v2\/posts\/25595","targetHints":{"allow":["GET"]}}],"collection":[{"href":"https:\/\/extraslovensko.sk\/spravy\/wp-json\/wp\/v2\/posts"}],"about":[{"href":"https:\/\/extraslovensko.sk\/spravy\/wp-json\/wp\/v2\/types\/post"}],"author":[{"embeddable":true,"href":"https:\/\/extraslovensko.sk\/spravy\/wp-json\/wp\/v2\/users\/1"}],"replies":[{"embeddable":true,"href":"https:\/\/extraslovensko.sk\/spravy\/wp-json\/wp\/v2\/comments?post=25595"}],"version-history":[{"count":0,"href":"https:\/\/extraslovensko.sk\/spravy\/wp-json\/wp\/v2\/posts\/25595\/revisions"}],"wp:attachment":[{"href":"https:\/\/extraslovensko.sk\/spravy\/wp-json\/wp\/v2\/media?parent=25595"}],"wp:term":[{"taxonomy":"category","embeddable":true,"href":"https:\/\/extraslovensko.sk\/spravy\/wp-json\/wp\/v2\/categories?post=25595"},{"taxonomy":"post_tag","embeddable":true,"href":"https:\/\/extraslovensko.sk\/spravy\/wp-json\/wp\/v2\/tags?post=25595"}],"curies":[{"name":"wp","href":"https:\/\/api.w.org\/{rel}","templated":true}]}}