{"id":25655,"date":"2022-06-06T18:51:18","date_gmt":"2022-06-06T18:51:18","guid":{"rendered":"https:\/\/extraslovensko.sk\/spravy\/?p=25655"},"modified":"2022-06-06T18:51:18","modified_gmt":"2022-06-06T18:51:18","slug":"ako-papez-frantisek-planuje-svoju-rezignaciu-a-buduci-cierny-z-afriky","status":"publish","type":"post","link":"https:\/\/extraslovensko.sk\/spravy\/ako-papez-frantisek-planuje-svoju-rezignaciu-a-buduci-cierny-z-afriky\/","title":{"rendered":"Ako p\u00e1pe\u017e Franti\u0161ek pl\u00e1nuje svoju rezign\u00e1ciu a bud\u00faci \u201e\u010dierny\u201c z Afriky"},"content":{"rendered":"<p>Ako p\u00e1pe\u017e Franti\u0161ek pl\u00e1nuje svoju rezign\u00e1ciu a bud\u00faci \u201e\u010dierny\u201c z Afriky a ako to vid\u00ed Leo Zagami:  Na to, \u017ee Bergolio rad\u0161ej odst\u00fapi, ne\u017e by \u010dakal na koniec svojho mand\u00e1tu, som upozor\u0148oval od za\u010diatku svojho p\u00e1pe\u017estva, no Bergoglio teraz pridal palivo do klebiet o bud\u00facnosti svojho pontifik\u00e1tu t\u00fdm, \u017ee ozn\u00e1mil, \u017ee nav\u0161t\u00edvi stredn\u00e9 Taliansko, mesto L&#8217;Aquila v auguste na sviatok iniciovan\u00fd p\u00e1pe\u017eom Celest\u00ednom V., jedn\u00fdm z m\u00e1la pontifikov, ktor\u00ed odst\u00fapili pred odst\u00fapen\u00edm p\u00e1pe\u017ea Benedikta XVI. v roku 2013, ako som zd\u00f4raznil vo svojej knihe vydanej v roku 2015  P\u00e1pe\u017e Franti\u0161ek: Posledn\u00fd p\u00e1pe\u017e?: Peniaze, slobodomur\u00e1ri a okultizmus v \u00fapadku katol\u00edckej cirkvi. <\/p>\n<h1>Ako p\u00e1pe\u017e Franti\u0161ek si napl\u00e1noval svoju rezign\u00e1ciu a bud\u00faci \u201e\u010dierny\u201c<\/h1>\n<p>Talianske a katol\u00edcke m\u00e9di\u00e1 s\u00fa v posledn\u00fdch d\u0148och pln\u00e9 \u0161pekul\u00e1ci\u00ed bez zdrojov, \u017ee 85-ro\u010dn\u00fd Franti\u0161ek mo\u017eno pl\u00e1nuje \u00eds\u0165 v Benediktov\u00fdch stop\u00e1ch, no nie je to prv\u00fdkr\u00e1t, na \u010do som upozornil pred 4 rokmi v \u010dl\u00e1nku Talianske m\u00e9di\u00e1 oznamuj\u00fa,  \u017ee p\u00e1pe\u017eova rezign\u00e1cia sa bl\u00ed\u017ei. <\/p>\n<p>Av\u0161ak vzh\u013eadom na jeho zv\u00fd\u0161en\u00e9 probl\u00e9my s pohyblivos\u0165ou, ktor\u00e9 prin\u00fatili p\u00e1pe\u017ea Franti\u0161ka pou\u017e\u00edva\u0165 invalidn\u00fd voz\u00edk po\u010das posledn\u00e9ho mesiaca, a vzh\u013eadom na vyhl\u00e1senie konzist\u00f3ria na vytvorenie 21 nov\u00fdch kardin\u00e1lov napl\u00e1novan\u00fdch na 27. augusta 2022, medzi ktor\u00fdmi bude \u0161estn\u00e1s\u0165 progres\u00edvne orientovan\u00fdch kardin\u00e1lov mlad\u0161\u00edch ako 80 rokov, ktor\u00ed bud\u00fa ma\u0165 pr\u00e1vo hlasova\u0165 v bud\u00facom konkl\u00e1ve, aby zvolili Franti\u0161kovho n\u00e1stupcu, samozrejme v s\u00falade s jeho komunisticko-satanskou ideol\u00f3giou.<\/p>\n<p>Hlavn\u00fdm d\u00f4vodom, pre\u010do neodst\u00fapil sk\u00f4r, bolo, \u017ee ove\u013ea konzervat\u00edvnej\u0161\u00ed p\u00e1pe\u017e Ratzinger je st\u00e1le na\u017eive, ale po augustovom uchopen\u00ed moci to u\u017e nebude probl\u00e9m a konkl\u00e1ve bude pripraven\u00e9 voli\u0165 prv\u00e9ho \u010dierneho p\u00e1pe\u017ea v r. ned\u00e1vna hist\u00f3ria.<\/p>\n<p>Traja ran\u00ed p\u00e1pe\u017ei poch\u00e1dzali z r\u00edmskej africkej provincie. <\/p>\n<p>Boli to Viktor I. (vl\u00e1dol cca 189 a\u017e 199),  Miltiades (vl\u00e1dol 311 a\u017e 314) a Gelasius I. (492 a\u017e 496); v\u0161etci traja boli mu\u017ei zo Severnej Afriky, ale tentoraz bude \u010fal\u0161\u00ed poch\u00e1dza\u0165 zo srdca Afriky, <em>ako pouk\u00e1zali moje najd\u00f4veryhodnej\u0161ie zdroje vo Vatik\u00e1ne.<\/em><\/p>\n<p>Bilderberg sa zdanlivo stret\u00e1vaj\u00fa ka\u017ed\u00fd rok, aby brainstormovali o s\u00fa\u010dasn\u00fdch ve\u013ek\u00fdch medzin\u00e1rodn\u00fdch probl\u00e9moch, ktor\u00ed p\u00f4sobia ako vrcholn\u00ed b\u00e1bkari geopolitickej sc\u00e9ny. <\/p>\n<p>Ich diskusie zost\u00e1vaj\u00fa mimo z\u00e1znam, aby politici a in\u00ed v citliv\u00fdch rol\u00e1ch mohli hovori\u0165 \u00faprimne bez toho, aby riskovali, \u017ee bud\u00fa odhalen\u00ed, a tento rok s\u00fa  t\u00e9my o ktor\u00fdch sa vo Washingtone DC hovor\u00ed, \u017ee sa bud\u00fa diskutova\u0165 na 68. stretnut\u00ed Bilderbergu, ktor\u00e9 sa uskuto\u010dnilo od 2.  do 5.  z j\u00fana 2022, zah\u0155\u0148alo niektor\u00e9 bezprecedentn\u00e9 t\u00e9my.<\/p>\n<p>Medzi 120 pozvan\u00fdmi tento rok vo Washingtone DC, ktor\u00e9 Bilderberg verejne  uznal, s\u00fa gener\u00e1lny riadite\u013e Pfizer Albert Bourla, Henry Kissinger, b\u00fdval\u00fd \u0161\u00e9f CIA David Petraeus, b\u00fdval\u00fd gener\u00e1lny riadite\u013e Google Eric Schmidt, sen\u00e1tor Kyrsten Sinema (D-AZ) a riadite\u013e CIA. Pribli\u017ene \u0161tvrtina \u00fa\u010dastn\u00edkov je z oblasti politiky a vl\u00e1dy a zvy\u0161ok z in\u00fdch oblast\u00ed vplyvu, ako s\u00fa m\u00e9di\u00e1 a zdravotn\u00edctvo.  <\/p>\n<p>Skupina sa chr\u00e1ni pomocou pravidla Chatham House Rule, ktor\u00e9 hovor\u00ed, \u017ee \u00fa\u010dastn\u00edci m\u00f4\u017eu vo\u013ene pou\u017e\u00edva\u0165 prijat\u00e9 inform\u00e1cie, ale nesmie by\u0165 odhalen\u00e1 toto\u017enos\u0165 ani pr\u00edslu\u0161nos\u0165 re\u010dn\u00edka (hovorcov), ani \u017eiadneho in\u00e9ho \u00fa\u010dastn\u00edka.<\/p>\n<p>Prv\u00e9 podujatie, ktor\u00e9 sa konalo v roku 1954, bolo zvolan\u00e9 pod veden\u00edm kr\u00e1\u013eovsk\u00e9ho slobodomur\u00e1ra a vatik\u00e1nskych ilumin\u00e1tov, princa Bernharda z Holandska, rovnako ako stretnutie prv\u00e9ho Eur\u00f3pskeho mana\u017e\u00e9rskeho symp\u00f3zia v roku 1971, predchodcu Svetov\u00e9ho ekonomick\u00e9ho f\u00f3ra Otto von Habsburg konaj\u00faci podobn\u00fdm sp\u00f4sobom. <\/p>\n<p>Pam\u00e4tajte, \u017ee kr\u00e1\u013eovsk\u00e1 elita nemus\u00ed by\u0165 vidite\u013ene vo veden\u00ed, ale v\u010faka t\u00fdmto in\u0161tit\u00faci\u00e1m poh\u00e1\u0148an\u00fdm Ilumin\u00e1tmi st\u00e1le ovl\u00e1daj\u00fa svet a pripravuj\u00fa sa na najhor\u0161ie, tak\u017ee urobte to ist\u00e9 a ani na chv\u00ed\u013eu neverte Nov\u00e9mu svetov\u00e9mu poriadku, pad\u00e1. <\/p>\n<blockquote><p>Po 500 d\u0148och najhor\u0161ieho prezidenta v hist\u00f3rii a 100 d\u0148och nezmyselnej vojny s\u00fa Bilderbergeri teraz pripraven\u00ed zni\u010di\u0165 Spojen\u00e9 \u0161t\u00e1ty americk\u00e9 a my ich mus\u00edme zastavi\u0165!!<\/p><\/blockquote>\n<p>https:\/\/www.youtube.com\/watch?v=kri0-DA50pg&#038;t=1s<\/p>\n<p>Kr\u00e1\u013eovn\u00e1 Al\u017ebeta ozna\u010duje svoj odchod z verejnej ar\u00e9ny slobodomur\u00e1rskym ritu\u00e1lom!<\/p>\n<p>Kr\u00e1\u013eovn\u00e1 Al\u017ebeta mala so sebou len jedn\u00e9ho spolo\u010dn\u00edka, ke\u010f sa prv\u00fdkr\u00e1t z dvoch vyst\u00fapen\u00ed na svojom Platinovom jubilejnom v\u00edkende z\u00fa\u010dastnila so svoj\u00edm bratrancom z prv\u00e9ho kolena, princom Edwardom, vojvodom z Kentu. Kr\u00e1\u013eovn\u00e1 Al\u017ebeta tajomne, s ve\u013emi d\u00f4le\u017eit\u00fdm slobodomur\u00e1rskym posolstvom, ozna\u010dila 2. j\u00fana 2022 m\u00ed\u013enik svojej sl\u00e1vnej kari\u00e9ry pre svoje Platinov\u00e9 jubileum, pri\u010dom t\u00fdmto bezprecedentn\u00fdm krokom tajne nazna\u010dila mur\u00e1rskym bratom, \u017ee jej v\u00edkend Platinov\u00e9ho jubilea bude jej posledn\u00fdmi verejn\u00fdmi vyst\u00fapeniami. po v\u00fdznamnej 70-ro\u010dnej vl\u00e1de panovn\u00edka.<\/p>\n<p>Prv\u00fdkr\u00e1t po\u010das jedn\u00e9ho z hlavn\u00fdch podujat\u00ed s n\u00e1zvom Trooping the Color Parade sa kr\u00e1\u013eovn\u00e1 objavila na balk\u00f3ne Buckinghamsk\u00e9ho pal\u00e1ca, aby prijala ofici\u00e1lny pozdrav s nik\u00fdm in\u00fdm ako s princom Edwardom, vojvodom z Kentu. Vojvoda (86), ktor\u00fd je prv\u00fdm bratrancom 96-ro\u010dnej kr\u00e1\u013eovnej, je ve\u013emajstrom United Grand Lodge, najvplyvnej\u0161ej slobodomur\u00e1rskej in\u0161tit\u00facie na svete a ve\u013ek\u00fdm patr\u00f3nom Rose Croix, britskej verzie Ancient Accepted. Scottish Rite, \u00farad, ktor\u00fd predt\u00fdm zast\u00e1val jeho otec, prv\u00fd vojvoda.<\/p>\n<p>Kr\u00e1\u013eovnin bratranec, ktor\u00fd tento rok osl\u00e1vil 59 rokov slobodomur\u00e1rstva, bol zasv\u00e4ten\u00fd do Royal Alpha Lodge, \u010d. 16, 16. decembra 1963 na stretnut\u00ed v Caf\u00e9 Royal. Vtedaj\u0161\u00ed ve\u013emajster, gr\u00f3f zo Scarbrough, bol jeho navrhovate\u013eom a jeho sekundantom bol lord Cornwallis, provin\u010dn\u00fd ve\u013emajster z Kentu.<\/p>\n<p>Vojvoda z Kentu je u\u017e viac ako 50 rokov ve\u013emajstrom Ve\u013ekej l\u00f3\u017ee Anglicka. To znamen\u00e1, \u017ee kr\u00e1\u013eovnin bratranec je najvy\u0161\u0161\u00edm slobodomur\u00e1rom v hierarchii. Samozrejme, o mnoh\u00fdch \u010dlenoch kr\u00e1\u013eovskej rodiny sa hovor\u00ed, \u017ee s\u00fa slobodomur\u00e1ri, dokonca aj dnes, hoci vojvoda z Kentu je len jedn\u00fdm z dvoch s\u00fa\u010dasn\u00fdch \u010dlenov kr\u00e1\u013eovskej rodiny, o ktor\u00fdch je verejne zn\u00e1me, \u017ee s\u00fa s\u00fa\u010das\u0165ou spolo\u010dnosti a akt\u00edvne sa podie\u013eaj\u00fa na spr\u00e1ve toho, \u010do slobodomur\u00e1ri naz\u00fdvaj\u00fa &#8220;Remeslo&#8221;.<\/p>\n<p>Vojvoda z Kentu je synom princa Georga, ktor\u00fd zomrel pri hav\u00e1rii lietadla v roku 1942 a vojvodstvo zdedil vo veku 6 rokov. Princ George bol \u0161tvrt\u00fdm synom kr\u00e1\u013ea Juraja V. a kr\u00e1\u013eovnej M\u00e1rie, ako aj mlad\u0161\u00edm bratom kr\u00e1\u013ea Juraja VI.<\/p>\n<p>Vojvodov brat, princ Michael z Kentu, je tie\u017e slobodomur\u00e1r a je ve\u013emajstrom Ve\u013ekej l\u00f3\u017ee Mark Master Masons a ve\u013emajstrom provincie Ve\u013ekej l\u00f3\u017ee v Middlesexe. V minulosti boli piati monarchovia \u010dlenmi slobodomur\u00e1rskej l\u00f3\u017ee vr\u00e1tane kr\u00e1\u013eovninho otca Juraja VI., ktor\u00fd bol v rokoch 1936-37 ve\u013emajstrom Ve\u013ekej l\u00f3\u017ee \u0160k\u00f3tska a Edward VII bol tie\u017e ve\u013emajstrom Ve\u013ekej l\u00f3\u017ee Anglicka 1874\u20131901.<\/p>\n<p>Av\u0161ak aj ke\u010f kr\u00e1\u013eovn\u00e1 Al\u017ebeta nikdy nedostala form\u00e1lny titul v slobodomur\u00e1rstve, dodnes sa pova\u017euje za kr\u00e1\u013eovn\u00fa remesiel.<\/p>\n<p>Star\u00e9 poplatky z p\u00e4tn\u00e1steho storo\u010dia vyz\u00fdvali slobodomur\u00e1rov, aby boli vern\u00ed Bohu, prav\u00fdch liegemen kr\u00e1\u013eovi a vern\u00ed remeslu. Obvinenia slobodomur\u00e1ra vytla\u010den\u00e9 v \u00dastave Ve\u013ekej l\u00f3\u017ee Anglicka (\u010das\u0165 VI \u2013 2006) obsahuj\u00fa toto vyhl\u00e1senie: \u201e Kr\u00e1li a knie\u017eat\u00e1 v ka\u017edom veku boli ochotn\u00ed povzbudzova\u0165 remeseln\u00edkov z d\u00f4vodu ich mierumilovnosti a lojality.\u201c Preto lojalita k panovn\u00edkovi bola a st\u00e1le je z\u00e1kladn\u00fdm princ\u00edpom slobodomur\u00e1rstva v Spojenom kr\u00e1\u013eovstve.<\/p>\n<p>Poukazuje na to prastar\u00fd zvyk opekania na slobodomur\u00e1rskych banketoch, zdeden\u00fd ritu\u00e1l pozorovan\u00fd na za\u010diatku 18. storo\u010dia a pravdepodobne aj predt\u00fdm, ktor\u00e9ho som sa z\u00fa\u010dastnil, ke\u010f som v roku 2003 vst\u00fapil do United Grand Lodge of England (m\u00f4j b\u00fdval\u00fd slobodomur\u00e1rsky \u017eivot).<\/p>\n<p>Na prvom mieste v tejto starej trad\u00edcii je v\u017edy takzvan\u00fd \u201evern\u00fd pr\u00edpitok\u201c, ktor\u00fd sa d\u00e1va \u201eKr\u00e1\u013eovnej a remeslu\u201c. V\u00fdznam zjednoten\u00e9ho pr\u00edpitku je v tom, \u017ee lojalita k Panovn\u00edkovi je z\u00e1kladn\u00fdm princ\u00edpom slobodomur\u00e1rstva, ktor\u00fd z\u00e1vis\u00ed od jeho slobodomur\u00e1rskej \u201epravidelnosti\u201c poch\u00e1dzaj\u00facej od Ve\u013ekej l\u00f3\u017ee Anglicka, \u010do d\u00e1va vojvodovi z Kentu ve\u013emi siln\u00fa poz\u00edciu ako predsedaj\u00faceho ve\u013emajstra. Bolo navrhnut\u00e9, \u017ee: <\/p>\n<p>\u201eZvyk pr\u00edpitkov na na\u0161ich sviato\u010dn\u00fdch stretnutiach je tak\u00fd star\u00fd, \u017ee sa stal spolo\u010densk\u00fdm medzn\u00edkom \u2013 netreba ho \u013eahkov\u00e1\u017ene op\u00fa\u0161\u0165a\u0165 alebo fal\u0161ova\u0165. &#8230; Mali by sme si v\u0161etk\u00fdmi prostriedkami zachova\u0165 kombinovan\u00fa formu a mali by sme tak urobi\u0165 bez oh\u013eadu na to, \u010di vl\u00e1dnuci monarcha je alebo nie je slobodomur\u00e1r.\u201c <\/p>\n<p>Z tohto d\u00f4vodu vojvoda z Kentu, s\u00fa\u010dasn\u00fd ve\u013emajster Ve\u013ekej l\u00f3\u017ee Anglicka, zaujal pri tejto historickej udalosti miesto zosnul\u00e9ho man\u017eela panovn\u00edka, princa Philipa, vojvodu z Edinburghu, ktor\u00fd zomrel minul\u00fd rok vo veku 99 rokov, <\/p>\n<blockquote><p>\u010do bude pravdepodobne posledn\u00e9 verejn\u00e9 vyst\u00fapenie britsk\u00e9ho panovn\u00edka ako kr\u00e1\u013eovnej. <\/p><\/blockquote>\n","protected":false},"excerpt":{"rendered":"<p>Ako p\u00e1pe\u017e Franti\u0161ek pl\u00e1nuje svoju rezign\u00e1ciu a bud\u00faci \u201e\u010dierny\u201c z Afriky a ako to vid\u00ed Leo Zagami: Na to, \u017ee Bergolio rad\u0161ej odst\u00fapi, ne\u017e by \u010dakal na koniec svojho mand\u00e1tu, som upozor\u0148oval od za\u010diatku svojho p\u00e1pe\u017estva, no Bergoglio teraz pridal palivo do klebiet o bud\u00facnosti svojho pontifik\u00e1tu t\u00fdm, \u017ee ozn\u00e1mil, \u017ee nav\u0161t\u00edvi stredn\u00e9 Taliansko, mesto [&hellip;]<\/p>\n","protected":false},"author":1,"featured_media":0,"comment_status":"closed","ping_status":"open","sticky":false,"template":"","format":"standard","meta":{"footnotes":""},"categories":[5],"tags":[],"class_list":["post-25655","post","type-post","status-publish","format-standard","hentry","category-exo-news"],"_links":{"self":[{"href":"https:\/\/extraslovensko.sk\/spravy\/wp-json\/wp\/v2\/posts\/25655","targetHints":{"allow":["GET"]}}],"collection":[{"href":"https:\/\/extraslovensko.sk\/spravy\/wp-json\/wp\/v2\/posts"}],"about":[{"href":"https:\/\/extraslovensko.sk\/spravy\/wp-json\/wp\/v2\/types\/post"}],"author":[{"embeddable":true,"href":"https:\/\/extraslovensko.sk\/spravy\/wp-json\/wp\/v2\/users\/1"}],"replies":[{"embeddable":true,"href":"https:\/\/extraslovensko.sk\/spravy\/wp-json\/wp\/v2\/comments?post=25655"}],"version-history":[{"count":0,"href":"https:\/\/extraslovensko.sk\/spravy\/wp-json\/wp\/v2\/posts\/25655\/revisions"}],"wp:attachment":[{"href":"https:\/\/extraslovensko.sk\/spravy\/wp-json\/wp\/v2\/media?parent=25655"}],"wp:term":[{"taxonomy":"category","embeddable":true,"href":"https:\/\/extraslovensko.sk\/spravy\/wp-json\/wp\/v2\/categories?post=25655"},{"taxonomy":"post_tag","embeddable":true,"href":"https:\/\/extraslovensko.sk\/spravy\/wp-json\/wp\/v2\/tags?post=25655"}],"curies":[{"name":"wp","href":"https:\/\/api.w.org\/{rel}","templated":true}]}}