{"id":25693,"date":"2022-06-15T08:41:25","date_gmt":"2022-06-15T08:41:25","guid":{"rendered":"https:\/\/extraslovensko.sk\/spravy\/?p=25693"},"modified":"2022-06-15T08:41:25","modified_gmt":"2022-06-15T08:41:25","slug":"putin-sa-prirovnal-k-petrovi-velkemu-velky-ale-iba-falosne-vitazstvo","status":"publish","type":"post","link":"https:\/\/extraslovensko.sk\/spravy\/putin-sa-prirovnal-k-petrovi-velkemu-velky-ale-iba-falosne-vitazstvo\/","title":{"rendered":"Putin sa prirovnal k Petrovi Ve\u013ek\u00e9mu, Ve\u013ek\u00fd ale iba falo\u0161n\u00e9 v\u00ed\u0165azstvo"},"content":{"rendered":"<p>Putin sa prirovnal k Petrovi Ve\u013ek\u00e9mu, Ve\u013ek\u00fd ale iba falo\u0161n\u00e9 v\u00ed\u0165azstvo. Boje na v\u00fdchode Ukrajiny neboli nikdy z\u00farivej\u0161ie, no je \u010doraz jasnej\u0161ie, \u017ee ani jedna strana nebude schopn\u00e1 t\u00fato vojnu vyhra\u0165 e\u0161te dlho. Politick\u00e9 n\u00e1klady Adolfa Putina medzit\u00fdm len porast\u00fa. V\u00fdsledkom je, \u017ee v Kremli sa h\u013ead\u00e1 \u017eivotaschopn\u00e1 strat\u00e9gia, ktor\u00e1 by ho aj tak predstavila ako v\u00ed\u0165aza.<\/p>\n<h1>Putin sa prirovnal k Petrovi Ve\u013ek\u00e9mu, Ve\u013ek\u00fd ale iba falo\u0161n\u00e9 v\u00ed\u0165azstvo<\/h1>\n<p>Jedn\u00fdm z n\u00e1padov, ktor\u00fd sa dost\u00e1va do povedomia, je vysa\u0165 nieko\u013eko o\u0161\u00fachan\u00fdch b\u00fdval\u00fdch sovietskych \u00fazem\u00ed, ktor\u00fdch existencia u\u017e z\u00e1vis\u00ed od autority Moskvy, a potom vyzdvihn\u00fa\u0165 Putina ako \u201ezbera\u010da rusk\u00fdch kraj\u00edn\u201c v starej c\u00e1rskej trad\u00edcii. Rusk\u00fd prezident to nazna\u010dil minul\u00fd \u0161tvrtok pri pr\u00edle\u017eitosti 350. v\u00fdro\u010dia narodenia Petra Ve\u013ek\u00e9ho. Vo svojich kampaniach proti \u0160v\u00e9dsku, poznamenal Putin, Peter \u201eod nich ni\u010d nezobral, vr\u00e1til [to, \u010do bolo Rusku]\u201c. Potom dodal, \u017ee \u201ezjavne\u201c mu dnes pripadla rovnak\u00e1 \u00faloha, preto\u017ee \u201eje na\u0161ou zodpovednos\u0165ou vzia\u0165 sp\u00e4\u0165 a posilni\u0165\u201c.<\/p>\n<p>Napriek tomu, \u017ee tento akvizi\u010dn\u00fd pr\u00edstup fungoval pre cis\u00e1ra, ktor\u00fd zalo\u017eil Putinovo rodn\u00e9 mesto Petrohrad, a dlho predt\u00fdm pre Ivana Ve\u013ek\u00e9ho, stredovek\u00e9ho moskevsk\u00e9ho princa, ktor\u00fd polo\u017eil z\u00e1klady rusk\u00e9ho \u0161t\u00e1tu. <\/p>\n<h1>Hroz\u00ed patov\u00e1 situ\u00e1cia<\/h1>\n<p>Zatia\u013e \u010do rusk\u00e1 ofenz\u00edva na Ukrajine napreduje pomaly, doch\u00e1dza jej tie\u017e para. Zatia\u013e \u010do Putin v\u00e1h\u00e1 nad t\u00fdm, \u010di pripusti\u0165, \u017ee jeho \u201e\u0161peci\u00e1lna vojensk\u00e1 oper\u00e1cia\u201c je rozsiahlou vojnou, a mobilizova\u0165 z\u00e1lohy \u2013 nie\u010do, \u010do by v\u00e4\u010d\u0161inu Rusov znepokojilo a odcudzilo \u2013 jeho gener\u00e1li nemaj\u00fa jednotky na to, aby toto leto za\u010dali \u010fal\u0161\u00ed ve\u013ek\u00fd z\u00e1sah.<\/p>\n<p>Pokia\u013e ide o Ukrajincov, zatia\u013e \u010do dod\u00e1vky techniky zo Z\u00e1padu im umo\u017e\u0148uj\u00fa pokra\u010dova\u0165 v boji, utrpia \u0165a\u017ek\u00e9 straty, s\u00fa u\u017e plne mobilizovan\u00ed a pravdepodobne sa im ani nepodar\u00ed dosiahnu\u0165 v\u00e4\u010d\u0161ie v\u00ed\u0165azstvo na bojisku.<\/p>\n<p>N\u00e1stup jesene s\u0165a\u017e\u00ed ak\u00e9ko\u013evek vojensk\u00e9 oper\u00e1cie, preto\u017ee zl\u00e9 po\u010dasie br\u00e1ni pou\u017eitiu vzdu\u0161nej sily a da\u017ede zv\u00e4\u010d\u0161uj\u00fa rieky a menia such\u00fa p\u00f4du na hust\u00e9, lepkav\u00e9 bahno. V septembri sa preto pravdepodobnos\u0165 ak\u00e9hoko\u013evek rusk\u00e9ho prelomu e\u0161te pred\u013a\u017ei, rovnako ako skuto\u010dn\u00e9 n\u00e1klady vojny zasiahnu domov v Rusku: infl\u00e1cia, nezamestnanos\u0165, rast\u00face povedomie o obetiach, mizn\u00faca n\u00e1dej.<\/p>\n<hr>\n<p>Zatknutie KGB\u00e1ka v rusku v roku 1999 za kr\u00e1de\u017ee. Tento umel\u00fd KGB\u00e1k stoji za prd a jeho mozog je 4 roky napadnut\u00fd mimozemskou agres\u00edvnou entitou al\u00e1 Archon. To je d\u00f4vod t\u00fdch svinstiev, ktor\u00e9 si dal schv\u00e1li\u0165 Dumou a z\u00e1rove\u0148 vojny na Ukrajine.<\/p>\n<p><iframe loading=\"lazy\" title=\"\u202a\u202a\u0410\u0440\u0435\u0441\u0442 \u0412\u043b\u0430\u0434\u0438\u043c\u0438\u0440\u0430 \u041f\u0443\u0442\u0438\u043d\u0430: \u0440\u0435\u043f\u043e\u0440\u0442\u0430\u0436 \u0438\u0437 \u0437\u0430\u043b\u0430 \u0441\u0443\u0434\u0430\u202c\u202c\" width=\"640\" height=\"360\" src=\"https:\/\/www.youtube.com\/embed\/v1hLtFn4CLU?feature=oembed\" frameborder=\"0\" allow=\"accelerometer; autoplay; clipboard-write; encrypted-media; gyroscope; picture-in-picture; web-share\" referrerpolicy=\"strict-origin-when-cross-origin\" allowfullscreen><\/iframe><\/p>\n<p>V\u0161etci vedia, ka\u017ed\u00fd \u010du\u0161\u00ed, Mercedesy, BMW, USA aut\u00e1 jazdia na fos\u00edlne paliv\u00e1 \ud83d\ude42<br \/>\n<a href=\"https:\/\/extraslovensko.sk\/spravy\/najvacsie-svetove-loziska-litia-sa-nachadzaju-v-bolivii\/\">Najv\u00e4\u010d\u0161ia ba\u0148a na l\u00edthium <\/a>pre bat\u00e9rie drieme v komunistick\u00fdch sra\u010dk\u00e1ch.<\/p>\n<hr>\n<h2>Vymyslenie v\u00fdhry<\/h2>\n<p>Putin sa teda m\u00f4\u017ee ocitn\u00fa\u0165 pri nakupovan\u00ed nie\u010doho in\u00e9ho, \u200b\u200b\u010do m\u00f4\u017ee vyhl\u00e1si\u0165 za triumf. Charakteristickou \u010drtou jeho re\u017eimu je, \u017ee len zriedkakedy je to samotn\u00fd prezident, kto vytv\u00e1ra iniciat\u00edvy. Namiesto toho vyjadruje \u0161irok\u00e9 z\u00e1ujmy a \u010dak\u00e1 na \u013eud\u00ed vo vl\u00e1de aj mimo nej, aby mu predlo\u017eili n\u00e1pady, z ktor\u00fdch si m\u00f4\u017ee vybra\u0165. <\/p>\n<p>Teraz, ke\u010f s\u00fa o\u010dak\u00e1vania r\u00fdchleho a \u013eahk\u00e9ho v\u00ed\u0165azstva zmaren\u00e9, je to, \u010do sa deje v Rusku. Prebieha cel\u00fd rad z\u00e1kulisn\u00fdch deb\u00e1t, ke\u010f \u201epolitick\u00ed podnikatelia\u201c od vl\u00e1dnych ministrov a\u017e po zasv\u00e4ten\u00e9 think-tanky navrhuj\u00fa r\u00f4zne mo\u017enosti v n\u00e1deji, \u017ee up\u00fataj\u00fa Putinovu pozornos\u0165 a z\u00edskaj\u00fa si jeho priaze\u0148.<\/p>\n<blockquote><p>Jedna diskusia je o tom, \u010di priamo anektova\u0165 tie \u010dasti Ukrajiny pod ruskou kontrolou. Pre niektor\u00fdch by to v\u0161ak nesta\u010dilo.<\/p><\/blockquote>\n<p> Ako povedal jeden zasv\u00e4tenec prezidentskej administrat\u00edvy: \u201eKreme\u013e potrebuje ve\u013ek\u00fd tresk, aby urobil nie\u010do skuto\u010dne dramatick\u00e9, dokonca \u0161okuj\u00face, ak chce rozpt\u00fdli\u0165 pozornos\u0165 verejnosti, ktor\u00e1 sa p\u00fdta, kam sa podeli jeho \u00faspory a pre\u010do si nem\u00f4\u017ee dovoli\u0165 veci, ktor\u00e9 pou\u017eil.\u201d<\/p>\n<p>Nie s\u00fa to technokrati, ktor\u00ed jednoducho chc\u00fa, aby sa vojna skon\u010dila, ani skuto\u010dn\u00ed z\u00e1stancovia tvrdej l\u00ednie, ktor\u00ed si myslia, \u017ee vojna nie je vybojovan\u00e1 dostato\u010dne tvrdo, \u017ee je \u010das zmobilizova\u0165 sa a znova za\u00fato\u010di\u0165 za Kyjev. Namiesto toho chce t\u00e1to skupina n\u00e1rodn\u00fa sl\u00e1vu \u2013 ale r\u00fdchlo a lacno.<\/p>\n<p>Obhajuj\u00fa anexiu dvoch povstaleck\u00fdch \u201e\u013eudov\u00fdch republ\u00edk\u201c v Donbase,  ktor\u00fdch poddajn\u00ed vodcovia u\u017e ozn\u00e1mili svoje \u017eelanie form\u00e1lne sa pripoji\u0165 k Rusku.<\/p>\n<p>Ned\u00e1vne n\u00e1v\u0161tevy z\u00e1stupcu ved\u00faceho ruskej prezidentskej administrat\u00edvy Sergeja Kiryenka, Putinovho hlavn\u00e9ho politick\u00e9ho fix\u00e9ra a Marata Khusnullina, podpredsedu vl\u00e1dy pre region\u00e1lny rozvoj, skuto\u010dne nazna\u010duj\u00fa, \u017ee sa pripravuj\u00fa pl\u00e1ny na anektovanie aspo\u0148 povstaleck\u00fdch republ\u00edk vytvoren\u00fdch v roku 2014 a mo\u017eno aj ukrajinsk\u00e9 \u00fazemia dobyt\u00e9 od za\u010diatku inv\u00e1zie vo febru\u00e1ri. <\/p>\n<p>Denis Pu\u0161ilin, \u0161\u00e9f \u201eDoneckej \u013eudovej republiky\u201c, premenil svoj kabinet a predstavil nieko\u013eko b\u00fdval\u00fdch rusk\u00fdch predstavite\u013eov, k\u00fdm na druh\u00fd de\u0148 jeho n\u00e1protivok v \u201eLuhanskej \u013eudovej republike\u201c Leonid Pasechnik vymenoval b\u00fdval\u00e9ho z\u00e1stupcu. guvern\u00e9r ruskej Kurganskej oblasti ako jeho podpredseda vl\u00e1dy.<\/p>\n<p>S\u00fa v\u0161ak aj tak\u00ed \u2013 a medzi nimi m\u00f4\u017ee by\u0165 aj ambici\u00f3zny Kiryenko \u2013 ktor\u00ed chc\u00fa \u00eds\u0165 \u010falej. Nazna\u010duj\u00fa, \u017ee toto je vhodn\u00fd \u010das na uchv\u00e1tenie \u010fal\u0161\u00edch regi\u00f3nov podporovan\u00fdch Ruskom a obhajovanie v\u0161eobecnej anexie v r\u00e1mci prist\u00fapenia k miestnym po\u017eiadavk\u00e1m, od\u0161tiepeneck\u00fdch \u00fazem\u00ed Abch\u00e1zska a Ju\u017en\u00e9ho Osetska v Gruz\u00ednsku.<\/p>\n<p>Okrem toho sa dokonca pohr\u00e1vaj\u00fa s my\u0161lienkou bu\u010f pohlti\u0165 Bielorusko, alebo, menej dramaticky, nadviaza\u0165 na existuj\u00facu zmluvu medzi Minskom a Moskvou, aby sa existuj\u00faci \u201e\u0161t\u00e1t \u00fanie Ruska a Bieloruska\u201c zmenil na nie\u010do, \u010do vyzer\u00e1 ove\u013ea re\u00e1lnej\u0161ie.<\/p>\n<p>Potom by sa to v\u0161etko mohlo rusk\u00e9mu \u013eudu prezentova\u0165 ako zvr\u00e1tenie zle premyslenej fragment\u00e1cie sovietskeho \u0161t\u00e1tu na konci roku 1991, stanovenie umel\u00fdch a diskrimina\u010dn\u00fdch hran\u00edc a n\u00e1rodn\u00fd triumf.<\/p>\n<p>Putin by sa potom dal nakresli\u0165 ako novodob\u00fd Ivan Ve\u013ek\u00fd, ktor\u00fd na konci 15. storo\u010dia porazil Tat\u00e1rov a \u201ezhroma\u017edil rusk\u00e9 krajiny\u201c pod Moskvou. Napriek tomu by to bol ekvivalent obchodu s librami, ktor\u00fd by zbieral lacn\u00e9, z\u00fafal\u00e9, skrachovan\u00e9, dostupn\u00e9. Putinovi propagandisti by to, samozrejme, riadne vyto\u010dili ako v\u00ed\u0165azstvo, ale bolo by to tak\u00e9, <em>ktor\u00e9 by sa kupovalo za obrovsk\u00e9 \u010fal\u0161ie dlhodob\u00e9 n\u00e1klady<\/em>.<\/p>\n<p>Medzin\u00e1rodne by sa to pova\u017eovalo za d\u00f4kaz nen\u00e1sytn\u00e9ho imperializmu, odhodlania obnovi\u0165 c\u00e1rske alebo sovietske imp\u00e9rium. Carl Bildt, b\u00fdval\u00fd \u0161v\u00e9dsky premi\u00e9r, nazval Putinovu pozn\u00e1mku Petra Ve\u013ek\u00e9ho minul\u00fd t\u00fd\u017ede\u0148 \u201ereceptom na roky vojny\u201c. <\/p>\n<p>Museli by sa n\u00e1js\u0165 peniaze zo \u0161kr\u00edpaj\u00faceho rusk\u00e9ho feder\u00e1lneho rozpo\u010dtu na zv\u00fd\u0161enie t\u00fdchto nov\u00fdch akviz\u00edci\u00ed, aby sa miestnym preuk\u00e1zala nejak\u00e1 materi\u00e1lna v\u00fdhoda. Vzh\u013eadom na to, \u017ee Moskva by v t\u00fdchto oblastiach musela pracova\u0165 cez existuj\u00face elity, z ktor\u00fdch v\u00e4\u010d\u0161ina s\u00fa n\u00e1siln\u00edcki gangstri, ve\u013ek\u00e1 \u010das\u0165 t\u00fdchto invest\u00edci\u00ed by bola jednoducho ukradnut\u00e1.<\/p>\n<p>Administrat\u00edvne by to tie\u017e vytvorilo op\u00e4tovn\u00fd tlak na \u0161t\u00e1tny stroj, ktor\u00fd u\u017e teraz bojuje. Michail Mi\u0161ustin, rusk\u00fd premi\u00e9r, je horliv\u00fdm z\u00e1stancom modern\u00e9ho \u201etechnoautorit\u00e1rstva\u201c s jednotn\u00fdmi datab\u00e1zami a \u0161tandardizovan\u00fdmi syst\u00e9mami. <\/p>\n<blockquote><p>Komplik\u00e1cie masov\u00fdch anexi\u00ed by podkopali jeho v\u00edziu bud\u00faceho vl\u00e1dnutia.<\/p><\/blockquote>\n<p>S\u00fa tu aj bezpe\u010dnostn\u00e9 v\u00fdzvy: ozbrojen\u00e9 sily t\u00fdchto regi\u00f3nov, z ktor\u00fdch mnoh\u00e9 s\u00fa skuto\u010dne mil\u00edcie, by nemuseli by\u0165 nad\u0161en\u00e9 z toho, \u017ee id\u00fa bojova\u0165 na Ukrajinu. Ak v\u00f4bec nie\u010do, zdroje ruskej arm\u00e1dy a Feder\u00e1lnej bezpe\u010dnostnej slu\u017eby (FSB) mo\u017eno bud\u00fa musie\u0165 by\u0165 presmerovan\u00e9 k nim, aby sa zachovalo pr\u00e1vo Moskvy na tieto nov\u00e9 majetky. <\/p>\n<p>Z\u00e1stancovia tejto politiky mo\u017eno mylne vych\u00e1dzaj\u00fa z nad\u0161enia, s ktor\u00fdm Rusi priv\u00edtali anexiu Krymu v roku 2014 a s ktor\u00fdm ju priv\u00edtali aj mnoh\u00ed Krym\u010dania. Ale to bol ve\u013emi \u0161pecifick\u00fd pr\u00edpad. Krym bol do roku 1954 s\u00fa\u010das\u0165ou Ruska a v\u00e4\u010d\u0161ina Rusov ho skuto\u010dne pova\u017eovala za \u201esvoj\u201c. To ist\u00e9 nemo\u017eno poveda\u0165 o Donbase, nieto o Abch\u00e1zsku.<\/p>\n<p>U\u017e teraz sa objavila ur\u010dit\u00e1 nev\u00f4\u013ea nad dot\u00e1ciami vo v\u00fd\u0161ke 10 mili\u00e1rd libier, ktor\u00e9 boli uvalen\u00e9 na Krym, zatia\u013e \u010do dot\u00e1cie pre \u010ce\u010densko boli kedysi dostato\u010dne kontroverzn\u00e9 na to, aby vyvolali protesty s rasistick\u00fdm podtextom proti \u201ek\u0155meniu Kaukazu\u201c, ktor\u00e9 podporoval dokonca aj teraz v\u00e4znen\u00fd opozi\u010dn\u00fd l\u00edder Alexej Nava\u013enyj.<\/p>\n<p>Rovnako nie je jasn\u00e9, \u010di by tieto regi\u00f3ny priv\u00edtali objatie vlasti. Dokonca aj na Kryme vl\u00e1dne nov\u00e1 n\u00e1lada dezil\u00fazie, v neposlednom rade preto, \u017ee ve\u013ek\u00e1 \u010das\u0165 s\u013e\u00faben\u00fdch invest\u00edci\u00ed tam bola ukradnut\u00e1 alebo premrhan\u00e1.<\/p>\n<p>V Ju\u017enom Osetsku predch\u00e1dzaj\u00faci prezident Anatolij Bibilov uprednostnil referendum o anexii, preto\u017ee by to kone\u010dne zjednotilo oblas\u0165 so Severn\u00fdm Osetskom, rusk\u00fdm regi\u00f3nom, ale Alan Gaglojev, ktor\u00fd ho minul\u00fd mesiac porazil a vyhral vo\u013eby, od tejto my\u0161lienky ust\u00fapil.<\/p>\n<p>\u010co sa t\u00fdka Bieloruska, hoci je prezident Alexander Luka\u0161enko v s\u00fa\u010dasnosti v podstate z\u00e1visl\u00fd od podpory Moskvy, po\u017eadoval by vysok\u00fa cenu za prist\u00fapenie k ak\u00e9muko\u013evek tak\u00e9muto pl\u00e1nu, najm\u00e4 preto, \u017ee \u010dasy, ke\u010f mal Putin silu nahradi\u0165 ho \u00factivej\u0161\u00edm z\u00e1stupcom, s\u00fa u\u017e pravdepodobne pre\u010d. .<\/p>\n<p>Nie tak\u00e9 &#8220;skvel\u00e9&#8221;<\/p>\n<p>Napriek tomu m\u00e1 umel\u00fd KGB\u00e1k Putin formu n\u00e1kupu zjavn\u00e9ho kr\u00e1tkodob\u00e9ho zisku za cenu dlhodobej bolesti (pravdepodobne pr\u00edkladom toho bola anexia Krymu). Okrem toho, vzh\u013eadom na pretrv\u00e1vaj\u00face klebety o jeho zdravotnom stave, mu v t\u00fdchto d\u0148och nemus\u00ed a\u017e tak z\u00e1le\u017ea\u0165 na dlhodobom horizonte.<\/p>\n<p>O\u010dividne sa e\u0161te nerozhodol pre svoj \u010fal\u0161\u00ed krok, ale jeho t\u00fa\u017eby \u00eds\u0165 v stop\u00e1ch \u201eve\u013ek\u00fdch\u201c Petra a Ivana ho m\u00f4\u017eu e\u0161te zl\u00e1ka\u0165 k odv\u00e1\u017enej\u0161\u00edm a v kone\u010dnom d\u00f4sledku drah\u0161\u00edm politik\u00e1m, <em>ktor\u00e9 by v kone\u010dnom d\u00f4sledku mohli dok\u00e1za\u0165 jeho skazu.<\/em><\/p>\n<hr>\n<p><em>Spojen\u00e9 \u0161t\u00e1ty nebud\u00fa pri rie\u0161en\u00ed ot\u00e1zky rie\u0161enia konfliktu s Ruskom vnucova\u0165 Ukrajine svoj postoj k \u00fazemn\u00fdm \u00fastupkom<\/em>. Pod\u013ea americk\u00e9ho ministra zahrani\u010dia Anthonyho Blinkena bud\u00fa musie\u0165 o ot\u00e1zkach o pr\u00edpadn\u00fdch \u00fastupkoch rozhodn\u00fa\u0165 \u00farady krajiny a ukrajinsk\u00fd \u013eud<\/p>\n<p>Jedin\u00e9ho odborn\u00edka na KGB\u00e1ka Marka Galeottiho u\u017e rusk\u00ed fa\u0161isti Ivana I\u013ejina do Ruska nepustia. Pre Ukrajincov u\u017e nov\u00e9 zbrane asi nikto vyr\u00e1ba\u0165 nebude, lebo Elity vedia \u010do sa stane v decembri 2022, Anunnaki Return. Preto je t\u00e1to vojna tot\u00e1lny blud!<\/p>\n","protected":false},"excerpt":{"rendered":"<p>Putin sa prirovnal k Petrovi Ve\u013ek\u00e9mu, Ve\u013ek\u00fd ale iba falo\u0161n\u00e9 v\u00ed\u0165azstvo. Boje na v\u00fdchode Ukrajiny neboli nikdy z\u00farivej\u0161ie, no je \u010doraz jasnej\u0161ie, \u017ee ani jedna strana nebude schopn\u00e1 t\u00fato vojnu vyhra\u0165 e\u0161te dlho. Politick\u00e9 n\u00e1klady Adolfa Putina medzit\u00fdm len porast\u00fa. V\u00fdsledkom je, \u017ee v Kremli sa h\u013ead\u00e1 \u017eivotaschopn\u00e1 strat\u00e9gia, ktor\u00e1 by ho aj tak predstavila [&hellip;]<\/p>\n","protected":false},"author":1,"featured_media":0,"comment_status":"closed","ping_status":"open","sticky":false,"template":"","format":"standard","meta":{"footnotes":""},"categories":[5],"tags":[],"class_list":["post-25693","post","type-post","status-publish","format-standard","hentry","category-exo-news"],"_links":{"self":[{"href":"https:\/\/extraslovensko.sk\/spravy\/wp-json\/wp\/v2\/posts\/25693","targetHints":{"allow":["GET"]}}],"collection":[{"href":"https:\/\/extraslovensko.sk\/spravy\/wp-json\/wp\/v2\/posts"}],"about":[{"href":"https:\/\/extraslovensko.sk\/spravy\/wp-json\/wp\/v2\/types\/post"}],"author":[{"embeddable":true,"href":"https:\/\/extraslovensko.sk\/spravy\/wp-json\/wp\/v2\/users\/1"}],"replies":[{"embeddable":true,"href":"https:\/\/extraslovensko.sk\/spravy\/wp-json\/wp\/v2\/comments?post=25693"}],"version-history":[{"count":0,"href":"https:\/\/extraslovensko.sk\/spravy\/wp-json\/wp\/v2\/posts\/25693\/revisions"}],"wp:attachment":[{"href":"https:\/\/extraslovensko.sk\/spravy\/wp-json\/wp\/v2\/media?parent=25693"}],"wp:term":[{"taxonomy":"category","embeddable":true,"href":"https:\/\/extraslovensko.sk\/spravy\/wp-json\/wp\/v2\/categories?post=25693"},{"taxonomy":"post_tag","embeddable":true,"href":"https:\/\/extraslovensko.sk\/spravy\/wp-json\/wp\/v2\/tags?post=25693"}],"curies":[{"name":"wp","href":"https:\/\/api.w.org\/{rel}","templated":true}]}}