{"id":25870,"date":"2022-06-24T20:37:22","date_gmt":"2022-06-24T20:37:22","guid":{"rendered":"https:\/\/extraslovensko.sk\/spravy\/?p=25870"},"modified":"2022-06-24T20:37:22","modified_gmt":"2022-06-24T20:37:22","slug":"prichadza-vlna-nepokojov-navod-ako-im-predist-velky-slnecny-zablesk","status":"publish","type":"post","link":"https:\/\/extraslovensko.sk\/spravy\/prichadza-vlna-nepokojov-navod-ako-im-predist-velky-slnecny-zablesk\/","title":{"rendered":"Prich\u00e1dza vlna nepokojov, n\u00e1vod ako im pred\u00eds\u0165"},"content":{"rendered":"<p>Prich\u00e1dza vlna nepokojov. Tu je n\u00e1vod, ako niektor\u00e9mu z nich pred\u00eds\u0165. Rast\u00face ceny potrav\u00edn a pohonn\u00fdch hm\u00f4t sa prid\u00e1vaj\u00fa k u\u017e existuj\u00facim s\u0165a\u017enostiam. \u017dia\u013e, inv\u00e1zia Adolfa Putina na Ukrajinu op\u00e4\u0165 pozdvihla trh s obil\u00edm a energiou. A tak sa nepokojom nevyhne ani tento rok. Rast\u00face ceny potrav\u00edn a pohonn\u00fdch hm\u00f4t s\u00fa najnepr\u00edjemnej\u0161ou formou infl\u00e1cie. Ak st\u00fapnu ceny n\u00e1bytku \u010di smartf\u00f3nov, \u013eudia m\u00f4\u017eu n\u00e1kup odlo\u017ei\u0165 alebo ho \u00faplne odmietnu\u0165.<em> Ale nem\u00f4\u017eu presta\u0165 jes\u0165. <\/em><\/p>\n<h1>Prich\u00e1dza vlna nov\u00fdch nepokojov, ako im pred\u00eds\u0165<\/h1>\n<hr>\n<p>M\u00e1me polroka pred pr\u00edchodom riaden\u00e9ho ve\u013ek\u00e9ho slne\u010dn\u00e9ho z\u00e1blesku, ktor\u00fd n\u00e1s posunie na vy\u0161\u0161iu \u00farove\u0148 vedomia do 5 dimezie. K tomu je potrebn\u00e9 obrovsk\u00e9 mno\u017estvo energie. V\u0161etko v tomto teraj\u0161om gul\u00e1\u0161i   m\u00e1 podobu klasick\u00e9ho &#8220;Konca Vekov&#8221;. Star\u00e9 zhnit\u00e9 mus\u00ed mus\u00ed is\u0165 pre\u010d, aby mohlo nast\u00fapi\u0165 nov\u00e9 a \u010distej\u0161ie. <\/p>\n<p>Boh \u0160iva je bohom skazy a znovuzrodenia. Na star\u00fdch zhnit\u00fdch z\u00e1kladoch sa jednoducho nov\u00e9 budova\u0165 ned\u00e1! To plat\u00ed pre ka\u017ed\u00fa civiliz\u00e1ciu, ktor\u00e1 \u017eila na Zemi, lebo ka\u017ed\u00fdch 30.000 rokov pri\u0161la v\u017edy zmena po ve\u013ekom slne\u010dnom z\u00e1blesku. <\/p>\n<p>V\u0161etci politici, Black Nobility o tom d\u00e1vno vedia, len \u010du\u0161ia, aby sa svet komplet nezbl\u00e1znil a nepozab\u00edjal navz\u00e1jom. Niekomu z\u00e1le\u017ei na tom aby sme pokra\u010dovali v na\u0161om v\u00fdvoji, lebo mus\u00edme, sme s\u00fa\u010das\u0165ou vesmiru a nie jedna zabudnut\u00e1 plan\u00e9ta. S\u00fa to Anunnaki Elohim, Galaktick\u00e1 feder\u00e1cia a in\u00ed o ktor\u00fd vrav\u00ed aj Corey Goode. <\/p>\n<p>Za to \u017ee je vo svete nevedomos\u0165 o t\u00fdchto veciach je zodpovedn\u00fd Vatik\u00e1n, svojim hl\u00fapos\u0165ami o neexistuj\u00facom Bohovi. Sta\u010d\u00ed sa pozrie\u0165 teraz do Vatik\u00e1nu a vieme kde sme. Jezuiti kon\u010dia, v\u0161etky n\u00e1bo\u017eenstva s\u00fa podvod na ovl\u00e1danie m\u00e1s!<\/p>\n<hr>\n<p>Rovnako aj n\u00e1klady na dopravu s\u00fa zape\u010den\u00e9 v ka\u017edom fyzickom tovare a v\u00e4\u010d\u0161ina \u013eud\u00ed nem\u00f4\u017ee \u013eahko chodi\u0165 do pr\u00e1ce. Tak\u017ee ke\u010f s\u00fa potraviny a palivo drah\u0161ie, \u017eivotn\u00e1 \u00farove\u0148 m\u00e1 tendenciu n\u00e1hle klesa\u0165. Boles\u0165 je najintenz\u00edvnej\u0161ia pre obyvate\u013eov miest v chudobn\u00fdch krajin\u00e1ch, ktor\u00ed ve\u013ek\u00fa \u010das\u0165 svojich pr\u00edjmov m\u00ed\u0148aj\u00fa na chlieb a cestovn\u00e9 v autobusoch. Na rozdiel od vidieckych \u013eud\u00ed nem\u00f4\u017eu pestova\u0165 svoje vlastn\u00e9 plodiny &#8211; ale m\u00f4\u017eu sa b\u00fari\u0165.<\/p>\n<p>Mnoh\u00e9 vl\u00e1dy chc\u00fa zmierni\u0165 boles\u0165, ale po pand\u00e9mii COVID-19 s\u00fa zadl\u017een\u00e9 a nemaj\u00fa dostatok hotovosti. Pomer verejn\u00e9ho dlhu k HDP v priemernej chudobnej krajine je takmer 70 % a st\u00fapa. Chudobn\u00e9 krajiny tie\u017e platia vy\u0161\u0161ie \u00farokov\u00e9 sadzby, ktor\u00e9 rast\u00fa. Niektor\u00fdm z nich to bude pripada\u0165 neudr\u017eate\u013en\u00e9. mmf hovor\u00ed, \u017ee 41 \u013eud\u00ed je v \u201edlhovej tiesni\u201c alebo im hroz\u00ed vysok\u00e9 riziko .<\/p>\n<p>Sr\u00ed Lanka u\u017e zlyhala a roztopila sa. Nahnevan\u00e9 a hladn\u00e9 davy podpa\u013eovali vozidl\u00e1, vtrhli do vl\u00e1dnych budov a podnietili svojho hanebn\u00e9ho prezidenta, aby vytla\u010dil premi\u00e9ra, ktor\u00fd je jeho bratom. V Peru vypukli nepokoje kv\u00f4li \u017eivotnej \u00farovni a v Indii kv\u00f4li pl\u00e1nu na zru\u0161enie niektor\u00fdch pracovn\u00fdch miest v arm\u00e1de na cel\u00fd \u017eivot, \u010do je na \u0161kodu, ke\u010f tak ve\u013ea \u013eud\u00ed t\u00fa\u017ei po istote. <\/p>\n<p>Pakistan vyz\u00fdva svojich ob\u010danov, aby pili menej \u010daju , aby u\u0161etrili tvrd\u00fa menu. Laos je na pokraji zlyhania. Hnev za cenu \u017eivota nepochybne prispel k tomu, \u017ee Kolumbia zvolila \u013eavicov\u00e9ho radik\u00e1la za prezidenta 19. j\u00fana.<\/p>\n<p>Vytvoril sa \u0161tatistick\u00fd model na presk\u00famanie vz\u0165ahu medzi infl\u00e1ciou cien potrav\u00edn a pal\u00edv a politick\u00fdmi nepokojmi. Odha\u013euje, \u017ee obe boli historicky dobr\u00fdmi prediktormi masov\u00fdch protestov a politick\u00e9ho n\u00e1silia. <\/p>\n<blockquote><p>Ak bud\u00fa zistenia tohto modelu aj na\u010falej pravdiv\u00e9, mnoh\u00e9 krajiny m\u00f4\u017eu tento rok o\u010dak\u00e1va\u0165 zdvojn\u00e1sobenie n\u00e1silia.<\/p><\/blockquote>\n<p>Najv\u00e4\u010d\u0161ie riziko je na miestach, ktor\u00e9 u\u017e boli neist\u00e9: krajiny ako Jord\u00e1nsko a Egypt, ktor\u00e9 s\u00fa z\u00e1visl\u00e9 od dovozu potrav\u00edn a pal\u00edv a maj\u00fa nestabiln\u00e9 verejn\u00e9 financie. Mnoh\u00e9 tak\u00e9to miesta s\u00fa spravovan\u00e9 zle alebo utl\u00e1\u010date\u013esky. V Turecku ponukov\u00fd \u0161ok zr\u00fdchlil ni\u010div\u00fa infl\u00e1ciu sp\u00f4soben\u00fa neistou menovou politikou. Stl\u00e1\u010danie \u017eivotn\u00fdch n\u00e1kladov na celom svete zvy\u0161uje po\u010det s\u0165a\u017enost\u00ed \u013eud\u00ed a zvy\u0161uje \u0161ancu, \u017ee vyjd\u00fa do ul\u00edc. To sa s v\u00e4\u010d\u0161ou pravdepodobnos\u0165ou zmen\u00ed na n\u00e1silie na miestach s mno\u017estvom nezamestnan\u00fdch, slobodn\u00fdch mlad\u00fdch mu\u017eov.<\/p>\n<p>Ke\u010f sa ich k\u00fapna sila zn\u00ed\u017ei, mnoh\u00ed dospej\u00fa k z\u00e1veru, \u017ee si nikdy nebud\u00fa m\u00f4c\u0165 dovoli\u0165 vyda\u0165 sa a ma\u0165 rodinu. Frustrovan\u00ed a pon\u00ed\u017een\u00ed bud\u00fa ma\u0165 niektor\u00ed pocit, \u017ee nemaj\u00fa \u010do strati\u0165, ak sa pridaj\u00fa k nepokojom.<\/p>\n<p>\u010eal\u0161\u00edm sp\u00f4sobom, ako infl\u00e1cia destabilizuje spolo\u010dnosti, je podporovanie \u0161tepu. Ke\u010f mzdy nedr\u017eia krok s cenami, pre \u00faradn\u00edkov s n\u00fadznymi pr\u00edbuzn\u00fdmi je e\u0161te l\u00e1kavej\u0161ie vym\u00e1mi\u0165 peniaze od bezmocn\u00fdch. To rozhor\u010duje t\u00fdch, ktor\u00ed s\u00fa koris\u0165ou. Pripome\u0148me, \u017ee sp\u00fa\u0161\u0165a\u010dom arabskej jari bola samovra\u017eda tunisk\u00e9ho havk\u00e1\u010da, ktor\u00fd sa zap\u00e1lil na protest proti neust\u00e1lym po\u017eiadavk\u00e1m na v\u00fdplaty od \u0161pinav\u00fdch policajtov.<\/p>\n<p>Ak sa tento rok roz\u0161\u00edria nepokoje, m\u00f4\u017ee to e\u0161te zhor\u0161i\u0165 ekonomick\u00fa boles\u0165. Investori nemaj\u00fa radi nepokoje a revol\u00facie. Jedna \u0161t\u00fadia zistila, \u017ee ve\u013ek\u00e9 prepuknutie politick\u00e9ho n\u00e1silia zvy\u010dajne zn\u00ed\u017ei hdp o 18 mesiacov nesk\u00f4r. \u0160kody s\u00fa hor\u0161ie, ke\u010f s\u00fa demon\u0161tranti nahnevan\u00ed na politiku aj hospod\u00e1rstvo dohromady.<\/p>\n<p>Odvr\u00e1ti\u0165 prich\u00e1dzaj\u00face v\u00fdbuchy bude \u0165a\u017ek\u00e9. Dobr\u00fdm za\u010diatkom by bolo zru\u0161i\u0165 politiky, ktor\u00e9 odr\u00e1dzaj\u00fa od v\u00fdroby potrav\u00edn, ako s\u00fa cenov\u00e9 kontroly a obmedzenia v\u00fdvozu. Po\u013enohospod\u00e1ri v krajin\u00e1ch ako Tunisko nech\u00e1vaj\u00fa \u00farodn\u00fa p\u00f4du neoran\u00fa, preto\u017ee svoju \u00farodu musia preda\u0165 \u0161t\u00e1tu za babku. Vl\u00e1dy by mali necha\u0165 farm\u00e1rov \u017ea\u0165 to, \u010do zasiali. Ove\u013ea menej obilia by sa malo sp\u00e1li\u0165 ako biopalivo.<\/p>\n<p>Viacer\u00e9 krajiny \u017eiadaj\u00fa o pomoc. Medzin\u00e1rodn\u00e9 finan\u010dn\u00e9 in\u0161tit\u00facie musia n\u00e1js\u0165 zlo\u017eit\u00fa rovnov\u00e1hu. Poveda\u0165 nie by mohlo sp\u00f4sobi\u0165 chaos \u2013 a sp\u00f4sobi\u0165 trval\u00fa \u0161kodu. Ale tak\u00e9 by mohlo zachra\u0148ova\u0165 \u017ealostn\u00e9 vl\u00e1dy zaveden\u00edm zl\u00fdch a neudr\u017eate\u013en\u00fdch polit\u00edk. Org\u00e1ny ako mmf, ktor\u00fdch vyjedn\u00e1va\u010di tento t\u00fd\u017ede\u0148 dorazili na Sr\u00ed Lanku a do Tuniska, by mali by\u0165 ve\u013ekorys\u00e9, ale trva\u0165 na reform\u00e1ch. Mali by na\u010falej pozorne sledova\u0165, ako sa m\u00ed\u0148aj\u00fa ich peniaze. <em>A mali by kona\u0165 r\u00fdchlo. <\/em><\/p>\n<blockquote><p>\u010c\u00edm dlh\u0161ie sa nech\u00e1 v\u0161etok tento hnev hnisa\u0165, t\u00fdm je pravdepodobnej\u0161ie, \u017ee vybuchne.<\/p><\/blockquote>\n<hr>\n<p>Tak\u017ee ako p\u00ed\u0161u m\u00fadrej\u0161i ako my, asi bude ekonomicky e\u0161te hor\u0161ie ako teraz, skr\u00e1tka kulmin\u00e1cia skazy. Najviac tomu priliala vojna na Ukrajine a Covid. N\u00e1rody s\u00fa vyto\u010den\u00e9 do v\u00fdvrtky. Sta\u010d\u00ed si v\u0161imn\u00fa\u0165 ako to potichu za\u010dalo Covidom a kde sme dnes. <\/p>\n<p>\u0160ivu pred Cernom nemaj\u00fa len tak pre srandu kr\u00e1likov. Aj Cern skon\u010di ve\u013emi r\u00fdchlo so svojim h\u013eadan\u00edm z\u00e1kladn\u00fdch \u010dasti vesm\u00edru, aby mohli vym\u00fd\u0161la\u0165 paraleln\u00e9 vesm\u00edry pre pokusy na \u013eudoch ko\u013eko znes\u00fa.<\/p>\n<p><img decoding=\"async\" class=\"cento\" id=\"imog2\" src=\"\/image\/schiva_koleso.jpg\" alt=\"\u0160ivu pred Cernom nemaj\u00fa len tak pre sradnu kr\u00e1likov\" \/><\/p>\n<p>Najd\u00f4le\u017eitej\u0161ie je teraz sledovanie inform\u00e1cii od overen\u00fdch zdrojov od autor\u00edt a nie samozvan\u00fdch webov sp\u00fasty mudrcov. V\u0161etko sa za\u010dne ofici\u00e1lne pomaly zverej\u0148ova\u0165.<\/p>\n<h1> Anunnaki Elohim pr\u00eddu a\u017e po slne\u010dnom z\u00e1blesku<\/h1>\n","protected":false},"excerpt":{"rendered":"<p>Prich\u00e1dza vlna nepokojov. Tu je n\u00e1vod, ako niektor\u00e9mu z nich pred\u00eds\u0165. Rast\u00face ceny potrav\u00edn a pohonn\u00fdch hm\u00f4t sa prid\u00e1vaj\u00fa k u\u017e existuj\u00facim s\u0165a\u017enostiam. \u017dia\u013e, inv\u00e1zia Adolfa Putina na Ukrajinu op\u00e4\u0165 pozdvihla trh s obil\u00edm a energiou. A tak sa nepokojom nevyhne ani tento rok. Rast\u00face ceny potrav\u00edn a pohonn\u00fdch hm\u00f4t s\u00fa najnepr\u00edjemnej\u0161ou formou infl\u00e1cie. Ak [&hellip;]<\/p>\n","protected":false},"author":1,"featured_media":0,"comment_status":"closed","ping_status":"open","sticky":false,"template":"","format":"standard","meta":{"footnotes":""},"categories":[5],"tags":[],"class_list":["post-25870","post","type-post","status-publish","format-standard","hentry","category-exo-news"],"_links":{"self":[{"href":"https:\/\/extraslovensko.sk\/spravy\/wp-json\/wp\/v2\/posts\/25870","targetHints":{"allow":["GET"]}}],"collection":[{"href":"https:\/\/extraslovensko.sk\/spravy\/wp-json\/wp\/v2\/posts"}],"about":[{"href":"https:\/\/extraslovensko.sk\/spravy\/wp-json\/wp\/v2\/types\/post"}],"author":[{"embeddable":true,"href":"https:\/\/extraslovensko.sk\/spravy\/wp-json\/wp\/v2\/users\/1"}],"replies":[{"embeddable":true,"href":"https:\/\/extraslovensko.sk\/spravy\/wp-json\/wp\/v2\/comments?post=25870"}],"version-history":[{"count":0,"href":"https:\/\/extraslovensko.sk\/spravy\/wp-json\/wp\/v2\/posts\/25870\/revisions"}],"wp:attachment":[{"href":"https:\/\/extraslovensko.sk\/spravy\/wp-json\/wp\/v2\/media?parent=25870"}],"wp:term":[{"taxonomy":"category","embeddable":true,"href":"https:\/\/extraslovensko.sk\/spravy\/wp-json\/wp\/v2\/categories?post=25870"},{"taxonomy":"post_tag","embeddable":true,"href":"https:\/\/extraslovensko.sk\/spravy\/wp-json\/wp\/v2\/tags?post=25870"}],"curies":[{"name":"wp","href":"https:\/\/api.w.org\/{rel}","templated":true}]}}