{"id":25879,"date":"2022-06-27T14:50:26","date_gmt":"2022-06-27T14:50:26","guid":{"rendered":"https:\/\/extraslovensko.sk\/spravy\/?p=25879"},"modified":"2022-06-27T14:50:26","modified_gmt":"2022-06-27T14:50:26","slug":"inflacia-pravdepodobne-zostane-vysoka-vojna-na-ukrajine","status":"publish","type":"post","link":"https:\/\/extraslovensko.sk\/spravy\/inflacia-pravdepodobne-zostane-vysoka-vojna-na-ukrajine\/","title":{"rendered":"Infl\u00e1cia zostane vysok\u00e1, vojna na Ukrajine"},"content":{"rendered":"<p>Infl\u00e1cia zostane vysok\u00e1, vojna na Ukrajine. Rast miezd a cenov\u00e9 o\u010dak\u00e1vania klesaj\u00fa aj napriek tomu, \u017ee sa nar\u00fa\u0161anie dod\u00e1vate\u013esk\u00e9ho re\u0165azca zmier\u0148uje. Zl\u00e9 spr\u00e1vy o infl\u00e1cii st\u00e1le prich\u00e1dzaj\u00fa. Na viac ako 9 % medziro\u010dne v bohatom svete nebola tak\u00e1 vysok\u00e1 od 80-tych rokov \u2013 a nikdy nebolo to\u013eko \u201einfla\u010dn\u00fdch prekvapen\u00ed\u201c, ke\u010f boli \u00fadaje vy\u0161\u0161ie, ako predpovedali ekon\u00f3movia.<\/p>\n<h1>Infl\u00e1cia pravdepodobne zostane vysok\u00e1, Kali Yuga kon\u010d\u00ed<\/h1>\n<p>To si zase vyber\u00e1 \u0165a\u017ek\u00fa \u200b\u200bda\u0148 na hospod\u00e1rstve a finan\u010dn\u00fdch trhoch. Centr\u00e1lne banky zvy\u0161uj\u00fa \u00farokov\u00e9 sadzby a kon\u010dia sch\u00e9my n\u00e1kupu dlhopisov, \u010d\u00edm drvia akcie. Spotrebite\u013esk\u00e1 d\u00f4vera na mnoh\u00fdch miestach je teraz e\u0161te ni\u017e\u0161ia ako v prv\u00fdch d\u0148och pand\u00e9mie COVID-19. Ekonomick\u00e9 ukazovatele \u201ev re\u00e1lnom \u010dase\u201c od bytovej aktivity a\u017e po v\u00fdrobn\u00fa produkciu nazna\u010duj\u00fa, \u017ee hospod\u00e1rsky rast sa prudko spoma\u013euje.<\/p>\n<p>\u010co bud\u00fa nasledova\u0165 spotrebite\u013esk\u00e9 ceny, je preto jednou z najd\u00f4le\u017eitej\u0161\u00edch ot\u00e1zok pre glob\u00e1lnu ekonomiku. Mnoh\u00ed prognostici o\u010dak\u00e1vaj\u00fa, \u017ee ro\u010dn\u00e1 infl\u00e1cia \u010doskoro klesne, \u010diasto\u010dne kv\u00f4li minuloro\u010dn\u00e9mu prudk\u00e9mu n\u00e1rastu cien komod\u00edt, ktor\u00fd vypadol z medziro\u010dn\u00e9ho porovnania. Feder\u00e1lny rezervn\u00fd syst\u00e9m vo svojich najnov\u0161\u00edch ekonomick\u00fdch projekci\u00e1ch napr\u00edklad o\u010dak\u00e1va, \u017ee ro\u010dn\u00e1 infl\u00e1cia v Amerike (meran\u00e1 indexom osobnej spotreby a v\u00fddavkov) klesne z 5,2 % na konci tohto roka na 2,6 % do konca roka 2023.<\/p>\n<p>Mo\u017eno v\u00e1m bude odpusten\u00e9, \u017ee neberiete tieto progn\u00f3zy pr\u00edli\u0161 v\u00e1\u017ene. Koniec koncov, v\u00e4\u010d\u0161ina ekon\u00f3mov nevidela prich\u00e1dzaj\u00faci infla\u010dn\u00fd n\u00e1rast a potom nespr\u00e1vne predpovedali, \u017ee r\u00fdchlo ust\u00fapi. V dokumente uverejnenom v m\u00e1ji Jeremy Rudd z Fedu provokat\u00edvne poznamenal: \u201eNa\u0161e ch\u00e1panie toho, ako ekonomika funguje \u2013 ako aj na\u0161a schopnos\u0165 predpoveda\u0165 \u00fa\u010dinky otrasov a politick\u00fdch opatren\u00ed \u2013 nie je pod\u013ea m\u00f4jho n\u00e1zoru dnes o ni\u010d lep\u0161ie ako bolo v \u0161es\u0165desiatych rokoch minul\u00e9ho storo\u010dia.&#8221; <\/p>\n<blockquote><p>Bud\u00faci v\u00fdvoj infl\u00e1cie je do zna\u010dnej miery zahalen\u00fd neistotou.<\/p><\/blockquote>\n<p>Niektor\u00e9 indik\u00e1tory poukazuj\u00fa na to, \u017ee v bl\u00edzkej dobe pr\u00edde e\u0161te v\u00e4\u010d\u0161\u00ed tlak na ceny. Konzulta\u010dn\u00e1 spolo\u010dnos\u0165 Alternative Macro Signals sp\u00fa\u0161\u0165a mili\u00f3ny spravodajsk\u00fdch \u010dl\u00e1nkov prostredn\u00edctvom modelu na zostavenie \u201eindexu spravodajsk\u00e9ho infla\u010dn\u00e9ho tlaku\u201c. V\u00fdsledky, ktor\u00e9 s\u00fa aktu\u00e1lnej\u0161ie ako ofici\u00e1lne \u00fadaje o infl\u00e1cii, meraj\u00fa nielen to, ako \u010dasto sa spom\u00ednaj\u00fa cenov\u00e9 tlaky, ale aj to, \u010di tok spr\u00e1v nazna\u010duje, \u017ee tlaky narastaj\u00fa. V Amerike aj v euroz\u00f3ne je index st\u00e1le m\u00ed\u013e nad 50, \u010do nazna\u010duje, \u017ee tlaky sa na\u010falej zvy\u0161uj\u00fa.<\/p>\n<p>Obavy z infl\u00e1cie m\u00f4\u017eu poukazova\u0165 na tri \u010fal\u0161ie ukazovatele, ktor\u00e9 nazna\u010duj\u00fa, \u017ee bohat\u00fd svet sa pravdepodobne v doh\u013eadnej dobe nevr\u00e1ti k predpandemickej norme n\u00edzkeho a stabiln\u00e9ho rastu cien: rast\u00faci rast miezd a zvy\u0161ovanie infla\u010dn\u00fdch o\u010dak\u00e1van\u00ed spotrebite\u013eov aj spolo\u010dnost\u00ed. . Ak sa udr\u017eia, mohli by spolo\u010dne prispie\u0165 k tomu, \u010do Banka pre medzin\u00e1rodn\u00e9 z\u00fa\u010dtovanie, centr\u00e1lna banka pre centr\u00e1lne banky, opisuje v spr\u00e1ve zverejnenej 26. j\u00fana ako \u201ebod zlomu\u201c. Okrem toho, varuje bis, \u201einfla\u010dn\u00e1 psychol\u00f3gia\u201c by sa mohla roz\u0161\u00edri\u0165 a \u201ezakoreni\u0165\u201c.<\/p>\n<p>Prib\u00fadaj\u00fa d\u00f4kazy o tom, \u017ee pracovn\u00edci za\u010d\u00ednaj\u00fa zjedn\u00e1va\u0165 vy\u0161\u0161ie mzdy. To by mohlo vies\u0165 k \u010fal\u0161iemu zvy\u0161ovaniu cien, ke\u010f\u017ee firmy pren\u00e1\u0161aj\u00fa tieto dodato\u010dn\u00e9 n\u00e1klady. Prieskum \u0161panielskej centr\u00e1lnej banky nazna\u010duje, \u017ee polovica zml\u00fav o kolekt\u00edvnom vyjedn\u00e1van\u00ed podp\u00edsan\u00fdch na rok 2023 obsahuje \u201eklauzuly o index\u00e1cii\u201c, \u010do znamen\u00e1, \u017ee platy s\u00fa automaticky viazan\u00e9 na infl\u00e1ciu, oproti p\u00e4tine pred pand\u00e9miou. <\/p>\n<p>V Nemecku ig Metall, odborov\u00fd zv\u00e4z, po\u017eiadal o 7-8% zv\u00fd\u0161enie platov pre takmer 4 mili\u00f3ny pracovn\u00edkov v kovopriemysle a stroj\u00e1rstve (pravdepodobne dostane asi polovicu). V Brit\u00e1nii \u0161trajkovali \u017eelezni\u010diari, ktor\u00ed sa sna\u017eili zv\u00fd\u0161i\u0165 platy o 7 %, aj ke\u010f nie je jasn\u00e9, \u010di uspej\u00fa.<\/p>\n<p>To v\u0161etko e\u0161te zv\u00fd\u0161i rast miezd. Tracker pre skupinu kraj\u00edn g 10 zostaven\u00fd bankou Goldman Sachs u\u017e st\u00fapa takmer vertik\u00e1lne (pozri graf). Podobne je animovan\u00e1 miera mzdov\u00e9ho tlaku z alternat\u00edvnych makro sign\u00e1lov. A rast\u00fa aj minim\u00e1lne mzdy. Holandsko predklad\u00e1 zv\u00fd\u0161enie minim\u00e1lnej mzdy; Nemecko za\u010diatkom tohto mesiaca schv\u00e1lilo n\u00e1vrh z\u00e1kona, ktor\u00fd zvy\u0161uje jeho minimum o jednu p\u00e4tinu. Austr\u00e1lska agent\u00fara pre priemyseln\u00e9 vz\u0165ahy 15. j\u00fana zv\u00fd\u0161ila mzdov\u00e9 dno o 5,2 %, \u010do je viac ako dvojn\u00e1sobok oproti minul\u00e9mu roku.<\/p>\n<p>R\u00fdchlej\u0161\u00ed rast miezd s\u010dasti odr\u00e1\u017ea vy\u0161\u0161ie o\u010dak\u00e1vania verejnosti t\u00fdkaj\u00face sa bud\u00facej infl\u00e1cie \u2013 druh\u00fd d\u00f4vod na obavy, \u017ee infl\u00e1cia sa m\u00f4\u017ee uk\u00e1za\u0165 ako lepkav\u00e1. V Amerike r\u00fdchlo rast\u00fa o\u010dak\u00e1vania priemern\u00e9ho rastu cien v bl\u00edzkej bud\u00facnosti. Priemern\u00fd Kana\u010fan hovor\u00ed, \u017ee je pripraven\u00fd na infl\u00e1ciu vo v\u00fd\u0161ke 7 % v priebehu bud\u00faceho roka, \u010do je najviac zo v\u0161etk\u00fdch bohat\u00fdch kraj\u00edn. <\/p>\n<p>Dokonca aj v Japonsku, krajine, kde sa ceny menia len zriedka, sa n\u00e1zory menia. Pred rokom prieskum centr\u00e1lnej banky zistil, \u017ee len 8 % \u013eud\u00ed verilo, \u017ee ceny v priebehu bud\u00faceho roka \u201ev\u00fdrazne\u201c st\u00fapnu (spotrebite\u013esk\u00e9 ceny skuto\u010dne vzr\u00e1stli len o 2,5 % za rok do apr\u00edla). Teraz v\u0161ak 20 % Japoncov po\u010d\u00edta s t\u00fdm, \u017ee sa to stane.<\/p>\n<p>Tret\u00ed faktor s\u00favis\u00ed s o\u010dak\u00e1vaniami spolo\u010dnost\u00ed. Infla\u010dn\u00e9 o\u010dak\u00e1vania maloobchodn\u00edkov s\u00fa na historicky najvy\u0161\u0161ej \u00farovni v tretine kraj\u00edn EU. Prieskum Bank of England nazna\u010duje, \u017ee ceny oble\u010denia pre britsk\u00e9 jesenn\u00e9 a zimn\u00e9 kolekcie bud\u00fa o 7-10 % vy\u0161\u0161ie ako pred rokom. Dallas Fed na\u0161iel predbe\u017en\u00e9 d\u00f4kazy, \u017ee z\u00e1kazn\u00edci s\u00fa menej ochotn\u00ed tolerova\u0165 zvy\u0161ovanie cien ako predt\u00fdm; jeden respondent v oblasti pren\u00e1jmu a l\u00edzingu sa s\u0165a\u017eoval, \u017ee \u201eje \u010doraz \u0165a\u017e\u0161ie prenies\u0165 20 a\u017e 30 % zv\u00fd\u0161enie cien, ktor\u00e9 sme dostali od v\u00fdrobcov.\u201c To v\u0161ak len poukazuje na ni\u017e\u0161iu \u00farove\u0148 vysokej infl\u00e1cie.<\/p>\n<p>Ve\u013ek\u00e1 n\u00e1dej na ni\u017e\u0161iu infl\u00e1ciu sa t\u00fdka cien tovarov. R\u00fdchly n\u00e1rast cien \u00e1ut, chladni\u010diek a podobne, \u010diasto\u010dne spojen\u00fd s naru\u0161en\u00edm dod\u00e1vate\u013esk\u00e9ho re\u0165azca, sp\u00f4sobil po\u010diato\u010dn\u00fd infla\u010dn\u00fd n\u00e1rast v minulom roku. Teraz existuj\u00fa ur\u010dit\u00e9 d\u00f4kazy o obrate. <\/p>\n<blockquote><p>N\u00e1klady na prepravu nie\u010doho zo \u0160anghaja do Los Angeles klesli od za\u010diatku marca o \u0161tvrtinu. <\/p><\/blockquote>\n<p>V posledn\u00fdch mesiacoch ve\u013ea maloobchodn\u00edkov m\u00ed\u0148alo ve\u013ek\u00e9 peniaze na z\u00e1soby, aby zabezpe\u010dili, \u017ee ich reg\u00e1ly zostan\u00fa pln\u00e9. Mnoh\u00ed teraz zni\u017euj\u00fa ceny, aby presunuli z\u00e1soby. V Amerike v\u00fdroba \u00e1ut kone\u010dne naber\u00e1 na obr\u00e1tkach, \u010do by mohlo uvo\u013eni\u0165 niektor\u00e9 z nehor\u00e1zneho zv\u00fd\u0161enia cien ojazden\u00fdch vozidiel, ktor\u00e9 sme zaznamenali v minulom roku.<\/p>\n<p>Klesaj\u00face ceny tovarov by teoreticky mohli pom\u00f4c\u0165 uhasi\u0165 infla\u010dn\u00e9 plamene v bohatom svete, zmierni\u0165 kr\u00edzu \u017eivotn\u00fdch n\u00e1kladov, poskytn\u00fa\u0165 centr\u00e1lnym bank\u00e1m priestor na oddych a podpori\u0165 finan\u010dn\u00e9 trhy. Ale ke\u010f\u017ee je dostatok indik\u00e1torov bud\u00facich cien smeruj\u00facich opa\u010dn\u00fdm smerom, pravdepodobnos\u0165, \u017ee sa tak stane, sa pred\u013a\u017eila.<\/p>\n<blockquote><p> Ne\u010dudujte sa, \u017ee infl\u00e1cia e\u0161te chv\u00ed\u013eu zahu\u010d\u00ed. <\/p><\/blockquote>\n<hr>\n<p>Zahu\u010di, zahu\u010di, lebo Kali Yuga kon\u010d\u00ed. Choas zm\u00e4tok v\u0161ade, \u0160iva je boh skazy a znovuzrodenia. Akur\u00e1t nikto never\u00ed v tej panike na civiliza\u010dn\u00e9 cykly. Infl\u00e1cia zostane.<\/p>\n<h1>Vy\u017ee\u0148te rusa z Ukrajiny, vojna je omyl<\/h1>\n","protected":false},"excerpt":{"rendered":"<p>Infl\u00e1cia zostane vysok\u00e1, vojna na Ukrajine. Rast miezd a cenov\u00e9 o\u010dak\u00e1vania klesaj\u00fa aj napriek tomu, \u017ee sa nar\u00fa\u0161anie dod\u00e1vate\u013esk\u00e9ho re\u0165azca zmier\u0148uje. Zl\u00e9 spr\u00e1vy o infl\u00e1cii st\u00e1le prich\u00e1dzaj\u00fa. Na viac ako 9 % medziro\u010dne v bohatom svete nebola tak\u00e1 vysok\u00e1 od 80-tych rokov \u2013 a nikdy nebolo to\u013eko \u201einfla\u010dn\u00fdch prekvapen\u00ed\u201c, ke\u010f boli \u00fadaje vy\u0161\u0161ie, ako predpovedali [&hellip;]<\/p>\n","protected":false},"author":1,"featured_media":0,"comment_status":"closed","ping_status":"open","sticky":false,"template":"","format":"standard","meta":{"footnotes":""},"categories":[5],"tags":[],"class_list":["post-25879","post","type-post","status-publish","format-standard","hentry","category-exo-news"],"_links":{"self":[{"href":"https:\/\/extraslovensko.sk\/spravy\/wp-json\/wp\/v2\/posts\/25879","targetHints":{"allow":["GET"]}}],"collection":[{"href":"https:\/\/extraslovensko.sk\/spravy\/wp-json\/wp\/v2\/posts"}],"about":[{"href":"https:\/\/extraslovensko.sk\/spravy\/wp-json\/wp\/v2\/types\/post"}],"author":[{"embeddable":true,"href":"https:\/\/extraslovensko.sk\/spravy\/wp-json\/wp\/v2\/users\/1"}],"replies":[{"embeddable":true,"href":"https:\/\/extraslovensko.sk\/spravy\/wp-json\/wp\/v2\/comments?post=25879"}],"version-history":[{"count":0,"href":"https:\/\/extraslovensko.sk\/spravy\/wp-json\/wp\/v2\/posts\/25879\/revisions"}],"wp:attachment":[{"href":"https:\/\/extraslovensko.sk\/spravy\/wp-json\/wp\/v2\/media?parent=25879"}],"wp:term":[{"taxonomy":"category","embeddable":true,"href":"https:\/\/extraslovensko.sk\/spravy\/wp-json\/wp\/v2\/categories?post=25879"},{"taxonomy":"post_tag","embeddable":true,"href":"https:\/\/extraslovensko.sk\/spravy\/wp-json\/wp\/v2\/tags?post=25879"}],"curies":[{"name":"wp","href":"https:\/\/api.w.org\/{rel}","templated":true}]}}