{"id":2637,"date":"2020-07-28T06:21:57","date_gmt":"2020-07-28T06:21:57","guid":{"rendered":"https:\/\/extraslovensko.sk\/spravy\/?p=2637"},"modified":"2020-07-28T06:21:57","modified_gmt":"2020-07-28T06:21:57","slug":"mora-prokaza-black-metal-z-bieloruska","status":"publish","type":"post","link":"https:\/\/extraslovensko.sk\/spravy\/mora-prokaza-black-metal-z-bieloruska\/","title":{"rendered":"Mora Prokaza Black metal z Bieloruska"},"content":{"rendered":"<p>Mora Prokaza psycho Black metal z Bieloruska. Toto tu e\u0161te naozaj nebolo. Mora Prokaza a ich vide\u00e1 na youtube pln\u00e9 kr\u00e1snych veci. Mne osobne sa p\u00e1\u010di Blacker Than Black. Posielame Luka\u0161enkovi zdravicu im\u00e9\u00e9ni L\u00e9\u00e9nina, \u017ee t\u00fato kapelu e\u0161te nezatvoril do pak\u00e1rne. T\u00edto ml\u00e1denci keby boli v pak\u00e1rni, tak cez prest\u00e1vky bez kazajok by h\u013eadeli von oknom, ukazovali na n\u00e1\u0161 svet a t\u00ed\u0161ko by vraveli &#8211; Aha, Bl\u00e1zni:))<\/p>\n<p><img decoding=\"async\" class=\"cento\" src=\"https:\/\/f4.bcbits.com\/img\/0019699818_10.jpg\" alt=\"Mora Prokaza Black metal z Bieloruska\" \/><\/p>\n<p>Line-up: Farmakon &#8211; lyrics, composition, vocals<br \/>\nHatestorm &#8211; drums<\/p>\n<h2>Mora Prokaza Blacker Than Black<\/h2>\n<p><iframe loading=\"lazy\" title=\"MORA PROKAZA - \u0427\u0415\u0420\u041d\u0415\u0415 \u0412\u0421\u0415\u0425 \u0427\u0401\u0420\u041d\u042b\u0425 (&quot;Blacker Than Black&quot; official video) BLACK METAL 2018. Subtitles\" width=\"640\" height=\"360\" src=\"https:\/\/www.youtube.com\/embed\/rqFtqV5qb80?feature=oembed\" frameborder=\"0\" allow=\"accelerometer; autoplay; clipboard-write; encrypted-media; gyroscope; picture-in-picture; web-share\" referrerpolicy=\"strict-origin-when-cross-origin\" allowfullscreen><\/iframe><\/p>\n<p>No ale e\u0161te musia m\u00e1li\u010dko na sebe zapracova\u0165, aby sa vyrovnali Nattramnovi z kapely Silencer. Ten nahral album &#8220;Death Pierce Me&#8221; priamo vo Vaxjo psyhiatrii. Dodnes tento album nebol ni\u010d\u00edm prekonan\u00fd!<\/p>\n<p><img decoding=\"async\" class=\"cento\" src=\"https:\/\/external-preview.redd.it\/s0c63Hnl3TUK7r3AsF4oMbw01Gjt3fWfa2VXCitiVZ0.jpg?auto=webp&#038;s=bdf85be84c95e5c4960abb75fcf144e9dedf31de\" alt=\"Nattramnovi z kapely Silencer\" \/><\/p>\n<p>Bakt\u00e9rie existuj\u00fa u\u017e miliardy rokov. So v\u0161etkou pravdepodobnos\u0165ou boli prvou bunkovou skupinou, a teda prv\u00fdm prejavom organizovanej hmoty. Ako poznamenal H. P. Lovecraft, bunkov\u00e1 skupina bakt\u00e9ri\u00ed sa naz\u00fdva aglutin\u00e1cia. S\u00fa to prsty, pomocou ktor\u00fdch sa formovali v\u0161etky ostatn\u00e9 formy \u017eivota. K evol\u00facii nedoch\u00e1dza bez horizont\u00e1lneho prenosu g\u00e9nov alebo neregul\u00e1rneho prenosu genetick\u00fdch materi\u00e1lov bakt\u00e9riami. <\/p>\n<p><strong>Pri pr\u00e1ci v organizme s\u00fa bakt\u00e9rie schopn\u00e9 usporiada\u0165 dan\u00fd genetick\u00fd materi\u00e1l tak, aby vyhovoval dan\u00e9mu prostrediu.<\/strong> \ud83d\ude42 V tomto pr\u00edpade Bielorusk\u00e9mu prostrediu. Organizmy sa dok\u00e1\u017eu adaptova\u0165 v priebehu nieko\u013ek\u00fdch gener\u00e1ci\u00ed, preto\u017ee ich bakt\u00e9rie vo vn\u00fatri upravuj\u00fa.<\/p>\n<p>To je t\u00e1 na\u0161a star\u00e1 zn\u00e1ma bakt\u00e9ria z filmov Prometheus a Akty X, Black Goo. Lovecraft za\u010d\u00edna svoj pr\u00edbeh vedeck\u00fdm objavom d\u00e1vno m\u0155tvej civiliz\u00e1cie, ktor\u00e1 bola zlo\u017een\u00e1 z bytost\u00ed zelen\u0161\u00edch ako \u010dlovek, \u201eStar\u00ed\u201c. Ich pevnos\u0165 bola ve\u013ek\u00fdm cyklopeansk\u00fdm mestom niekde hlboko v rozsiahlych nezmapovan\u00fdch oblastiach tajomn\u00e9ho interi\u00e9ru Wilkes Land v Antarkt\u00edde. Ich civiliz\u00e1cia bola vyhladen\u00e1 t\u00fdm \u010do sami vytvorili, ich sluhami Shoggothmi. Vo filme X Files z roku 1998 mus\u00ed agent FBI Fox Mulder \u00eds\u0165 s\u00e1m do Wilkes Land, aby zachr\u00e1ni Scullyov\u00fa ktor\u00e1 je dr\u017ean\u00e1 laborat\u00f3riu pod povrchom \u013eadu. Laborat\u00f3rium spracov\u00e1va vn\u00edmaj\u00faci <strong>\u010dierny olej Black Goo<\/strong>, ktor\u00fd je v skuto\u010dnosti mimozemskou entitou, ktor\u00e1 pre\u017eila v podzem\u00ed v ropn\u00fdch lo\u017eisk\u00e1ch u\u017e od doby kamennej. No a t\u00fdch Shoggothov n\u00e1jdete vytesan\u00fdch do sk\u00e1l Gobekli Tepe!! V\u0161etko so v\u0161etk\u00fdm s\u00favis\u00ed!<\/p>\n<p>T\u00e1to Bielorusk\u00e1 forma \u017eivota Mora Prokaza z ktorej stek\u00e1 Black Goo \ud83d\ude42 si zasl\u00fa\u017ei pozornos\u0165 fan\u00fa\u0161ikov Black metalu. A tie slov\u00e1 ich skladieb, no chud\u00e1k N\u00e1b\u011blek, nemaj\u00fa tam to\u013eko siet\u00ed, ko\u013eko by potrebovali na t\u00fato dvojicu:))<br \/>\n<iframe loading=\"lazy\" title=\"Mora Prokaza - Check It (Official Music Video) 2020\" width=\"640\" height=\"360\" src=\"https:\/\/www.youtube.com\/embed\/0qbEtiuTJjw?feature=oembed\" frameborder=\"0\" allow=\"accelerometer; autoplay; clipboard-write; encrypted-media; gyroscope; picture-in-picture; web-share\" referrerpolicy=\"strict-origin-when-cross-origin\" allowfullscreen><\/iframe><\/p>\n<p>Youtube Igorrr &#8211; Caros + Viande &#8211; Hellfest 2017:)))))))))))))))))))<\/p>\n","protected":false},"excerpt":{"rendered":"<p>Mora Prokaza psycho Black metal z Bieloruska. Toto tu e\u0161te naozaj nebolo. Mora Prokaza a ich vide\u00e1 na youtube pln\u00e9 kr\u00e1snych veci. Mne osobne sa p\u00e1\u010di Blacker Than Black. Posielame Luka\u0161enkovi zdravicu im\u00e9\u00e9ni L\u00e9\u00e9nina, \u017ee t\u00fato kapelu e\u0161te nezatvoril do pak\u00e1rne. T\u00edto ml\u00e1denci keby boli v pak\u00e1rni, tak cez prest\u00e1vky bez kazajok by h\u013eadeli von [&hellip;]<\/p>\n","protected":false},"author":1,"featured_media":0,"comment_status":"closed","ping_status":"open","sticky":false,"template":"","format":"standard","meta":{"footnotes":""},"categories":[12],"tags":[],"class_list":["post-2637","post","type-post","status-publish","format-standard","hentry","category-umenie"],"_links":{"self":[{"href":"https:\/\/extraslovensko.sk\/spravy\/wp-json\/wp\/v2\/posts\/2637","targetHints":{"allow":["GET"]}}],"collection":[{"href":"https:\/\/extraslovensko.sk\/spravy\/wp-json\/wp\/v2\/posts"}],"about":[{"href":"https:\/\/extraslovensko.sk\/spravy\/wp-json\/wp\/v2\/types\/post"}],"author":[{"embeddable":true,"href":"https:\/\/extraslovensko.sk\/spravy\/wp-json\/wp\/v2\/users\/1"}],"replies":[{"embeddable":true,"href":"https:\/\/extraslovensko.sk\/spravy\/wp-json\/wp\/v2\/comments?post=2637"}],"version-history":[{"count":0,"href":"https:\/\/extraslovensko.sk\/spravy\/wp-json\/wp\/v2\/posts\/2637\/revisions"}],"wp:attachment":[{"href":"https:\/\/extraslovensko.sk\/spravy\/wp-json\/wp\/v2\/media?parent=2637"}],"wp:term":[{"taxonomy":"category","embeddable":true,"href":"https:\/\/extraslovensko.sk\/spravy\/wp-json\/wp\/v2\/categories?post=2637"},{"taxonomy":"post_tag","embeddable":true,"href":"https:\/\/extraslovensko.sk\/spravy\/wp-json\/wp\/v2\/tags?post=2637"}],"curies":[{"name":"wp","href":"https:\/\/api.w.org\/{rel}","templated":true}]}}