{"id":27122,"date":"2022-09-05T17:06:22","date_gmt":"2022-09-05T17:06:22","guid":{"rendered":"https:\/\/extraslovensko.sk\/spravy\/?p=27122"},"modified":"2022-09-05T17:06:22","modified_gmt":"2022-09-05T17:06:22","slug":"francuzske-jadrove-elektrarne-v-roku-2022","status":"publish","type":"post","link":"https:\/\/extraslovensko.sk\/spravy\/francuzske-jadrove-elektrarne-v-roku-2022\/","title":{"rendered":"Franc\u00fazske jadrov\u00e9 elektr\u00e1rne v roku 2022, Nemeck\u00e9 opatrenia"},"content":{"rendered":"<p>Ako s\u00fa natom jadrov\u00e9 elektr\u00e1rne Franc\u00fazska v roku 2022. V zime hrozia pl\u00e1novan\u00e9 v\u00fdpadky pr\u00fadu. Dod\u00e1vky energie vo Franc\u00fazsku s\u00fa ohrozen\u00e9, star\u00e9 at\u00f3movky s\u00fa na hranici svojich mo\u017enost\u00ed. Minim\u00e1lne lok\u00e1lne m\u00f4\u017ee by\u0165 \u010doskoro potrebn\u00e9 do\u010dasne vypn\u00fa\u0165 elektrinu.<\/p>\n<h1>Jadrov\u00e9 elektr\u00e1rne vo Frsnc\u00fazsku v roku 2022, Nemeck\u00e9 opatrenia na \u00faspory<\/h1>\n<p>Situ\u00e1cia je jedine\u010dn\u00e1: franc\u00fazsky prev\u00e1dzkovate\u013e elektrickej siete RTE prizn\u00e1va, \u017ee nikdy v hist\u00f3rii krajiny nedo\u0161lo k \u017eiadnemu pl\u00e1novan\u00e9mu preru\u0161eniu dod\u00e1vky elektriny. Franc\u00fazska vl\u00e1da v\u0161ak v posledn\u00fdch d\u0148och opakovane pohrozila, \u017ee krajina nebude schopn\u00e1 v zimn\u00fdch mesiacoch vyrobi\u0165 dostatok elektriny a \u017ee ob\u010dania preto bud\u00fa musie\u0165 z hodiny na hodinu skr\u00e1ti\u0165 linky, ak nespotrebuj\u00fa menej. D\u00f4vodom hroziaceho \u00fazkeho miesta nie je vojna na Ukrajine, je to dom\u00e1ca vojna: Franc\u00fazsko je st\u00e1le na 70 percent z\u00e1visl\u00e9 od vlastn\u00fdch jadrov\u00fdch elektr\u00e1rn\u00ed. A trpia mno\u017estvom v\u00e1\u017enych probl\u00e9mov. Franc\u00fazske probl\u00e9my s energiami.<\/p>\n<p>Tak v\u00e1\u017ene, \u017ee RTE teraz detailne pl\u00e1nuje v zime skuto\u010dne vypn\u00fa\u0165 elektrinu v jednotliv\u00fdch \u0161tvrtiach. A to pr\u00e1ve vtedy, ke\u010f s\u00fa energetick\u00e9 n\u00e1roky najvy\u0161\u0161ie. Pl\u00e1novan\u00e9 v\u00fdpadky elektriny, p\u00ed\u0161e RTE , by v dom\u00e1cnosti \u201enikdy netrvali viac ako dve hodiny\u201c a nastali by medzi 8:00 a 13:00 a 17:30 a\u017e 20:30. D\u00f4le\u017eit\u00e1 infra\u0161trukt\u00fara, ako s\u00fa nemocnice alebo policajn\u00e9 stanice, je vyl\u00fa\u010den\u00e1 z v\u00fdpadkov. RTE na \u010fal\u0161ie ot\u00e1zky nechcela odpoveda\u0165 \u2013 v polovici septembra pl\u00e1nuj\u00fa v\u00e4\u010d\u0161iu tla\u010dov\u00fa konferenciu s \u201e\u010do najviac podrobnos\u0165ami\u201c.<\/p>\n<p>Spolkov\u00e9 ministerstvo hospod\u00e1rstva Nemecka aj Spolkov\u00e1 sie\u0165ov\u00e1 agent\u00fara sa zhoduj\u00fa, \u017ee tieto lok\u00e1lne v\u00fdpadky elektriny nebud\u00fa ma\u0165 na Nemecko \u017eiadny vplyv. Pokia\u013e s\u00fa pl\u00e1novan\u00e9, s\u00fa bezprobl\u00e9mov\u00e9 alebo dokonca pozit\u00edvne: v\u00fdpadky by mohli kr\u00e1tkodobo uvo\u013eni\u0165 eur\u00f3psky trh s elektrinou, preto\u017ee by sa t\u00fdm zn\u00ed\u017eila spotreba. Pod\u013ea hovorkyne Feder\u00e1lnej sie\u0165ovej agent\u00fary by pl\u00e1novan\u00e9 odst\u00e1vky \u201emohli zabr\u00e1ni\u0165 nepl\u00e1novan\u00fdm poruch\u00e1m, ktor\u00e9 by mohli ovplyvni\u0165 eur\u00f3psku energetick\u00fa sie\u0165 za hranicami Franc\u00fazska\u201c. <\/p>\n<p>In\u00fdmi slovami: Pre Franc\u00fazsko je lep\u0161ie odpoji\u0165 elektrinu v jednotliv\u00fdch okresoch, ne\u017e aby nepl\u00e1novan\u00fd v\u00fdpadok hrozil celej eur\u00f3pskej rozvodnej sieti. <\/p>\n<blockquote><p>\nFranc\u00fazsko sa tak stalo jedn\u00fdm z najslab\u0161\u00edch \u010dl\u00e1nkov v E\u00da.<\/p><\/blockquote>\n<p> Elektrinu bolo treba kupova\u0165 v skor\u0161\u00edch zim\u00e1ch na pokrytie vlastn\u00fdch potrieb \u2013 tento rok to v\u0161ak bude ove\u013ea viac megawatthod\u00edn. Krajina teraz cel\u00fd rok dov\u00e1\u017ea viac elektriny, ako dok\u00e1\u017ee vyviez\u0165. Vojna na Ukrajine e\u0161te viac zni\u017euje dod\u00e1vky energie, ale d\u00f4vodom pl\u00e1novan\u00fdch v\u00fdpadkov je franc\u00fazska politika posledn\u00fdch desa\u0165ro\u010d\u00ed: Ka\u017ed\u00e1 vl\u00e1da, \u010di u\u017e \u013eavicov\u00e1 alebo pravicov\u00e1, investovala predov\u0161etk\u00fdm do 56 starn\u00facich jadrov\u00fdch elektr\u00e1rn\u00ed a zanedbala roz\u0161irovanie obnovite\u013en\u00fdch zdrojov energie. energie. <\/p>\n<p>Napriek zn\u00e1memu nedostatku v zime neexistovali pre ob\u010danov \u017eiadne stimuly ani z\u00e1kony, ktor\u00e9 by obmedzili zvy\u0161uj\u00facu sa spotrebu elektriny. Pribli\u017ene polovica budov, od s\u00fakromn\u00fdch domov a\u017e po \u0161koly a administrat\u00edvu, je st\u00e1le vykurovan\u00e1 elektrinou z jadrov\u00fdch elektr\u00e1rn\u00ed.<\/p>\n<p>Teraz chor\u00fd jadrov\u00fd pakt sp\u013a\u0148a t\u00fato ve\u013ek\u00fa potrebu. V posledn\u00fdch mesiacoch bola v\u00e4\u010d\u0161inu dn\u00ed v prev\u00e1dzke len asi polovica z 56 franc\u00fazskych reaktorov. Dvan\u00e1s\u0165 z nich je vypnut\u00fdch, preto\u017ee energetick\u00e1 spolo\u010dnos\u0165 EDF minul\u00fa zimu objavila v srdci syst\u00e9mov stresov\u00fa kor\u00f3ziu. <\/p>\n<blockquote><p>Servisuje sa pribli\u017ene tucet \u010fal\u0161\u00edch reaktorov, \u010do m\u00f4\u017ee trva\u0165 mesiace alebo roky pre reaktory, z ktor\u00fdch v\u00e4\u010d\u0161ina je star\u00e1 viac ako tri desa\u0165ro\u010dia.<\/p><\/blockquote>\n<p>V Nemecku opatrenia na \u00fasporu energie stanoven\u00e9 feder\u00e1lnou vl\u00e1dou vst\u00fapili do platnosti a bud\u00fa spo\u010diatku plati\u0165 \u0161es\u0165 mesiacov. Nariaden\u00edm chce feder\u00e1lna vl\u00e1da celo\u0161t\u00e1tne zn\u00ed\u017ei\u0165 spotrebu plynu na elektrinu a k\u00farenie a\u017e o dva a pol percenta \u2013 vo verejnom aj s\u00fakromnom sektore. &#8220;Ka\u017ed\u00e1 u\u0161etren\u00e1 kilowatthodina pom\u00e1ha trochu zbavi\u0165 sa z\u00e1vislosti od rusk\u00fdch dod\u00e1vok plynu,&#8221; uv\u00e1dza sa v spr\u00e1ve.<\/p>\n<p>V bud\u00facnosti by u\u017e tranzitn\u00e9 priestory ako chodby, foyer \u010di technick\u00e9 miestnosti vo verejn\u00fdch budov\u00e1ch nemali by\u0165 vykurovan\u00e9 \u2013 pokia\u013e na to nebud\u00fa bezpe\u010dnostn\u00e9 d\u00f4vody. Okrem toho s\u00fa pracovn\u00e9 miestnosti vykurovan\u00e9 len na maxim\u00e1lne 19 stup\u0148ov Celzia pre fyzicky nen\u00e1ro\u010dn\u00fa a preva\u017ene sedav\u00fa pr\u00e1cu. Minim\u00e1lna teplota tu bola 20 stup\u0148ov. V\u00fdnimky platia pre nemocnice, denn\u00e9 stacion\u00e1re a \u0161koly.<\/p>\n<p>Okrem toho kotly a prietokov\u00e9 ohrieva\u010de vody vo verejn\u00fdch budov\u00e1ch sa u\u017e nesm\u00fa pou\u017e\u00edva\u0165 na ohrev vody pri um\u00fdvadle, pokia\u013e to nie je potrebn\u00e9 z hygienick\u00fdch d\u00f4vodov. <\/p>\n<p>Vyp\u00edna sa aj osvetlenie budov a pamiatok z \u010disto estetick\u00fdch alebo reprezenta\u010dn\u00fdch d\u00f4vodov. Vyl\u00fa\u010den\u00e9 je kr\u00e1tkodob\u00e9 svietenie na kult\u00farnych podujatiach a \u013eudov\u00fdch sl\u00e1vnostiach.<\/p>\n<p>Pre s\u00fakromn\u00fd sektor plat\u00ed nasledovn\u00e9 : Dolo\u017eky v n\u00e1jomn\u00fdch zmluv\u00e1ch, ktor\u00e9 stanovuj\u00fa ur\u010dit\u00fa minim\u00e1lnu teplotu, s\u00fa do\u010dasne pozastaven\u00e9. S\u00fakromn\u00e9 \u200b\u200bbaz\u00e9ny, \u010di u\u017e vn\u00fatorn\u00e9 alebo vonkaj\u0161ie, u\u017e nie je mo\u017en\u00e9 vyhrieva\u0165 plynom a elektrinou. Dod\u00e1vatelia plynu a vlastn\u00edci v\u00e4\u010d\u0161\u00edch obytn\u00fdch budov musia navy\u0161e svojich z\u00e1kazn\u00edkov v\u010das informova\u0165 o predpokladanej spotrebe energie . Malo by sa tak sta\u0165 najnesk\u00f4r do za\u010diatku vykurovacej sez\u00f3ny.<\/p>\n<p>Komer\u010dn\u00e9 sveteln\u00e9 reklamn\u00e9 syst\u00e9my sa vyp\u00ednaj\u00fa od 22:00 do 16:00 nasleduj\u00faceho d\u0148a \u2013 ak to nie je potrebn\u00e9 z h\u013eadiska bezpe\u010dnosti dopravy, napr\u00edklad pri \u017eelezni\u010dn\u00fdch podjazdoch.<\/p>\n","protected":false},"excerpt":{"rendered":"<p>Ako s\u00fa natom jadrov\u00e9 elektr\u00e1rne Franc\u00fazska v roku 2022. V zime hrozia pl\u00e1novan\u00e9 v\u00fdpadky pr\u00fadu. Dod\u00e1vky energie vo Franc\u00fazsku s\u00fa ohrozen\u00e9, star\u00e9 at\u00f3movky s\u00fa na hranici svojich mo\u017enost\u00ed. Minim\u00e1lne lok\u00e1lne m\u00f4\u017ee by\u0165 \u010doskoro potrebn\u00e9 do\u010dasne vypn\u00fa\u0165 elektrinu. Jadrov\u00e9 elektr\u00e1rne vo Frsnc\u00fazsku v roku 2022, Nemeck\u00e9 opatrenia na \u00faspory Situ\u00e1cia je jedine\u010dn\u00e1: franc\u00fazsky prev\u00e1dzkovate\u013e elektrickej siete [&hellip;]<\/p>\n","protected":false},"author":1,"featured_media":0,"comment_status":"closed","ping_status":"open","sticky":false,"template":"","format":"standard","meta":{"footnotes":""},"categories":[5],"tags":[],"class_list":["post-27122","post","type-post","status-publish","format-standard","hentry","category-exo-news"],"_links":{"self":[{"href":"https:\/\/extraslovensko.sk\/spravy\/wp-json\/wp\/v2\/posts\/27122","targetHints":{"allow":["GET"]}}],"collection":[{"href":"https:\/\/extraslovensko.sk\/spravy\/wp-json\/wp\/v2\/posts"}],"about":[{"href":"https:\/\/extraslovensko.sk\/spravy\/wp-json\/wp\/v2\/types\/post"}],"author":[{"embeddable":true,"href":"https:\/\/extraslovensko.sk\/spravy\/wp-json\/wp\/v2\/users\/1"}],"replies":[{"embeddable":true,"href":"https:\/\/extraslovensko.sk\/spravy\/wp-json\/wp\/v2\/comments?post=27122"}],"version-history":[{"count":0,"href":"https:\/\/extraslovensko.sk\/spravy\/wp-json\/wp\/v2\/posts\/27122\/revisions"}],"wp:attachment":[{"href":"https:\/\/extraslovensko.sk\/spravy\/wp-json\/wp\/v2\/media?parent=27122"}],"wp:term":[{"taxonomy":"category","embeddable":true,"href":"https:\/\/extraslovensko.sk\/spravy\/wp-json\/wp\/v2\/categories?post=27122"},{"taxonomy":"post_tag","embeddable":true,"href":"https:\/\/extraslovensko.sk\/spravy\/wp-json\/wp\/v2\/tags?post=27122"}],"curies":[{"name":"wp","href":"https:\/\/api.w.org\/{rel}","templated":true}]}}