{"id":27130,"date":"2022-09-06T08:19:50","date_gmt":"2022-09-06T08:19:50","guid":{"rendered":"https:\/\/extraslovensko.sk\/spravy\/?p=27130"},"modified":"2022-09-06T08:19:50","modified_gmt":"2022-09-06T08:19:50","slug":"papez-rozpustil-vedenie-maltezskeho-radu","status":"publish","type":"post","link":"https:\/\/extraslovensko.sk\/spravy\/papez-rozpustil-vedenie-maltezskeho-radu\/","title":{"rendered":"P\u00e1pe\u017e rozpustil vedenie Malt\u00e9zskych rytierov"},"content":{"rendered":"<p>P\u00e1pe\u017e rozpustil vedenie Malt\u00e9zskych rytierov. Svetov\u00e9ho katol\u00edckeho n\u00e1bo\u017eensk\u00e9ho r\u00e1du a humanit\u00e1rnej skupiny, a pred zvolen\u00edm nov\u00e9ho ve\u013emajstra ustanovil do\u010dasn\u00fa vl\u00e1du. K zmene, ktor\u00fa p\u00e1pe\u017e vydal v dekr\u00e9te, do\u0161lo po piatich rokoch \u010dasto b\u00farliv\u00fdch diskusi\u00ed v r\u00e1mci r\u00e1du a medzi niektor\u00fdmi najvy\u0161\u0161\u00edmi \u010dlenmi starej gardy a Vatik\u00e1nu o novej \u00fastave, o ktorej sa niektor\u00ed ob\u00e1vali, \u017ee oslab\u00ed jej suverenitu.<\/p>\n<h1>P\u00e1pe\u017e Franti\u0161ek rozpustil vedenie Malt\u00e9zsk\u00e9ho R\u00e1du<\/h1>\n<hr>\n<p>Malt\u00e9zsk\u00ed Rytieri v pozad\u00ed ovl\u00e1daj\u00fa cel\u00fd svet a napr\u00edklad Trump je ich sluha. Aj na\u0161a SIS mala za \u0161\u00e9fa Malt\u00e9zsk\u00e9ho Rytiera, no a KDH ovl\u00e1da tajn\u00e9 slu\u017eby od roku 1989.  No neber to, Kuffa ml\u00e1ti v\u0161etk\u00fdch hlava nehlava z kres\u0165anskej l\u00e1sky k bl\u00ed\u017enemu svojmu. Navy\u0161e odpad rusko slovenskej spolo\u010dnosti je samozrejme Malt\u00e9zsk\u00fd Rytier a preto sa pch\u00e1 do zadku rusk\u00fdm fa\u0161istom KGB\u00e1ka. Zauj\u00edmav\u00e9 \u017ee rusofilom na Slovensku nevadi, \u017ee Putin je oby\u010dajn\u00fd udava\u010d, STASI agent, bonz\u00e1k at\u010f, at\u010f. Dobr\u00fd \u0160TB\u00e1k je len Nohavica, lebo ho vyznamenal agent KGB Adolf Putin.<\/p>\n<hr>\n<p>Skupina, ktorej form\u00e1lny n\u00e1zov je Suver\u00e9nny vojensk\u00fd \u0161pit\u00e1lsky r\u00e1d sv. J\u00e1na z Jeruzalema, z Rodosu a z Malty, bola zalo\u017een\u00e1 v Jeruzaleme pred takmer 1000 rokmi, aby poskytovala zdravotn\u00fa pomoc p\u00fatnikom vo Sv\u00e4tej zemi. Teraz m\u00e1 nieko\u013ekomili\u00f3nov\u00fd rozpo\u010det, 13 500 \u010dlenov, 95 000 dobrovo\u013en\u00edkov a 52 000 zdravotn\u00edckych pracovn\u00edkov, ktor\u00ed riadia ute\u010deneck\u00e9 t\u00e1bory, protidrogov\u00e9 centr\u00e1, programy pomoci pri katastrof\u00e1ch a kliniky po celom svete.<\/p>\n<p>R\u00e1d ve\u013emi akt\u00edvne pom\u00e1ha ukrajinsk\u00fdm ute\u010dencom a obetiam vojny. Nem\u00e1 \u017eiadne skuto\u010dn\u00e9 \u00fazemie okrem pal\u00e1ca a \u00faradov v R\u00edme a pevnosti na Malte, ale je uzn\u00e1van\u00fd ako suver\u00e9nny subjekt s vlastn\u00fdmi pasmi a pozn\u00e1vac\u00edmi zna\u010dkami. <\/p>\n<p>M\u00e1 diplomatick\u00e9 vz\u0165ahy so 110 \u0161t\u00e1tmi a \u0161tat\u00fat st\u00e1leho pozorovate\u013ea v OSN, \u010do umo\u017e\u0148uje p\u00f4sobi\u0165 ako neutr\u00e1lna strana pri \u00fasil\u00ed o pomoc vo vojnov\u00fdch z\u00f3nach. Kardin\u00e1l Silvano Tomasi, p\u00e1pe\u017eov zvl\u00e1\u0161tny deleg\u00e1t r\u00e1du, na br\u00edfingu spolu s niektor\u00fdmi \u010dlenmi do\u010dasnej vl\u00e1dy novin\u00e1rom povedal, \u017ee nov\u00e1 \u00fastava r\u00e1du neoslab\u00ed jeho medzin\u00e1rodn\u00fa suverenitu.<\/p>\n<p>Ale ako reho\u013ea musela zosta\u0165 pod z\u00e1\u0161titou Vatik\u00e1nu, povedal kardin\u00e1l Gianfranco Ghirlanda, \u010dlen pracovnej skupiny, ktor\u00e1 pripravila nov\u00fa \u00fastavu schv\u00e1len\u00fa v sobotu p\u00e1pe\u017eom. V roku 2017 p\u00e1pe\u017e Franti\u0161ek po\u017eiadal ve\u013emajstra Matthewa Festinga aby odst\u00fapil, po mesiacoch sporov po \u0161kand\u00e1le t\u00fdkaj\u00facom sa jedn\u00e9ho z najvy\u0161\u0161\u00edch predstavite\u013eov R\u00e1du. Ve\u013emajstri zvy\u010dajne vl\u00e1dnu do\u017eivotne a Festingova rezign\u00e1cia bola prv\u00e1 v novodobej hist\u00f3rii.<\/p>\n<p>P\u00e1pe\u017eova smernica tie\u017e po\u017eaduje mimoriadnu gener\u00e1lnu kapitulu v janu\u00e1ri 2023, ktorou sa za\u010dne proces vo\u013eby nov\u00e9ho ve\u013emajstra.<\/p>\n<blockquote><p> Nov\u00e1 \u00fastava odstra\u0148uje po\u017eiadavku, aby vrcholn\u00ed rytieri a ve\u013emajstri mali vzne\u0161en\u00fd rodokme\u0148, ako aj trad\u00edciu, \u017ee ve\u013emajstri s\u00fa volen\u00ed na cel\u00fd \u017eivot.<\/p><\/blockquote>\n<hr>\n<p>Teraz trochu reality od Zagamiho.<\/p>\n<p>Bezprecedentn\u00fd term\u00edn Franti\u0161ka zverejnen\u00fd 23. augusta 2022   uv\u00e1dza, \u017ee v\u0161etky in\u0161tit\u00facie vo Vatik\u00e1ne, \u201ektor\u00e9 vlastnia finan\u010dn\u00e9 akt\u00edva a likvidn\u00e9 akt\u00edva v akejko\u013evek forme, s in\u00fdmi finan\u010dn\u00fdmi in\u0161tit\u00faciami ako IOR, musia informova\u0165 IOR a previes\u0165 ich ako \u010do najsk\u00f4r, do 30 dn\u00ed od 1. septembra 2022.\u201c <\/p>\n<p>Teraz IOR, In\u0161tit\u00fat pre n\u00e1bo\u017eensk\u00e9 diela (Istituto per le Opere di Religione), be\u017ene zn\u00e1my ako Vatik\u00e1nska banka, ktor\u00fd riadi p\u00e1pe\u017e a dozorn\u00e1 rada, ktor\u00e1 podlieha komisii kardin\u00e1lov, ktor\u00e1  nariadila, aby od dne\u0161n\u00e9ho d\u0148a previedli svoje hnute\u013en\u00e9 \u00fa\u010dty na In\u0161tit\u00fat pre n\u00e1bo\u017eensk\u00e9 diela, po kr\u00e1tkom reskripte z 23. augusta s cie\u013eom objasni\u0165, \u017ee In\u0161tit\u00fat pre n\u00e1bo\u017eensk\u00e9 diela m\u00e1 v\u00fdlu\u010dn\u00fa kompetenciu spravova\u0165 cel\u00fd hnute\u013en\u00fd a likvidn\u00fd majetok Sv\u00e4tej stolice.<\/p>\n<p>V Biblii Numeri 23:23 obsahuj\u00fa fr\u00e1zu \u201e\u010co urobil Boh\u201c, \u010do je zhodou okolnost\u00ed prv\u00e9 posolstvo odoslan\u00e9 v k\u00f3de na telegrafe od Samuela Morsea v roku 1843. Ak spo\u010d\u00edtate \u0161tyri \u010d\u00edslice roku 1967, rok kedy sa spoluzakladate\u013e Nirvany Kurt Cobain narodil, maj\u00fa 23 \u2013 \u010do je tie\u017e s\u00fa\u010det \u0161tyroch \u010d\u00edslic za rok 1994, rok v ktorom zomrel. V\u0161etci \u013eudia m\u00e1me v genetickej v\u00fdbave 23 p\u00e1rov chromoz\u00f3mov. <\/p>\n<p>A stredovek\u00fd katol\u00edcky vojensk\u00fd r\u00e1d, Templ\u00e1rski rytieri, mal po\u010das svojej existencie 23 ve\u013emajstrov. Skeptik by to v\u0161etko mohol prip\u00edsa\u0165 oby\u010dajnej n\u00e1hode, no niektor\u00ed \u013eudia si myslia, \u017ee je za t\u00fdm viac, vr\u00e1tane p\u00e1pe\u017ea, ktor\u00fd si vybral 23. august, aby odovzdal toto bezprecedentn\u00e9 ultim\u00e1tum katol\u00edckym cirkevn\u00fdm in\u0161tit\u00faci\u00e1m.<\/p>\n<p>Existuje nieko\u013eko d\u00f4vodov, pre\u010do sa finan\u010dn\u00e9 prostriedky pres\u00favaj\u00fa do IOR, ale najrealistickej\u0161\u00ed je ten, ktor\u00fd   navrhol  The Pillar,   americk\u00fd spravodajsk\u00fd web, ktor\u00fd sa zameriava na katol\u00edcku cirkev. P\u00ed\u0161u, \u017ee by to bol pokus o posilnenie financi\u00ed Vatik\u00e1nu, ke\u010f\u017ee prech\u00e1dza kr\u00edzou likvidity. <\/p>\n<p>Sme predsa uprostred najhor\u0161ej hospod\u00e1rskej kr\u00edzy od konca druhej svetovej vojny. JPMorgan o\u010dak\u00e1va eur\u00f3psku recesiu do roku 2023, ke\u010f sa energetick\u00e1 kr\u00edza zhor\u0161\u00ed a v\u00e4\u010d\u0161ina eur\u00f3pskych gener\u00e1lnych riadite\u013eov sa ob\u00e1va, \u017ee by sa recesia euroz\u00f3ny mohla zmeni\u0165 na depresiu.<\/p>\n<p>Existuje re\u00e1lna mo\u017enos\u0165, \u017ee ob\u010dianske nepokoje a ekonomick\u00fd chaos doraz\u00ed do Eur\u00f3py na jese\u0148 a p\u00e1pe\u017e chce t\u00fdmto bezprecedentn\u00fdm krokom ochr\u00e1ni\u0165 v\u0161etky svoje akt\u00edva predt\u00fdm, k\u00fdm opust\u00ed pot\u00e1paj\u00facu sa lo\u010f.<\/p>\n<p>Z tohto d\u00f4vodu jezuiti, ktor\u00ed spolu s Juanom A. Guerrerom, SJ, prevzali kontrolu nad Sekretari\u00e1tom hospod\u00e1rstva a financi\u00ed a v j\u00fali poslali list ved\u00facim v\u0161etk\u00fdch vatik\u00e1nskych oddelen\u00ed. V podstate \u017eiadaj\u00fa, aby zatvorili v\u0161etky s\u00fa\u010dasn\u00e9 \u201eextern\u00e9\u201c \u00fa\u010dty r\u00f4znych dikast\u00e9ri\u00ed a \u00faradov a previes\u0165 peniaze zachovan\u00e9 na t\u00fdchto \u00fa\u010dtoch do APSA, Spr\u00e1vy dedi\u010dstva Sv\u00e4tej stolice, ktor\u00fa spravuje b\u00fdval\u00fd sekret\u00e1r talianskej biskupskej konferencie Bp. Nunzio Galantino a Bp. Gustavo Zanchetta.  <\/p>\n<p>Zanchetta je biskup chr\u00e1nen\u00fd Bergogliom, ktor\u00fd je v Argent\u00edne vy\u0161etrovan\u00fd za \u00fadajn\u00e9 sexu\u00e1lne zneu\u017e\u00edvanie seminaristov a kritizovan\u00fd za jeho finan\u010dn\u00fa spr\u00e1vu diec\u00e9zy Oran, z ktorej n\u00e1hle utiekol, len aby sa op\u00e4\u0165 objavil v Santa Marte ako chr\u00e1nen\u00fd pedofil.<\/p>\n<p>Predt\u00fdm, ne\u017e prenech\u00e1 petrovsk\u00e9 ministerstvo svojmu n\u00e1stupcovi, chce p\u00e1pe\u017e previes\u0165 v\u0161etku mo\u017en\u00fa hotovos\u0165 do Vatik\u00e1nskej banky, ke\u010f\u017ee IOR pozorne sleduj\u00fa eur\u00f3pske regula\u010dn\u00e9 agent\u00fary, ktor\u00e9 vyv\u00edjaj\u00fa zv\u00fd\u0161en\u00fd tlak na p\u00e1pe\u017ea, aby svoj \u010din objasnil po ned\u00e1vne \u0161kand\u00e1ly. <\/p>\n<p>Suver\u00e9nny malt\u00e9zsky r\u00e1d (SMOM), kedysi zn\u00e1my ako rytiersky r\u00e1d, je medzit\u00fdm pod \u010doraz v\u00e4\u010d\u0161\u00edm tlakom Sv\u00e4tej stolice a ob\u00e1va sa aj svojej nejasnej finan\u010dnej situ\u00e1cie.<\/p>\n<p>Tak\u017ee, utek\u00e1 p\u00e1pe\u017e s hotovos\u0165ou? Pravdepodobne nie, ale v minulosti sa jeho predchodca, p\u00e1pe\u017e Benedikt XVI., sna\u017eil zbavi\u0165 sa posv\u00e4tn\u00e9ho tajomstva vatik\u00e1nskych financi\u00ed, \u010d\u00edm ukon\u010dil svoje p\u00e1pe\u017estvo, ke\u010f\u017ee finan\u010dn\u00e1 odno\u017e Vatik\u00e1nu nikdy nebola be\u017en\u00e1 banka, ale miesto pre tie\u0148ov\u00e9 obchody a mafi\u00e1nskych zlo\u010dincov. Odvtedy sa kr\u00edza stup\u0148uje a nasledovalo mno\u017estvo \u0161kand\u00e1lov vr\u00e1tane vatik\u00e1nskeho kardin\u00e1la Becciua, ktor\u00fd je s\u00faden\u00fd za pr\u00edpad podvodu za 412 mili\u00f3nov dol\u00e1rov.<\/p>\n","protected":false},"excerpt":{"rendered":"<p>P\u00e1pe\u017e rozpustil vedenie Malt\u00e9zskych rytierov. Svetov\u00e9ho katol\u00edckeho n\u00e1bo\u017eensk\u00e9ho r\u00e1du a humanit\u00e1rnej skupiny, a pred zvolen\u00edm nov\u00e9ho ve\u013emajstra ustanovil do\u010dasn\u00fa vl\u00e1du. K zmene, ktor\u00fa p\u00e1pe\u017e vydal v dekr\u00e9te, do\u0161lo po piatich rokoch \u010dasto b\u00farliv\u00fdch diskusi\u00ed v r\u00e1mci r\u00e1du a medzi niektor\u00fdmi najvy\u0161\u0161\u00edmi \u010dlenmi starej gardy a Vatik\u00e1nu o novej \u00fastave, o ktorej sa niektor\u00ed ob\u00e1vali, \u017ee [&hellip;]<\/p>\n","protected":false},"author":1,"featured_media":0,"comment_status":"closed","ping_status":"open","sticky":false,"template":"","format":"standard","meta":{"footnotes":""},"categories":[5],"tags":[],"class_list":["post-27130","post","type-post","status-publish","format-standard","hentry","category-exo-news"],"_links":{"self":[{"href":"https:\/\/extraslovensko.sk\/spravy\/wp-json\/wp\/v2\/posts\/27130","targetHints":{"allow":["GET"]}}],"collection":[{"href":"https:\/\/extraslovensko.sk\/spravy\/wp-json\/wp\/v2\/posts"}],"about":[{"href":"https:\/\/extraslovensko.sk\/spravy\/wp-json\/wp\/v2\/types\/post"}],"author":[{"embeddable":true,"href":"https:\/\/extraslovensko.sk\/spravy\/wp-json\/wp\/v2\/users\/1"}],"replies":[{"embeddable":true,"href":"https:\/\/extraslovensko.sk\/spravy\/wp-json\/wp\/v2\/comments?post=27130"}],"version-history":[{"count":0,"href":"https:\/\/extraslovensko.sk\/spravy\/wp-json\/wp\/v2\/posts\/27130\/revisions"}],"wp:attachment":[{"href":"https:\/\/extraslovensko.sk\/spravy\/wp-json\/wp\/v2\/media?parent=27130"}],"wp:term":[{"taxonomy":"category","embeddable":true,"href":"https:\/\/extraslovensko.sk\/spravy\/wp-json\/wp\/v2\/categories?post=27130"},{"taxonomy":"post_tag","embeddable":true,"href":"https:\/\/extraslovensko.sk\/spravy\/wp-json\/wp\/v2\/tags?post=27130"}],"curies":[{"name":"wp","href":"https:\/\/api.w.org\/{rel}","templated":true}]}}