{"id":27266,"date":"2022-09-20T21:47:10","date_gmt":"2022-09-20T21:47:10","guid":{"rendered":"https:\/\/extraslovensko.sk\/spravy\/?p=27266"},"modified":"2022-09-20T21:47:10","modified_gmt":"2022-09-20T21:47:10","slug":"giorgia-meloni-vedie-hnutie-s-korenmi-v-neofasizme","status":"publish","type":"post","link":"https:\/\/extraslovensko.sk\/spravy\/giorgia-meloni-vedie-hnutie-s-korenmi-v-neofasizme\/","title":{"rendered":"Giorgia Meloni a jej hnutie m\u00e1 neonacistisk\u00e9 z\u00e1zemie"},"content":{"rendered":"<p>Giorgia Meloni v talianku vedie hnutie s kore\u0148mi v neofa\u0161izme. Ben\u00e1tsko je regi\u00f3n, ktor\u00fd splodil Severn\u00fa ligu. Liga je spojen\u00e1 s jej stranou, Bratia Talianska ( fdi ), v aliancii, ktor\u00e1 by mala vyhra\u0165 talianske vo\u013eby 25. septembra. Pod veden\u00edm svojho l\u00eddra Mattea Salviniho u\u017e Liga nekoketuje so separatizmom. <\/p>\n<h1>Giorgia Meloni a jej hnutie m\u00e1  neonacistisk\u00e9 z\u00e1zemie<\/h1>\n<p>Partia vern\u00fdch \u013eud\u00ed dr\u017e\u00ed vo v\u00fd\u0161ke obrovsk\u00fd transparent, dlh\u00fd 25 metrov, v n\u00e1rodn\u00fdch farb\u00e1ch zelenej, bielej a \u010dervenej. <\/p>\n<blockquote><p>Ne\u00famern\u00fd po\u010det mu\u017eov v dave, viac ako \u0161tvrtina  m\u00e1 oble\u010den\u00e9 \u010dierne ko\u0161ele, ktor\u00e9 si Taliani st\u00e1le sp\u00e1jaj\u00fa s t\u00fdmi, ktor\u00e9 nosia fa\u0161istick\u00e9 milicion\u00e1ri.<\/p><\/blockquote>\n<p>T\u00f3n prejavu pani Meloniovej je v\u0161ak triezvy. \u201eNie som tu, aby som v\u00e1m povedala, \u017ee je v\u0161etko v poriadku,\u201c hovor\u00ed predt\u00fdm, ako na\u010drtne svoje pl\u00e1ny pre ekonomiku. Veneto je oblas\u0165ou preva\u017ene mal\u00fdch podnikov, ktor\u00e9 sa vyvinuli nesk\u00f4r ako ostatn\u00e9 \u010dasti severu. Jeho obyvatelia s\u00fa hrd\u00ed na svoju pracovitos\u0165. <\/p>\n<p>Bratia by pod\u013ea nej zn\u00ed\u017eili pr\u00edspevky zamestn\u00e1vate\u013eov na soci\u00e1lne zabezpe\u010denie, upravili by da\u0148 z pr\u00edjmu pr\u00e1vnick\u00fdch os\u00f4b, aby ich povzbudili, aby zamestn\u00e1vali viac pracovn\u00edkov, a zmenili by vzdel\u00e1vac\u00ed syst\u00e9m tak, aby bol viac kompatibiln\u00fd s potrebami trhu pr\u00e1ce. Zastavili by tie\u017e zahrani\u010dn\u00e9 spolo\u010dnosti kupova\u0165 tie talianske \u2013 \u201e\u00fapln\u00e1 hl\u00fapos\u0165\u201c, naz\u00fdva to pani Meloniov\u00e1.<\/p>\n<p> To zo\u017ene potlesk. Najhor\u00facej\u0161ou odpove\u010fou je v\u0161ak jej presadzovanie boja proti neleg\u00e1lnemu pris\u0165ahovalectvu, ktor\u00e9 sp\u00e1ja s obchodovan\u00edm s drogami a prostit\u00faciou. Vodca Brothers m\u00e1 talent na vyjadrenie radik\u00e1lnych n\u00e1zorov sp\u00f4sobom, ktor\u00fd ich rob\u00ed uv\u00e1\u017elivo. Je to jeden z d\u00f4vodov, pre\u010do jej strana st\u00fapla v prieskumoch verejnej mienky \u2013 zo 7 % pred tromi rokmi na takmer 25 % v posledn\u00fdch prieskumoch, predt\u00fdm, ako 10. septembra nadobudol \u00fa\u010dinnos\u0165 v\u00fdpadok vo vo\u013eb\u00e1ch. \u00daspech fdi bol takmer \u00faplne na \u00fakor ligy. <\/p>\n<p>Jej podpora za rovnak\u00e9 obdobie klesla z 33 % na 12 %. V samom srdci Ligy je nerovnov\u00e1ha medzi oboma stranami e\u0161te v\u00e4\u010d\u0161ia.<\/p>\n<blockquote><p>To v\u0161etko rob\u00ed u\u017e aj tak nap\u00e4t\u00fd vz\u0165ah medzi Meloniovou a Salvinim e\u0161te krehkej\u0161\u00edm.<\/p><\/blockquote>\n<p> Potopili svoje nezhody, aby mohli vo vo\u013eb\u00e1ch bojova\u0165 v trojstrannej aliancii so stranou Silvia Berlusconiho, Forza Italia. A podporili dohodu, \u017ee ktor\u00e1ko\u013evek strana, ktor\u00e1 z\u00edska najviac hlasov, by mala vies\u0165 bud\u00facu vl\u00e1du (hoci vymenovanie premi\u00e9ra je v\u00fdsadou prezidenta Sergia Mattarellu).<\/p>\n<p>Odvtedy sa v\u0161ak pani Meloniov\u00e1 a  Salvini v oboch najd\u00f4le\u017eitej\u0161\u00edch ot\u00e1zkach kampane rozdelili. Pani Meloni bezpodmiene\u010dne podporila z\u00e1padn\u00fa alianciu podporuj\u00facu Ukrajinu. Jej spojenec, dlhoro\u010dn\u00fd obdivovate\u013e Putina, zakol\u00edsal, prezentoval sa ako mierotvorca, ozn\u00e1mil a n\u00e1sledne zru\u0161il cestu do Moskvy a spochyb\u0148oval hodnotu sankci\u00ed proti Rusku. <\/p>\n<p>Zatia\u013e \u010do  Salvini presadzuje bal\u00edk opatren\u00ed v hodnote 30 mili\u00e1rd eur na zn\u00ed\u017eenie \u017eivotn\u00fdch n\u00e1kladov, aj ke\u010f to znamen\u00e1 \u010fal\u0161\u00ed dlh, vodca Brothers argumentuje fi\u0161k\u00e1lnou obozretnos\u0165ou. 11. septembra sa  Salvini stretol s p\u00e1nom Berlusconim, \u00fadajne bez toho, aby informoval pani Meloniov\u00fa, uprostred \u0161pekul\u00e1ci\u00ed, \u017ee dvaja bojovn\u00ed \u0161\u00e9fovia str\u00e1n mo\u017eno pl\u00e1nuj\u00fa sprisahanie, aby zabr\u00e1nili svojmu spojencovi sta\u0165 sa premi\u00e9rom.<\/p>\n<p>Ni\u010d z toho neve\u0161t\u00ed ni\u010d dobr\u00e9 pre stabilitu bud\u00facej talianskej vl\u00e1dy. Ak volebn\u00fd v\u00fdsledok odzrkadl\u00ed prieskumy, pravica z\u00edska ve\u013ek\u00fa parlamentn\u00fa v\u00e4\u010d\u0161inu, porovnate\u013en\u00fa s tou, ktor\u00fa z\u00edskala podobn\u00e1 aliancia na \u010dele s p\u00e1nom Berlusconim v roku 2001. Udr\u017eala ho pri moci na \u010fal\u0161\u00edch p\u00e4\u0165 rokov. <\/p>\n<p>Na rozdiel od Meloniovej sa v\u0161ak medi\u00e1lny magn\u00e1t mohol spo\u013eahn\u00fa\u0165 na obrovsk\u00e9 finan\u010dn\u00e9 zdroje a vplyv m\u00e9di\u00ed. A \u2013 to sa v\u017edy oplat\u00ed pam\u00e4ta\u0165 \u2013 priemern\u00e1 talianska vl\u00e1da za posledn\u00fdch 30 rokov trvala menej ako 20 mesiacov.<\/p>\n<hr>\n<p>Kde sa \u010dlovek pozrie, sam\u00e9 fa\u0161istick\u00e9 politick\u00e9 strany s podporou Adolfa Putina. Teraz pr\u00edde \u010das kedy za\u010dn\u00fa v\u0161etci kri\u010da\u0165 o migrantoch, lebo aj v Taliansku prist\u00e1vaj\u00fa lode z Afriky. Nato im nalet\u00ed skoro ka\u017ed\u00fd. Bude veselo.<\/p>\n<p>V\u0161etci hlup\u00e1ci na Sk internete p\u00ed\u0161u o zl\u00fdch \u010dernochoch, ale ani jedin\u00fd si nev\u0161imne, \u017ee v\u00e4\u010d\u0161inou vyzn\u00e1vaj\u00fa isl\u00e1m. Ako niekedy vrav\u00edme, za v\u0161etk\u00fdm h\u013eadaj najprv n\u00e1bo\u017eenstvo. Podobne Erdogan m\u0148auk\u00e1 o Kryme, ale pov\u00f4dn\u00fdch obyvate\u013eov ur\u010dite mysl\u00ed krymsk\u00fdch tat\u00e1rov. Rok 2025 sa bl\u00ed\u017ei a s nim probl\u00e9my s isl\u00e1mom ak\u00e9 nikdy neboli. Islam zjednot\u00ed v\u0161etk\u00fdch moslimov a nieko\u013eko islamsk\u00fdch kraj\u00edn z\u00edska at\u00f3mov\u00fa bombu. <\/p>\n","protected":false},"excerpt":{"rendered":"<p>Giorgia Meloni v talianku vedie hnutie s kore\u0148mi v neofa\u0161izme. Ben\u00e1tsko je regi\u00f3n, ktor\u00fd splodil Severn\u00fa ligu. Liga je spojen\u00e1 s jej stranou, Bratia Talianska ( fdi ), v aliancii, ktor\u00e1 by mala vyhra\u0165 talianske vo\u013eby 25. septembra. Pod veden\u00edm svojho l\u00eddra Mattea Salviniho u\u017e Liga nekoketuje so separatizmom. Giorgia Meloni a jej hnutie m\u00e1 [&hellip;]<\/p>\n","protected":false},"author":1,"featured_media":0,"comment_status":"closed","ping_status":"open","sticky":false,"template":"","format":"standard","meta":{"footnotes":""},"categories":[5],"tags":[],"class_list":["post-27266","post","type-post","status-publish","format-standard","hentry","category-exo-news"],"_links":{"self":[{"href":"https:\/\/extraslovensko.sk\/spravy\/wp-json\/wp\/v2\/posts\/27266","targetHints":{"allow":["GET"]}}],"collection":[{"href":"https:\/\/extraslovensko.sk\/spravy\/wp-json\/wp\/v2\/posts"}],"about":[{"href":"https:\/\/extraslovensko.sk\/spravy\/wp-json\/wp\/v2\/types\/post"}],"author":[{"embeddable":true,"href":"https:\/\/extraslovensko.sk\/spravy\/wp-json\/wp\/v2\/users\/1"}],"replies":[{"embeddable":true,"href":"https:\/\/extraslovensko.sk\/spravy\/wp-json\/wp\/v2\/comments?post=27266"}],"version-history":[{"count":0,"href":"https:\/\/extraslovensko.sk\/spravy\/wp-json\/wp\/v2\/posts\/27266\/revisions"}],"wp:attachment":[{"href":"https:\/\/extraslovensko.sk\/spravy\/wp-json\/wp\/v2\/media?parent=27266"}],"wp:term":[{"taxonomy":"category","embeddable":true,"href":"https:\/\/extraslovensko.sk\/spravy\/wp-json\/wp\/v2\/categories?post=27266"},{"taxonomy":"post_tag","embeddable":true,"href":"https:\/\/extraslovensko.sk\/spravy\/wp-json\/wp\/v2\/tags?post=27266"}],"curies":[{"name":"wp","href":"https:\/\/api.w.org\/{rel}","templated":true}]}}