{"id":27377,"date":"2022-09-22T12:37:23","date_gmt":"2022-09-22T12:37:23","guid":{"rendered":"https:\/\/extraslovensko.sk\/spravy\/?p=27377"},"modified":"2022-09-22T12:37:23","modified_gmt":"2022-09-22T12:37:23","slug":"iranska-kyberneticka-vojna-sa-siri-po-celom-svete","status":"publish","type":"post","link":"https:\/\/extraslovensko.sk\/spravy\/iranska-kyberneticka-vojna-sa-siri-po-celom-svete\/","title":{"rendered":"Kybernetick\u00e1 vojna Ir\u00e1nu sa \u0161\u00edri po celom svete"},"content":{"rendered":"<p>Ir\u00e1nska kybernetick\u00e1 vojna sa \u0161\u00edri po celom svete a medzi jej ciele patr\u00ed nielen Izrael, ale aspo\u0148 jeden \u010dlen NATO. Na ve\u013evyslanectve  v Tirane, hlavnom meste Alb\u00e1nska, zbalili citliv\u00e9 dokumenty do suda a zap\u00e1lili ich v rann\u00fdch hodin\u00e1ch 8. septembra. Pon\u00e1h\u013eali sa; de\u0148 predt\u00fdm dostali 24 hod\u00edn na odchod. O nieko\u013eko hod\u00edn nesk\u00f4r do pr\u00e1zdnej misie vtrhla miestna pol\u00edcia. <\/p>\n<p>T\u00e1to epiz\u00f3da bola dramatick\u00fdm vyvrcholen\u00edm ir\u00e1nskej kybernetickej ofenz\u00edvy pred nieko\u013ek\u00fdmi t\u00fd\u017ed\u0148ami; zd\u00f4raz\u0148uje \u00fastredn\u00fa \u00falohu Ir\u00e1nu v s\u00e9rii v\u00edriacich kybernetick\u00fdch konfliktov.<\/p>\n<h1>Kybernetick\u00e1 vojna Ir\u00e1nu sa \u0161\u00edri<\/h1>\n<p>Koncom j\u00fala bombov\u00e9 hrozby a kybernetick\u00e9 \u00fatoky prin\u00fatili Ir\u00e1nsku \u013eudov\u00fa organiz\u00e1ciu mud\u017eahed\u00ednov ( pmoi ), zn\u00e1mu aj ako Mud\u017eahed\u00edn-e Khalq ( mek ), ir\u00e1nske opozi\u010dn\u00e9 hnutie cum-cult, zru\u0161i\u0165 pl\u00e1novan\u00fd summit v Alb\u00e1nsku, kde asi 3000 jej \u010dlenov \u017eije v t\u00e1bore 30 km severoz\u00e1padne od Tirany. Meka je hanoben\u00fd Ir\u00e1nom, v neposlednom rade pre jeho podporu Sadd\u00e1movi Husajnovi v ir\u00e1nsko-irackej vojne v 80. rokoch, a je podporovan\u00fd niektor\u00fdmi jastrab\u00edmi americk\u00fdmi a najr\u00f4znej\u0161\u00edmi eur\u00f3pskymi politikmi. <\/p>\n<p>Hoci ju Amerika a e\u00fa u\u017e nepova\u017euj\u00fa za teroristick\u00fa organiz\u00e1ciu ako kedysi, Ir\u00e1n t\u00fato skupinu na\u010falej pova\u017euje za hrozbu. Minul\u00fd rok belgick\u00fd s\u00fad ods\u00fadil ir\u00e1nskeho diplomata vo Viedni za pokus o bombov\u00fd \u00fatok na in\u00e9 mek rally.<\/p>\n<p>15. j\u00fala Ir\u00e1n evidentne podnikol mnohostrann\u00fd kybernetick\u00fd \u00fatok na alb\u00e1nske siete. Zameral sa na webov\u00fa str\u00e1nku parlamentu krajiny a \u00faradu predsedu vl\u00e1dy, ako aj na online port\u00e1l, ktor\u00fd sa pou\u017e\u00edva na poskytovanie vl\u00e1dnych slu\u017eieb. Niektor\u00e9 z \u00fatokov vyu\u017e\u00edvali ransomv\u00e9r, ktor\u00fd dr\u017e\u00ed d\u00e1ta ako rukojemn\u00edkov a\u017e do zaplatenia; in\u00ed ukradli citliv\u00e9 spr\u00e1vy. <\/p>\n<p>Unikli e-maily od premi\u00e9ra Ediho Ramu a od predstavite\u013eov ministerstva zahrani\u010dn\u00fdch vec\u00ed, pri\u010dom niektor\u00e9 materi\u00e1ly boli zverejnen\u00e9 viac ako mesiac po po\u010diato\u010dn\u00fdch prienikoch. Hoci sa \u00fato\u010dn\u00edci maskovali ako nespokojn\u00e1 alb\u00e1nska skupina, Alb\u00e1nsko, Amerika a Brit\u00e1nia tvrdia, \u017ee za to m\u00f4\u017ee Ir\u00e1n.<\/p>\n<p>7. septembra p\u00e1n Rama povedal, \u017ee preru\u0161uje vz\u0165ahy s Ir\u00e1nom. \u201eT\u00e1to extr\u00e9mna reakcia,\u201c povedal, \u201eje plne \u00famern\u00e1 z\u00e1va\u017enosti a riziku kybernetick\u00e9ho \u00fatoku, ktor\u00fd hrozil paralyzovan\u00edm verejn\u00fdch slu\u017eieb, vymazan\u00edm digit\u00e1lnych syst\u00e9mov a preniknut\u00edm do \u0161t\u00e1tnych z\u00e1znamov, ukradnut\u00edm vl\u00e1dnej intranetovej elektronickej komunik\u00e1cie a vyvolan\u00edm chaosu a neistoty v krajina.&#8221; Je to prv\u00fdkr\u00e1t, \u010do ktor\u00e1ko\u013evek krajina ukon\u010dila diplomatick\u00e9 vz\u0165ahy v reakcii na kybernetick\u00fa agresiu.<\/p>\n<p>Bola to \u201eobzvl\u00e1\u0161\u0165 nehanebn\u00e1 oper\u00e1cia\u201c, poznamenal Mandiant, americk\u00e1 firma zaoberaj\u00faca sa kybernetickou bezpe\u010dnos\u0165ou, poukazuj\u00fac na skuto\u010dnos\u0165, \u017ee Alb\u00e1nsko je \u010dlenom nato , ktor\u00e9ho \u010dl\u00e1nok 5 o vz\u00e1jomnej obrane sa t\u00fdka nielen ve\u013ek\u00fdch kybernetick\u00fdch \u00fatokov, ale aj hromadenia men\u0161\u00edch. <\/p>\n<p>\u201eM\u00f4\u017ee to nazna\u010dova\u0165 zv\u00fd\u0161en\u00fa toleranciu rizika pri vyu\u017e\u00edvan\u00ed ru\u0161iv\u00fdch n\u00e1strojov vo\u010di krajin\u00e1m, o ktor\u00fdch sa predpoklad\u00e1, \u017ee pracuj\u00fa proti ir\u00e1nskym z\u00e1ujmom,\u201c uzavrel Mandiant. 9. septembra Ir\u00e1n znovu zasiahol, povedalo Alb\u00e1nsko, tentoraz proti hrani\u010dn\u00fdm kontroln\u00fdm syst\u00e9mom krajiny. <\/p>\n<p>V ten ist\u00fd de\u0148 americk\u00e1 vl\u00e1da uvalila sankcie na ir\u00e1nske ministerstvo pre spravodajstvo a bezpe\u010dnos\u0165, \u0161pion\u00e1\u017enu agent\u00faru, za jej \u201est\u00e1le agres\u00edvnej\u0161ie kybernetick\u00e9 aktivity\u201c od roku 2007.<\/p>\n<p>Kybernetick\u00e9 \u00fatoky Ir\u00e1nu proti Alb\u00e1nsku bledn\u00fa v porovnan\u00ed s prebiehaj\u00facimi pot\u00fd\u010dkami s Izraelom. Tieto dve krajiny s\u00fa tvrd\u00fdmi s\u00fapermi, bojuj\u00fa o ir\u00e1nsky jadrov\u00fd program, ktor\u00fd sa op\u00e4\u0165 r\u00fdchlo roz\u0161iruje a o aktivity Ir\u00e1nom podporovan\u00fdch ozbrojen\u00fdch skup\u00edn v Gaze, Libanone, S\u00fdrii a Jemene. Tento z\u00e1pas je \u010dasto n\u00e1siln\u00fd a \u010doraz viac digit\u00e1lny.<\/p>\n<p>V roku 2020 sa podozriv\u00ed ir\u00e1nski hackeri pok\u00fasili naru\u0161i\u0165 \u0161es\u0165 izraelsk\u00fdch vodn\u00fdch zariaden\u00ed. Odpove\u010f pri\u0161la v priebehu nieko\u013ek\u00fdch t\u00fd\u017ed\u0148ov: kybernetick\u00fd \u00fatok na pr\u00edstav Shahid Rajaee v Hormuzskom prielive. <\/p>\n<p>Potom v roku 2021 hackersk\u00e1 skupina zn\u00e1ma ako Drav\u00fd vrabec \u2013 v\u0161eobecne pova\u017eovan\u00e1 za frontu Izraela \u2013 naru\u0161ila ir\u00e1nsku \u017eelezni\u010dn\u00fa sie\u0165 a syst\u00e9m distrib\u00facie paliva v krajine, na elektronick\u00fdch billboardoch zobrazovala protire\u017eimn\u00fa propagandu a unikli z\u00e1bery z v\u00e4znice Evin, pre politick\u00fdch v\u00e4z\u0148ov. \u00datoky pokra\u010dovali aj toto leto.<\/p>\n<p>18. j\u00fana ir\u00e1nske kybernetick\u00e9 \u00fatoky spustili leteck\u00e9 sir\u00e9ny v Jeruzaleme a Eilate, ju\u017enom izraelskom pr\u00edstave. Tieto \u00fatoky boli bud\u00ed\u010dkom, hovoria izraelsk\u00ed predstavitelia, preto\u017ee uk\u00e1zali, \u017ee niektor\u00e9 kritick\u00e9 syst\u00e9my zostali pripojen\u00e9 k \u0161ir\u0161iemu internetu (v\u00e4\u010d\u0161ina je fyzicky odpojen\u00e1 alebo je \u201evzduchov\u00e1 medzera\u201c). <\/p>\n<p>O nie\u010do viac ako t\u00fd\u017ede\u0148 nesk\u00f4r sa Predatory Sparrow zameral na tri ir\u00e1nske oceliarne, <em>pri\u010dom \u00fadajne prevzal kontrolu nad strojmi<\/em> v jednej \u2013 zriedkav\u00fd pr\u00edklad kybernetick\u00e9ho \u00fatoku, ktor\u00fd priamo sp\u00f4sobuje fyzick\u00e9 zni\u010denie. V ten ist\u00fd mesiac mali ir\u00e1nski akt\u00e9ri podozrenie, \u017ee naru\u0161ili ve\u013ek\u00fa turistick\u00fa spolo\u010dnos\u0165 a z\u00edskali osobn\u00e9 inform\u00e1cie viac ako 300 000 Izrael\u010danov. <\/p>\n<p>6. septembra izraelsk\u00fd s\u00fad uv\u00e4znil Omriho Gorena, b\u00fdval\u00e9ho hospod\u00e1ra Bennyho Gantza, ministra obrany krajiny, za to, \u017ee pon\u00fakal svoje slu\u017eby ir\u00e1nskym hackerom.<\/p>\n<blockquote><p>Niektor\u00e9 z najzauj\u00edmavej\u0161\u00edch vec\u00ed v kyberpriestore za posledn\u00fd rok sa pravdepodobne nediali medzi Ruskom a Ukrajinou, ale medzi Izraelom a Ir\u00e1nom.<\/p><\/blockquote>\n<p>Celkovo tieto kampane sabot\u00e1\u017ee, podvracania a propagandy predstavuj\u00fa jednu z najagres\u00edvnej\u0161\u00edch s\u00fa\u0165a\u017e\u00ed veden\u00fdch v po\u010d\u00edta\u010dov\u00fdch sie\u0165ach k dne\u0161n\u00e9mu d\u0148u. Ke\u010f\u017ee diplomacia oh\u013eadne ir\u00e1nskych jadrov\u00fdch pl\u00e1nov ochabuje, je nepravdepodobn\u00e9, \u017ee by t\u00e1to konkurencia ust\u00fapila. <\/p>\n<hr>\n<p>Ove\u013ea pravdepodobnej\u0161ie je to, \u017ee viacer\u00e9 isl\u00e1mske krajiny z\u00edskaj\u00fa at\u00f3mov\u00fa bombu. Pakistan neostane s\u00e1m a Islamabad sa stane hlavn\u00fdm mestom celosvetov\u00e9ho isl\u00e1mu.<\/p>\n<p>Ako n\u00e1m to v\u0161etko klape pre rok 2025, ak sa nevenujeme len vojne na Ukrajine. Islam zjednot\u00ed v\u0161etk\u00fdch moslimov a nieko\u013eko islamsk\u00fdch kraj\u00edn z\u00edska at\u00f3mov\u00fa bombu. <\/p>\n","protected":false},"excerpt":{"rendered":"<p>Ir\u00e1nska kybernetick\u00e1 vojna sa \u0161\u00edri po celom svete a medzi jej ciele patr\u00ed nielen Izrael, ale aspo\u0148 jeden \u010dlen NATO. Na ve\u013evyslanectve v Tirane, hlavnom meste Alb\u00e1nska, zbalili citliv\u00e9 dokumenty do suda a zap\u00e1lili ich v rann\u00fdch hodin\u00e1ch 8. septembra. Pon\u00e1h\u013eali sa; de\u0148 predt\u00fdm dostali 24 hod\u00edn na odchod. O nieko\u013eko hod\u00edn nesk\u00f4r do pr\u00e1zdnej [&hellip;]<\/p>\n","protected":false},"author":1,"featured_media":0,"comment_status":"closed","ping_status":"open","sticky":false,"template":"","format":"standard","meta":{"footnotes":""},"categories":[5],"tags":[],"class_list":["post-27377","post","type-post","status-publish","format-standard","hentry","category-exo-news"],"_links":{"self":[{"href":"https:\/\/extraslovensko.sk\/spravy\/wp-json\/wp\/v2\/posts\/27377","targetHints":{"allow":["GET"]}}],"collection":[{"href":"https:\/\/extraslovensko.sk\/spravy\/wp-json\/wp\/v2\/posts"}],"about":[{"href":"https:\/\/extraslovensko.sk\/spravy\/wp-json\/wp\/v2\/types\/post"}],"author":[{"embeddable":true,"href":"https:\/\/extraslovensko.sk\/spravy\/wp-json\/wp\/v2\/users\/1"}],"replies":[{"embeddable":true,"href":"https:\/\/extraslovensko.sk\/spravy\/wp-json\/wp\/v2\/comments?post=27377"}],"version-history":[{"count":0,"href":"https:\/\/extraslovensko.sk\/spravy\/wp-json\/wp\/v2\/posts\/27377\/revisions"}],"wp:attachment":[{"href":"https:\/\/extraslovensko.sk\/spravy\/wp-json\/wp\/v2\/media?parent=27377"}],"wp:term":[{"taxonomy":"category","embeddable":true,"href":"https:\/\/extraslovensko.sk\/spravy\/wp-json\/wp\/v2\/categories?post=27377"},{"taxonomy":"post_tag","embeddable":true,"href":"https:\/\/extraslovensko.sk\/spravy\/wp-json\/wp\/v2\/tags?post=27377"}],"curies":[{"name":"wp","href":"https:\/\/api.w.org\/{rel}","templated":true}]}}