{"id":27409,"date":"2022-09-23T16:28:35","date_gmt":"2022-09-23T16:28:35","guid":{"rendered":"https:\/\/extraslovensko.sk\/spravy\/?p=27409"},"modified":"2022-09-23T16:28:35","modified_gmt":"2022-09-23T16:28:35","slug":"pocet-rusov-ktori-odisli-do-finska-po-vyhlaseni-mobilizacie","status":"publish","type":"post","link":"https:\/\/extraslovensko.sk\/spravy\/pocet-rusov-ktori-odisli-do-finska-po-vyhlaseni-mobilizacie\/","title":{"rendered":"Rusi utekaj\u00fa do F\u00ednska po vyhl\u00e1sen\u00ed mobiliz\u00e1cie, p\u00e1\u010di sa im liber\u00e1lna demokracia"},"content":{"rendered":"<p>Po\u010det Rusov, ktor\u00ed odi\u0161li do F\u00ednska po vyhl\u00e1seni mobiliz\u00e1cie. Ako je mo\u017en\u00e9, \u017ee rusk\u00fd odpad utek\u00e1 do nen\u00e1viden\u00e9ho NATO F\u00ednska? Po\u010det Rusov, ktor\u00ed odi\u0161li cez tri pozemn\u00e9 hrani\u010dn\u00e9 priechody sa 21. a 22. septembra v porovnan\u00ed s predch\u00e1dzaj\u00facimi d\u0148ami viac ako zdvojn\u00e1sobil.<\/p>\n<h1>Rusi, ktor\u00ed utekaj\u00fa do F\u00ednska po vyhl\u00e1sen\u00ed mobiliz\u00e1cie<\/h1>\n<p>Za posledn\u00e9 dva dni pre\u0161lo troma kontroln\u00fdmi bodmi na hraniciach s F\u00ednskom najmenej 15 832 Rusov (7070 21. septembra a 8762 22. septembra). Uv\u00e1dza sa to v spr\u00e1ve pohrani\u010dnej oblasti juhov\u00fdchu, ktor\u00fa dostala RBC.<\/p>\n<p>Rusi ktor\u00ed prekro\u010dili hranice za de\u0148, vzr\u00e1stol v porovnan\u00ed s predch\u00e1dzaj\u00facimi d\u0148ami v priemere 1,5-kr\u00e1t (5436 \u013eud\u00ed 14. septembra, 5728 15. septembra, 5435 19. septembra 5701 20. septembra).<\/p>\n<p>Na raste sa z\u00e1rove\u0148 podie\u013eali najm\u00e4 t\u00ed, ktor\u00ed cestovali do F\u00ednska: ich po\u010det sa viac ako zdvojn\u00e1sobil, zatia\u013e \u010do po\u010det Rusov, ktor\u00ed prekro\u010dili hranice, zostal v t\u00fdchto d\u0148och pribli\u017ene na rovnakej \u00farovni.<\/p>\n<p> \u00dadaje s\u00fa uveden\u00e9 pre tri hrani\u010dn\u00e9 body na f\u00ednskej strane \u2013 Imatra, Nuyamaa a Vaalimaa (Svetogorsk, Torfyanovka, Brusnichnoye \u2013 resp. na ruskej strane). Celkovo je na hraniciach medzi Ruskom a F\u00ednskom osem automobilov\u00fdch a jeden \u017eelezni\u010dn\u00fd kontroln\u00fd bod.<\/p>\n<p>Po\u010det Rusov, ktor\u00ed vst\u00fapili  cez tri kontroln\u00e9 body:<\/p>\n<p>14. septembra &#8211; 2794;<\/p>\n<p>15. septembra &#8211; 2874;<\/p>\n<p>19. septembra &#8211; 2804;<\/p>\n<p>20. septembra &#8211; 3099;<\/p>\n<p>21. septembra &#8211; 4443;<\/p>\n<p>22. septembra &#8211; 5959.<\/p>\n<p>V pohrani\u010dnom okrese juhov\u00fdchodn\u00e9ho F\u00ednska bolo tie\u017e hl\u00e1sen\u00e9, \u017ee pred kontroln\u00fdm bodom Nujamaa (na ruskej strane &#8211; medzin\u00e1rodn\u00fd kontroln\u00fd bod pre automobily Brusnichnoye) sa vytvorila dopravn\u00e1 z\u00e1pcha.<\/p>\n<p>\u201eNa pohrani\u010dn\u00fa stanicu Nujamaa je rad. V posledn\u00fdch t\u00fd\u017ed\u0148och tu \u017eiadne tak\u00e9to rady neboli, ale situ\u00e1cia sa nestala ru\u0161nej\u0161ou ako pred pand\u00e9miou. Pracovn\u00e1 z\u00e1\u0165a\u017e je vy\u0161\u0161ia ako minul\u00fd t\u00fd\u017ede\u0148, ale nie pr\u00edli\u0161 vysok\u00e1,\u201c uviedla pohrani\u010dn\u00e1 str\u00e1\u017e.<\/p>\n<p> 23. septembra f\u00ednske \u00farady informovali , \u017ee prezident Sauli Niinist\u00f6 a vl\u00e1da krajiny urobili z\u00e1sadn\u00e9 rozhodnutie v\u00fdrazne obmedzi\u0165 vstup Rusov a vyd\u00e1vanie v\u00edz.<\/p>\n<p>\u201ePrezident republiky a ministersk\u00fd v\u00fdbor vl\u00e1dy pre zahrani\u010dn\u00fa a bezpe\u010dnostn\u00fa politiku sa v piatok 23. septembra dohodli, \u017ee vl\u00e1da v z\u00e1sade prijme rozhodnutie o v\u00fdrazn\u00fdch obmedzeniach vstupu rusk\u00fdch ob\u010danov a vyd\u00e1vania v\u00edz z d\u00f4vodu v\u00e1\u017enych \u0161k\u00f4d. na medzin\u00e1rodn\u00fa poz\u00edciu\u201c uviedol \u00farad predsedu vl\u00e1dy.<\/p>\n<p>Od ak\u00e9ho d\u00e1tumu vst\u00fapi do platnosti a ak\u00e9 obmedzenia poskytuje, zatia\u013e nie je zn\u00e1me.<\/p>\n<p>Nemecko vyzvalo, aby prenechalo cestu Rusom, ktor\u00ed sa chc\u00fa dosta\u0165 do E\u00da. Z\u00e1stupca nemeckej vl\u00e1dy zd\u00f4raznil, \u017ee pre Rusov, ktor\u00ed sa nechc\u00fa z\u00fa\u010dastni\u0165 vojenskej oper\u00e1cie, by mali existova\u0165 sp\u00f4soby, ako cestova\u0165 do Nemecka a \u010fal\u0161\u00edch kraj\u00edn E\u00da.<\/p>\n<p> Nemecko je otvoren\u00e9 prij\u00edma\u0165 Rusov, ktor\u00ed chc\u00fa opusti\u0165 krajinu po vyhl\u00e1sen\u00ed \u010diasto\u010dnej mobiliz\u00e1cie. Pre tak\u00fdchto ob\u010danov je potrebn\u00e9 ponecha\u0165 sp\u00f4soby cestovania do Eur\u00f3pskej \u00fanie, uviedol hovorca nemeckej vl\u00e1dy Steffen Hebestrait.<\/p>\n<p>&#8220;Feder\u00e1lna vl\u00e1da je otvoren\u00e1 Rusom, ktor\u00ed chc\u00fa opusti\u0165 krajinu po \u010diasto\u010dnej mobiliz\u00e1cii,&#8221; povedal a ozna\u010dil to za &#8220;dobr\u00e9 znamenie&#8221;, \u017ee &#8220;ve\u013ea Rusov sa nechce z\u00fa\u010dastni\u0165&#8221; \u0161peci\u00e1lnej oper\u00e1cie na Ukrajine.<\/p>\n<p>Hebestrait poznamenal, \u017ee nemeck\u00e9 \u00farady v s\u00fa\u010dasnosti koordinuj\u00fa kroky s partnermi v E\u00da na postupn\u00e9 prij\u00edmanie tak\u00fdchto \u013eud\u00ed.<\/p>\n<p> O de\u0148 nesk\u00f4r nemeck\u00e1 ministerka vn\u00fatra Nancy Feserov\u00e1 uviedla, \u017ee Nemecko je za ur\u010dit\u00fdch okolnost\u00ed pripraven\u00e9 prija\u0165 Rusov utekaj\u00facich pred mobiliz\u00e1ciou. \u201eDezert\u00e9rom, ktor\u00fdm hrozia krut\u00e9 repres\u00e1lie, sa v Nemecku spravidla poskytuje medzin\u00e1rodn\u00e1 ochrana. Ka\u017ed\u00fd, kto sa odv\u00e1\u017ene postav\u00ed proti Putinovmu re\u017eimu, a preto sa vystav\u00ed najv\u00e4\u010d\u0161iemu nebezpe\u010denstvu, m\u00f4\u017ee po\u017eiada\u0165 o azyl v Nemecku na z\u00e1klade politick\u00e9ho prenasledovania\u201c.<\/p>\n<p>Minister spravodlivosti Marco Busman zase na svojom Twitteri nap\u00edsal: <\/p>\n<blockquote><p>\u201eJe zrejm\u00e9, \u017ee ve\u013ea Rusov op\u00fa\u0161\u0165a svoju vlas\u0165. Ka\u017ed\u00fd, kto miluje liber\u00e1lnu demokraciu, je v Nemecku v\u00edtan\u00fd.\u201c<\/p><\/blockquote>\n<h1>Rusom sa za\u010dala p\u00e1\u010di\u0165 liber\u00e1lna demokracia?<\/h1>\n","protected":false},"excerpt":{"rendered":"<p>Po\u010det Rusov, ktor\u00ed odi\u0161li do F\u00ednska po vyhl\u00e1seni mobiliz\u00e1cie. Ako je mo\u017en\u00e9, \u017ee rusk\u00fd odpad utek\u00e1 do nen\u00e1viden\u00e9ho NATO F\u00ednska? Po\u010det Rusov, ktor\u00ed odi\u0161li cez tri pozemn\u00e9 hrani\u010dn\u00e9 priechody sa 21. a 22. septembra v porovnan\u00ed s predch\u00e1dzaj\u00facimi d\u0148ami viac ako zdvojn\u00e1sobil. Rusi, ktor\u00ed utekaj\u00fa do F\u00ednska po vyhl\u00e1sen\u00ed mobiliz\u00e1cie Za posledn\u00e9 dva dni pre\u0161lo [&hellip;]<\/p>\n","protected":false},"author":1,"featured_media":0,"comment_status":"closed","ping_status":"open","sticky":false,"template":"","format":"standard","meta":{"footnotes":""},"categories":[5],"tags":[],"class_list":["post-27409","post","type-post","status-publish","format-standard","hentry","category-exo-news"],"_links":{"self":[{"href":"https:\/\/extraslovensko.sk\/spravy\/wp-json\/wp\/v2\/posts\/27409","targetHints":{"allow":["GET"]}}],"collection":[{"href":"https:\/\/extraslovensko.sk\/spravy\/wp-json\/wp\/v2\/posts"}],"about":[{"href":"https:\/\/extraslovensko.sk\/spravy\/wp-json\/wp\/v2\/types\/post"}],"author":[{"embeddable":true,"href":"https:\/\/extraslovensko.sk\/spravy\/wp-json\/wp\/v2\/users\/1"}],"replies":[{"embeddable":true,"href":"https:\/\/extraslovensko.sk\/spravy\/wp-json\/wp\/v2\/comments?post=27409"}],"version-history":[{"count":0,"href":"https:\/\/extraslovensko.sk\/spravy\/wp-json\/wp\/v2\/posts\/27409\/revisions"}],"wp:attachment":[{"href":"https:\/\/extraslovensko.sk\/spravy\/wp-json\/wp\/v2\/media?parent=27409"}],"wp:term":[{"taxonomy":"category","embeddable":true,"href":"https:\/\/extraslovensko.sk\/spravy\/wp-json\/wp\/v2\/categories?post=27409"},{"taxonomy":"post_tag","embeddable":true,"href":"https:\/\/extraslovensko.sk\/spravy\/wp-json\/wp\/v2\/tags?post=27409"}],"curies":[{"name":"wp","href":"https:\/\/api.w.org\/{rel}","templated":true}]}}