{"id":27568,"date":"2022-10-01T19:37:10","date_gmt":"2022-10-01T19:37:10","guid":{"rendered":"https:\/\/extraslovensko.sk\/spravy\/?p=27568"},"modified":"2022-10-01T19:37:10","modified_gmt":"2022-10-01T19:37:10","slug":"zahadne-aktivity-dronov-zaznamenana-aj-v-dansku","status":"publish","type":"post","link":"https:\/\/extraslovensko.sk\/spravy\/zahadne-aktivity-dronov-zaznamenana-aj-v-dansku\/","title":{"rendered":"Z\u00e1hadn\u00e9 aktivity dronov zaznamenan\u00e1 aj v D\u00e1nsku"},"content":{"rendered":"<p>Z\u00e1hadn\u00e9 aktivity dronov boli teraz pod\u013ea energetickej spolo\u010dnosti zaznamenan\u00e9 aj v D\u00e1nsku. Za\u010diatkom tohto t\u00fd\u017ed\u0148a n\u00f3rske \u00farady varovali, \u017ee okolo nieko\u013ek\u00fdch n\u00f3rskych plynov\u00fdch a ropn\u00fdch pol\u00ed v Severnom mori sa ned\u00e1vno vyrojili z\u00e1hadn\u00e9 drony. Teraz bola \u201eneopr\u00e1vnen\u00e1\u201c aktivita dronov pozorovan\u00e1 aj na d\u00e1nskom poli ropy a zemn\u00e9ho plynu Halfdan B, ktor\u00e9 sa nach\u00e1dza v Severnom mori a ktor\u00e9 prev\u00e1dzkuje spolo\u010dnos\u0165 TotalEnergies.<\/p>\n<h1>Z\u00e1hadn\u00e9 aktivity dronov zaznamenan\u00e1 aj v D\u00e1nsku<\/h1>\n<p>Z\u00e1hadn\u00fa aktivitu spozorovali v stredu \u2013 de\u0148 po \u00faniku plynu v Baltskom mori. Ekstra Bladet to potvrdzuje energetick\u00e1 spolo\u010dnos\u0165 TotalEnergies. \u201eM\u00f4\u017eeme potvrdi\u0165, \u017ee 28. septembra boli pozorovan\u00e9 nepovolen\u00e9 aktivity dronov na ropnom a plynovom poli Halfdan B v Severnom mori,\u201c hovor\u00ed tla\u010dov\u00e9 oddelenie TotalEnergies.<\/p>\n<p>V tejto s\u00favislosti energetick\u00e1 spolo\u010dnos\u0165 kontaktovala d\u00e1nske \u00farady. \u201ePodnikli sme potrebn\u00e9 kroky v s\u00falade s na\u0161imi bezpe\u010dnostn\u00fdmi postupmi a vedieme \u00fazky dial\u00f3g s \u00faradmi,\u201c uv\u00e1dza spolo\u010dnos\u0165, ktor\u00e1 v s\u00fa\u010dasnosti nem\u00f4\u017ee poskytn\u00fa\u0165 viac inform\u00e1ci\u00ed.<\/p>\n<p>Preto st\u00e1le nie je zn\u00e1me, ko\u013eko dronov bolo pozorovan\u00fdch na platforme Halfdan B a \u010do urobili. N\u00e1rodn\u00e1 pol\u00edcia m\u00f4\u017ee pre Ekstra Bladet potvrdi\u0165, \u017ee pol\u00edcia ju\u017en\u00e9ho a ju\u017en\u00e9ho Jutska dostala v stredu popoludn\u00ed ot\u00e1zku, \u017ee niektor\u00ed zamestnanci vrtnej plo\u0161iny Halfdan Bravo spozorovali dron v bl\u00edzkosti vrtnej plo\u0161iny sk\u00f4r v ten de\u0148.<\/p>\n<p>Pol\u00edcia udalos\u0165 vy\u0161etruje a moment\u00e1lne nem\u00f4\u017ee poskytn\u00fa\u0165 \u017eiadne \u010fal\u0161ie inform\u00e1cie. V N\u00f3rsku pozorovania dronov vy\u0161etruje pol\u00edcia, ozn\u00e1mila v utorok.<\/p>\n<p>Na z\u00e1klade spr\u00e1v sa zd\u00e1, \u017ee boli pozorovan\u00e9 r\u00f4zne drony. Pol\u00edcia dostala r\u00f4zne opisy. Inform\u00e1cie sledujeme a overujeme, povedal pre NRK ved\u00faci sekcie v juhoz\u00e1padnom policajnom obvode N\u00f3rska Amund Preede Revheim.<\/p>\n<p> Nie je zn\u00e1me, \u010di s\u00fa pozorovania n\u00f3rskych a d\u00e1nskych bezpilotn\u00fdch lietadiel spojen\u00e9 so s\u00fa\u010dasn\u00fdmi \u00fanikmi plynu v Baltskom mori, ale v utorok bolo jasn\u00e9, \u017ee n\u00e1rodn\u00fd kr\u00edzov\u00fd t\u00edm sa spojil, aby situ\u00e1ciu monitoroval.<\/p>\n<p>\u00daniky nemaj\u00fa \u017eiadne d\u00f4sledky na bezpe\u010dnos\u0165 dod\u00e1vok, v oblasti v\u0161ak hrozia v\u00fdbuchy. D\u00e1nska energetick\u00e1 agent\u00fara tie\u017e zis\u0165uje, ak\u00fd ve\u013ek\u00fd dopad bud\u00fa ma\u0165 \u00faniky na \u017eivotn\u00e9 prostredie v oblasti. Meracie stanice v D\u00e1nsku aj \u0160v\u00e9dsku zaznamenali v pondelok siln\u00e9 podvodn\u00e9 expl\u00f3zie v rovnakej oblasti ako \u00faniky. <\/p>\n<p>\u0160\u00e9f \u0161v\u00e9dskej n\u00e1rodnej seizmickej asoci\u00e1cie SNSN Bj\u00f6rn Lund hovor\u00ed, \u017ee \u201enie je poch\u00fdb o tom, \u017ee ide o expl\u00f3zie\u201c. D\u00e1nsky n\u00e1morn\u00fd \u00farad zriadil vyhraden\u00e9 z\u00f3ny. Lietadl\u00e1m je tie\u017e zak\u00e1zan\u00e9 lieta\u0165 pr\u00edli\u0161 bl\u00edzko k \u00fanikom. Nem\u00e1 to v\u0161ak vplyv na komer\u010dn\u00e9 lety. D\u00e1nska energetick\u00e1 agent\u00fara po\u017eiadala spolo\u010dnos\u0165 Energinet, ktor\u00e1 je okrem in\u00e9ho zodpovedn\u00e1 za sie\u0165 d\u00e1nskych plynovodov, o zv\u00fd\u0161enie \u00farovne pripravenosti a zv\u00fd\u0161enie bezpe\u010dnosti zariaden\u00ed, budov a in\u0161tal\u00e1ci\u00ed.<\/p>\n<hr>\n<p>Tieto kadejak\u00e9 neozna\u010den\u00e9 drony boli na programe minul\u00e9ho roku nad \u0160v\u00e9dskom, ke\u010f sa zrazu zjavili na jadrov\u00fdmi elektr\u00e1r\u0148ami a nebola to organiz\u00e1cia, ktor\u00e1 sa star\u00e1 o bezpe\u010dnos\u0165 prev\u00e1dzky elektr\u00e1rni. Ale potom sme u\u017e prestali p\u00e1tra\u0165 ako to skon\u010dilo.<\/p>\n<hr>\n<p>Kr\u00e1\u013eovsk\u00fd dom v D\u00e1nsku ozn\u00e1mil, \u017ee \u0161tyri deti princa Joachima, Felix, Nikolai, At\u00e9na a Henrik, sa od 1. janu\u00e1ra u\u017e nebud\u00fa vola\u0165 princ a princezn\u00e1, ale bud\u00fa sa vola\u0165 gr\u00f3f a gr\u00f3fka z Monpezatu. Pod\u013ea kr\u00e1\u013eovsk\u00e9ho domu je prianie kr\u00e1\u013eovnej Margrethe z\u00e1kladom rozhodnutia.<\/p>\n<p>Jej Veli\u010denstvo kr\u00e1\u013eovn\u00e1 si svoj\u00edm rozhodnut\u00edm \u017eel\u00e1 vytvori\u0165 r\u00e1mec pre \u0161tyri vn\u00fa\u010dat\u00e1, aby mohli formova\u0165 svoj vlastn\u00fd \u017eivot v ove\u013ea v\u00e4\u010d\u0161ej miere bez toho, aby ich obmedzovali osobitn\u00e9 \u00favahy a povinnosti, ktor\u00e9 form\u00e1lne pri\u010dlenenie ku Kr\u00e1\u013eovsk\u00e9mu domu in\u0161tit\u00facia implikuje\u201c, pre\u010d\u00edtajte si to v tla\u010dovej spr\u00e1ve.<\/p>\n<p>Toto rozhodnutie okam\u017eite prin\u00fatilo gr\u00f3fku Alexandru zareagova\u0165 a v zar\u00e1\u017eaj\u00facom vyhl\u00e1sen\u00ed dala pochopi\u0165, \u017ee deti sa c\u00edtia zo strany rodiny ostrakizovan\u00e9. Odvtedy princ Joachim aj princ Nikolai vysvetlili, \u017ee s\u00fa rozru\u0161en\u00ed a \u0161okovan\u00ed rozhodnut\u00edm kr\u00e1\u013eovnej.<\/p>\n<hr>\n<p>Toto je echt dobr\u00e9, lebo vieme, \u017ee v\u0161etky kr\u00e1\u013eovsk\u00e9 rody s\u00fa vlastne potomkami l\u00ednie Babylonsk\u00e9ho Marduka Anunnaki Nephilim. Jej Veli\u010denstvo kr\u00e1\u013eovn\u00e1 ve\u013emi dobre vie \u010do rob\u00ed, len sp\u00fasta \u013eud\u00ed nevie, pre\u010do. Dala im slobodu \ud83d\ude42<\/p>\n","protected":false},"excerpt":{"rendered":"<p>Z\u00e1hadn\u00e9 aktivity dronov boli teraz pod\u013ea energetickej spolo\u010dnosti zaznamenan\u00e9 aj v D\u00e1nsku. Za\u010diatkom tohto t\u00fd\u017ed\u0148a n\u00f3rske \u00farady varovali, \u017ee okolo nieko\u013ek\u00fdch n\u00f3rskych plynov\u00fdch a ropn\u00fdch pol\u00ed v Severnom mori sa ned\u00e1vno vyrojili z\u00e1hadn\u00e9 drony. Teraz bola \u201eneopr\u00e1vnen\u00e1\u201c aktivita dronov pozorovan\u00e1 aj na d\u00e1nskom poli ropy a zemn\u00e9ho plynu Halfdan B, ktor\u00e9 sa nach\u00e1dza v Severnom [&hellip;]<\/p>\n","protected":false},"author":1,"featured_media":0,"comment_status":"closed","ping_status":"open","sticky":false,"template":"","format":"standard","meta":{"footnotes":""},"categories":[5],"tags":[],"class_list":["post-27568","post","type-post","status-publish","format-standard","hentry","category-exo-news"],"_links":{"self":[{"href":"https:\/\/extraslovensko.sk\/spravy\/wp-json\/wp\/v2\/posts\/27568","targetHints":{"allow":["GET"]}}],"collection":[{"href":"https:\/\/extraslovensko.sk\/spravy\/wp-json\/wp\/v2\/posts"}],"about":[{"href":"https:\/\/extraslovensko.sk\/spravy\/wp-json\/wp\/v2\/types\/post"}],"author":[{"embeddable":true,"href":"https:\/\/extraslovensko.sk\/spravy\/wp-json\/wp\/v2\/users\/1"}],"replies":[{"embeddable":true,"href":"https:\/\/extraslovensko.sk\/spravy\/wp-json\/wp\/v2\/comments?post=27568"}],"version-history":[{"count":0,"href":"https:\/\/extraslovensko.sk\/spravy\/wp-json\/wp\/v2\/posts\/27568\/revisions"}],"wp:attachment":[{"href":"https:\/\/extraslovensko.sk\/spravy\/wp-json\/wp\/v2\/media?parent=27568"}],"wp:term":[{"taxonomy":"category","embeddable":true,"href":"https:\/\/extraslovensko.sk\/spravy\/wp-json\/wp\/v2\/categories?post=27568"},{"taxonomy":"post_tag","embeddable":true,"href":"https:\/\/extraslovensko.sk\/spravy\/wp-json\/wp\/v2\/tags?post=27568"}],"curies":[{"name":"wp","href":"https:\/\/api.w.org\/{rel}","templated":true}]}}