{"id":27627,"date":"2022-10-04T17:22:16","date_gmt":"2022-10-04T17:22:16","guid":{"rendered":"https:\/\/extraslovensko.sk\/spravy\/?p=27627"},"modified":"2022-10-04T17:22:16","modified_gmt":"2022-10-04T17:22:16","slug":"turecke-protiteroristicke-operacie-na-severe-iraku-nakup-stihaciek-dassault-rafale","status":"publish","type":"post","link":"https:\/\/extraslovensko.sk\/spravy\/turecke-protiteroristicke-operacie-na-severe-iraku-nakup-stihaciek-dassault-rafale\/","title":{"rendered":"Tureck\u00e9 protiteroristick\u00e9 oper\u00e1cie na severe Iraku, n\u00e1kup st\u00edha\u010diek Dassault Rafale"},"content":{"rendered":"<p>Tureck\u00e9 protiteroristick\u00e9 oper\u00e1cie na severe Iraku a n\u00e1kup st\u00edha\u010diek Dassault Rafale Irakom. Nebud\u00fa predsa nech\u00e1va\u0165 Erdogana robi\u0165 si \u010do chce na svojom \u00fazem\u00ed. \u010cas Ergogana sa aj tak bl\u00ed\u017ei ku koncu, lebo je to v\u00fdznamn\u00fd \u010dlen teroristickej slobodomur\u00e1skej l\u00f3\u017ee Hathor Penthapla v ktorej bol Bin L\u00e1din a \u0161ef ISIS Baghd\u00e1di.<\/p>\n<h1>Tureck\u00e9 protiteroristick\u00e9 PKK oper\u00e1cie na severe Iraku<br \/> n\u00e1kup st\u00edha\u010diek Dassault Rafale<\/h1>\n<p>Po\u017eiadavka Iraku na n\u00e1kup st\u00edha\u010diek Dassault Rafale z Franc\u00fazska zdvihne vo Washingtone obo\u010die. Par\u00ed\u017e sa zameriava na trh so zbra\u0148ami na Bl\u00edzkom v\u00fdchode a podp\u00edsal v\u00fdznamn\u00e9 dohody s Egyptom a Spojen\u00fdmi arabsk\u00fdmi emir\u00e1tmi \u2013 a teraz Irakom. V \u010dase rast\u00facej konkurencie v segmente lietadiel 4.5 \/ 5. gener\u00e1cie by franc\u00fazska dohoda s Irakom v\u00fdrazne zv\u00fd\u0161ila podiel a vplyv Iraku na r\u00fdchlo sa rozv\u00edjaj\u00facom trhu predaja bojov\u00fdch lietadiel.<\/p>\n<p>Okrem geopolitick\u00fdch riz\u00edk potenci\u00e1lneho predaja pre krehk\u00e9 region\u00e1lne mocensk\u00e9 rovnov\u00e1hy medzi Irakom a jeho bl\u00edzkymi rivalmi bude ma\u0165 Bagdadsk\u00e9 p\u00e1tranie po Rafales \u0161ir\u0161ie d\u00f4sledky na region\u00e1lnu bezpe\u010dnos\u0165 z technick\u00e9ho h\u013eadiska. Ak konfigur\u00e1cia zbra\u0148ov\u00fdch syst\u00e9mov lietadiel zah\u0155\u0148a rakety Meteory namiesto rakiet Mica, region\u00e1lna mocensk\u00e1 rovnov\u00e1ha sa m\u00f4\u017ee r\u00fdchlo zmeni\u0165 v prospech jedn\u00e9ho z najv\u00e4\u010d\u0161\u00edch spojencov Ir\u00e1nu \u2013 Iraku.<\/p>\n<p> Dohoda medzi Bagdadom a Par\u00ed\u017eom by preto sp\u00f4sobila zmenu paradigmy v politike boja proti terorizmu v k\u013e\u00fa\u010dovej krajine NATO v Tureckui S Rafales by Irak mohol odoprie\u0165 tureck\u00fdm pilotovan\u00fdm lietadl\u00e1m vstup do svojho vzdu\u0161n\u00e9ho priestoru a zablokova\u0165 prebiehaj\u00face protiteroristick\u00e9 oper\u00e1cie T\u00fcrkiye na severe Iraku.<\/p>\n<p>Po cel\u00e9 desa\u0165ro\u010dia bol boj proti Strane kurdsk\u00fdch pracuj\u00facich (PKK) a jej odno\u017eiam hlavnou agendou Turecka pre n\u00e1rodn\u00fa bezpe\u010dnos\u0165. Tureck\u00e1 protiteroristick\u00e1 kampa\u0148 sa v podstate s\u00fastre\u010fuje okolo dvoch hlavn\u00fdch pilierov. <\/p>\n<p>Prv\u00fdm je presadzovanie bezpe\u010dnosti hran\u00edc odstr\u00e1nen\u00edm \u00fakrytov PKK s\u00fastreden\u00fdch v severnej S\u00fdrii a Iraku, aby sa zabr\u00e1nilo obnovenej s\u00e9rii \u00fatokov v Turci. <\/p>\n<p>Druh\u00fdm je urobi\u0165 PKK a pridru\u017een\u00e9 organiz\u00e1cie ne\u00fa\u010dinn\u00fdmi. To sa opiera o rozsiahle spravodajsk\u00e9, sledovacie a prieskumn\u00e9 (ISR) \u010dinnosti a zameriavanie sa na vodcov v PKK, ako aj na prenosov\u00e9 trasy pre transfery zbran\u00ed do jednotiek \u013eudovej obrany (YPG), \u010do je odno\u017e PKK.<\/p>\n<p>Drony sa v t\u00fdchto oh\u013eadoch stali neoddelite\u013enou s\u00fa\u010das\u0165ou \u00fasilia tureckej spravodajskej slu\u017eby. Pre oba piliere s\u00fa k\u013e\u00fa\u010dov\u00e9 odborn\u00e9 znalosti tureck\u00fdch spravodajsk\u00fdch slu\u017eieb a presn\u00e9 schopnosti hlbok\u00e9ho \u00faderu. V \u010dasoch konfliktov, najm\u00e4 v asymetrick\u00fdch situ\u00e1ci\u00e1ch, m\u00f4\u017eu bezpilotn\u00e9 platformy zlep\u0161i\u0165 odolnos\u0165 a zn\u00ed\u017ei\u0165 rizik\u00e1 pre \u013eudsk\u00fd \u017eivot. <\/p>\n<p>Spoliehanie sa na bezpilotn\u00e9 syst\u00e9my tie\u017e poskytuje dodato\u010dn\u00fa minimaliz\u00e1ciu rizika pre tureck\u00e9 letectvo, preto\u017ee zajatie pilotov na nepriate\u013eskom \u00fazem\u00ed za hranicami Turecka zost\u00e1va ve\u013emi nebezpe\u010dn\u00e9.<\/p>\n<p>Po za\u010dat\u00ed s\u00fdrskej ob\u010dianskej vojny sa tureck\u00e9 protiteroristick\u00e9 oper\u00e1cie v oblasti presunuli na koncepciu oper\u00e1ci\u00ed (CONOPS), ktor\u00e1 bola zna\u010dne bezpilotn\u00e1, s cie\u013eom minimalizova\u0165 rizik\u00e1 a zn\u00ed\u017ei\u0165 straty person\u00e1lu. S\u00fdrsky vzdu\u0161n\u00fd priestor zost\u00e1va obzvl\u00e1\u0161\u0165 nebezpe\u010dnou z\u00f3nou a Turecko dokonca stratilo F-4 Phantom v prospech s\u00fdrskych arabsk\u00fdch s\u00edl protivzdu\u0161nej obrany u\u017e v roku 2012. <\/p>\n<p>V s\u00fa\u010dasnosti irack\u00e9 letectvo nem\u00f4\u017ee zastavi\u0165 tureck\u00e9 n\u00e1lety proti PKK. Scen\u00e1r, v ktorom irack\u00e9 letectvo lieta na Rafales s pokro\u010dil\u00fdmi raketami vzduch-vzduch, by v\u0161ak mohol by\u0165 ru\u0161iv\u00fdm faktorom v protiteroristickej strat\u00e9gii Ankary v severnom Iraku.<\/p>\n<p>Vzh\u013eadom na v\u0161estrannos\u0165 a bojmi overen\u00fd v\u00fdkon Rafales je ich preferencia v Iraku rozumn\u00e1. Rafale je skuto\u010dne sofistikovan\u00e9 lietadlo s vysok\u00fdm dopytom na Bl\u00edzkom v\u00fdchode, ako ilustruj\u00fa pr\u00edpady z Egypta a Emir\u00e1tov, kde sa obe krajiny rozhodli pre Rafales namiesto F-35. V pr\u00edpade Bagdadu v\u0161ak hlavn\u00fdm faktorom, ktor\u00fd pritla\u010dil Bagdad do n\u00e1ru\u010dia Par\u00ed\u017ea, bolo odmietnutie Washingtonu poskytn\u00fa\u0165 Bagdadu potrebn\u00fa mun\u00edciu na pln\u00e9 vyu\u017eitie jeho F-16.<\/p>\n<p>V s\u00fa\u010dasnosti m\u00e1 irack\u00e9 letectvo 34 kusov F-16. Z\u00e1padn\u00e9 spravodajsk\u00e9 slu\u017eby v\u0161ak tvrdia, \u017ee najmenej 10 z t\u00fdchto lietadiel je trvalo uzemnen\u00fdch z d\u00f4vodu nedostato\u010dnej \u00fadr\u017eby a vybavenia. To vytv\u00e1ra zranite\u013enos\u0165 irack\u00fdch vzdu\u0161n\u00fdch kapac\u00edt, \u010do br\u00e1ni Bagdadu plne sfunk\u010dni\u0165 svoje F-16. Po \u00fatoku na leteck\u00fa z\u00e1klad\u0148u Balad, ktor\u00e1 host\u00ed americk\u00fdch vojakov, v apr\u00edli 2020, Lockheed Martin a \u010fal\u0161ie ve\u013ek\u00e9 obrann\u00e9 spolo\u010dnosti stiahli svojich zamestnancov z Iraku. To preru\u0161ilo podporu a v\u00fdcvik Ira\u010danov v oblasti \u00fadr\u017eby.<\/p>\n<p>Preto, zatia\u013e \u010do jeho s\u00faperi r\u00fdchlo prech\u00e1dzali na rie\u0161enia 4.5  gener\u00e1cie, Irak naliehavo potreboval n\u00e1js\u0165 alternat\u00edvy k svojej starn\u00facej flotile. T\u00e1to potreba bola sp\u00f4soben\u00e1 najm\u00e4 strachom zo zaost\u00e1vania, ale \u010fal\u0161\u00edm v\u00fdznamn\u00fdm faktorom bol nedostatok certifikovanej mun\u00edcie, ktor\u00fa Washington poskytol Bagdadu. <\/p>\n<p>Celkovo vzat\u00e9, to, \u010do rob\u00ed zbra\u0148ov\u00fd syst\u00e9m skuto\u010dne efekt\u00edvnym, nie je len samotn\u00e1 platforma, ale aj konfigur\u00e1cia zbran\u00ed a senzorov, s ktor\u00fdmi prich\u00e1dza a ktor\u00e9 by Franc\u00fazsko mohlo by\u0165 ochotn\u00e9 poskytn\u00fa\u0165 Iraku.<\/p>\n<p>Par\u00ed\u017e u\u017e \u00faspe\u0161ne vst\u00fapil na obrann\u00fd trh na Bl\u00edzkom v\u00fdchode e\u0161te pred t\u00fdm, ako sa objavili zvesti o potenci\u00e1lnom obstar\u00e1van\u00ed Rafale v Iraku. V minulom roku Franc\u00fazsko predalo Rafales Egyp\u0165anom a Emir\u00e1tom, pri\u010dom Emir\u00e1ti si k\u00fapili celkovo rekordn\u00fdch 80 lietadiel. <\/p>\n<p>Potenci\u00e1lna franc\u00fazsko-irack\u00e1 dohoda by teda preh\u013abila u\u017e aj tak prominentn\u00fa stopu Franc\u00fazska v obrannom priemysle na Bl\u00edzkom v\u00fdchode. Region\u00e1lny trh so zbra\u0148ami, podporovan\u00fd rast\u00facim dopytom a rast\u00facim vn\u00edman\u00edm hrozieb, nem\u00e1 nedostatok kraj\u00edn, ktor\u00e9 sa obracaj\u00fa na alternat\u00edvne z\u00e1padn\u00e9 technol\u00f3gie uprostred pr\u00e1zdnoty, ktor\u00fa vytvorili USA.<\/p>\n<p>\u010eal\u0161\u00edm aspektom, ktor\u00fd rob\u00ed z Iraku obzvl\u00e1\u0161\u0165 pr\u00ed\u0165a\u017eliv\u00e9ho klienta pre Franc\u00fazsko, je jeho \u00fadajn\u00fd n\u00e1vrh zaplati\u0165 za svoje st\u00edha\u010dky ropou. Par\u00ed\u017e, zmrza\u010den\u00fd hroziacou ropnou kr\u00edzou, ktor\u00e1 sa podob\u00e1 \u0161oku v roku 1973, teraz naliehavo potrebuje n\u00e1js\u0165 alternat\u00edvu k ruskej energii. Jeho nov\u00fd z\u00e1kazn\u00edk, Irak, m\u00f4\u017ee poskytn\u00fa\u0165 rie\u0161enie.<\/p>\n<p>Z\u00edskanie Rafales v\u0161ak nie je magick\u00fdm rie\u0161en\u00edm vzdu\u0161nej prevahy. Faktorom, ktor\u00fd zmen\u00ed hru, bude v skuto\u010dnosti mun\u00edcia, ktor\u00e1 sprev\u00e1dza Rafales. Zatia\u013e \u010do dohoda zah\u0155\u0148aj\u00faca raketu stredn\u00e9ho doletu Mica nebude ma\u0165 drastick\u00fd vplyv na region\u00e1lnu mocensk\u00fa rovnov\u00e1hu, scen\u00e1r, ke\u010f Par\u00ed\u017e poskytne Bagdadu rakety Meteor, bude skuto\u010dn\u00fdm bodom obratu.<\/p>\n<blockquote><p>Z\u00edskanie rakiet Meteor mimo vizu\u00e1lneho dosahu (BVR) by znamenalo, \u017ee Irak z\u00edska vylep\u0161en\u00e9 \u00fadern\u00e9 schopnosti, ktor\u00e9 m\u00f4\u017eu zasiahnu\u0165 \u0161irok\u00fa \u0161k\u00e1lu cie\u013eov od bezpilotn\u00fdch ozbrojen\u00fdch vozidiel (UAV) a\u017e po riaden\u00e9 strely.  <\/p><\/blockquote>\n<p>Scen\u00e1r, kde irack\u00e9 Rafales pr\u00eddu s raketami Meteor, bude ma\u0165 dva drastick\u00e9 d\u00f4sledky.<\/p>\n<p> Po prv\u00e9, tak\u00e9to obstar\u00e1vanie by zmenilo mocensk\u00fa rovnov\u00e1hu medzi Izraelom a region\u00e1lnymi krajinami. Poskytnutie rakiet Meteor protivn\u00edkovi Tel Avivu, Iraku, by priamo podkopalo kvalitat\u00edvnu vojensk\u00fa v\u00fdhodu Izraela (QME) v regi\u00f3ne.<\/p>\n<p>Po druh\u00e9, vybavenie irack\u00e9ho letectva bojov\u00fdmi lietadlami Rafale a raketami Meteor by malo d\u00f4sledky na tureck\u00fa protiteroristick\u00fa politiku. V s\u00fa\u010dasnosti nem\u00e1 irack\u00e9 letectvo \u017eiadnu v\u00fdhodu oproti tureck\u00e9mu letectvu. To bude st\u00e1le plati\u0165, ak Turecko obstar\u00e1 moderniz\u00e1ciu F-16 z Washingtonu alebo sa rozhodne pre alternat\u00edvu. <\/p>\n<p>Scen\u00e1r, v ktorom sa Ankare nepodar\u00ed prejs\u0165 na vzdu\u0161n\u00fd boj 4.5. gener\u00e1cie alebo konfigur\u00e1ciu, ktor\u00e1 by zah\u0155\u0148ala rakety Meteor, potom poskytne Bagdadu jasn\u00fa v\u00fdhodu nad Ankarou. Vynikaj\u00face irack\u00e9 vzdu\u0161n\u00e9 kapacity by umo\u017enili Iraku odoprie\u0165 Turecku jeho n\u00e1rodn\u00fd vzdu\u0161n\u00fd priestor a zablokova\u0165 tureck\u00e9 oper\u00e1cie v severnom Iraku.<\/p>\n<p>Navy\u0161e, irack\u00e9 letectvo vybaven\u00e9 raketami Rafales a Meteor&#8217;s BVR by predstavovalo ve\u013ek\u00e9 riziko pre pilotovan\u00e9 lietadl\u00e1 T\u00fcrkiye. To by si vy\u017eadovalo rev\u00edziu protipovstaleckej strat\u00e9gie Turecka zah\u0155\u0148aj\u00facu prechod od rie\u0161en\u00ed s pos\u00e1dkou k bezpilotn\u00fdm technol\u00f3gi\u00e1m na vykon\u00e1vanie protiteroristick\u00fdch oper\u00e1ci\u00ed v severnom Iraku. <\/p>\n<p>V minulosti Turecko \u00faspe\u0161ne vykon\u00e1vala leteck\u00e9 oper\u00e1cie \u201ebez pos\u00e1dky\u201c a jej aktivity v S\u00fdrii s\u00fa ve\u013ek\u00fdm pr\u00edkladom. So sofistikovan\u00fdmi schopnos\u0165ami hlbok\u00e9ho \u00faderu, bojov\u00fdm n\u00e1kladom 1 350 ton a pokro\u010dil\u00fdmi radarmi by sa tureck\u00fd Baykar Ak\u0131nc\u0131 UCAV stal ve\u013emi vhodn\u00fdm prostriedkom pre bezpilotn\u00e9 protiteroristick\u00e9 aktivity T\u00fcrkiye. <\/p>\n<p>Preto\u017ee konfigur\u00e1cia zbran\u00ed Ak\u0131nc\u0131 m\u00f4\u017ee \u010doskoro zah\u0155\u0148a\u0165 vysoko presn\u00e9 rakety, ako je TRG-230, UCAV by bol schopn\u00fd prenikn\u00fa\u0165 cez vysokohodnotn\u00e9 ciele v severnom Iraku s minim\u00e1lnou chybou. T\u00e1to nov\u00e1 strat\u00e9gia by predstavovala potenci\u00e1lne vy\u0161\u0161iu mieru opotrebovania dronov Turecka, ale z\u00e1rove\u0148 by v\u00fdrazne minimalizovala \u013eudsk\u00e9 obete v jednom z najnepriate\u013eskej\u0161\u00edch ter\u00e9nov na svete.<\/p>\n","protected":false},"excerpt":{"rendered":"<p>Tureck\u00e9 protiteroristick\u00e9 oper\u00e1cie na severe Iraku a n\u00e1kup st\u00edha\u010diek Dassault Rafale Irakom. Nebud\u00fa predsa nech\u00e1va\u0165 Erdogana robi\u0165 si \u010do chce na svojom \u00fazem\u00ed. \u010cas Ergogana sa aj tak bl\u00ed\u017ei ku koncu, lebo je to v\u00fdznamn\u00fd \u010dlen teroristickej slobodomur\u00e1skej l\u00f3\u017ee Hathor Penthapla v ktorej bol Bin L\u00e1din a \u0161ef ISIS Baghd\u00e1di. Tureck\u00e9 protiteroristick\u00e9 PKK oper\u00e1cie na [&hellip;]<\/p>\n","protected":false},"author":1,"featured_media":0,"comment_status":"closed","ping_status":"open","sticky":false,"template":"","format":"standard","meta":{"footnotes":""},"categories":[5],"tags":[],"class_list":["post-27627","post","type-post","status-publish","format-standard","hentry","category-exo-news"],"_links":{"self":[{"href":"https:\/\/extraslovensko.sk\/spravy\/wp-json\/wp\/v2\/posts\/27627","targetHints":{"allow":["GET"]}}],"collection":[{"href":"https:\/\/extraslovensko.sk\/spravy\/wp-json\/wp\/v2\/posts"}],"about":[{"href":"https:\/\/extraslovensko.sk\/spravy\/wp-json\/wp\/v2\/types\/post"}],"author":[{"embeddable":true,"href":"https:\/\/extraslovensko.sk\/spravy\/wp-json\/wp\/v2\/users\/1"}],"replies":[{"embeddable":true,"href":"https:\/\/extraslovensko.sk\/spravy\/wp-json\/wp\/v2\/comments?post=27627"}],"version-history":[{"count":0,"href":"https:\/\/extraslovensko.sk\/spravy\/wp-json\/wp\/v2\/posts\/27627\/revisions"}],"wp:attachment":[{"href":"https:\/\/extraslovensko.sk\/spravy\/wp-json\/wp\/v2\/media?parent=27627"}],"wp:term":[{"taxonomy":"category","embeddable":true,"href":"https:\/\/extraslovensko.sk\/spravy\/wp-json\/wp\/v2\/categories?post=27627"},{"taxonomy":"post_tag","embeddable":true,"href":"https:\/\/extraslovensko.sk\/spravy\/wp-json\/wp\/v2\/tags?post=27627"}],"curies":[{"name":"wp","href":"https:\/\/api.w.org\/{rel}","templated":true}]}}