{"id":27796,"date":"2022-10-17T19:20:13","date_gmt":"2022-10-17T19:20:13","guid":{"rendered":"https:\/\/extraslovensko.sk\/spravy\/?p=27796"},"modified":"2022-10-17T19:20:13","modified_gmt":"2022-10-17T19:20:13","slug":"kanye-west-hrozi-zaciatkom-vojny-so-zidovskym-ludom-vojna-so-sabbateanskymi-frankistami","status":"publish","type":"post","link":"https:\/\/extraslovensko.sk\/spravy\/kanye-west-hrozi-zaciatkom-vojny-so-zidovskym-ludom-vojna-so-sabbateanskymi-frankistami\/","title":{"rendered":"Kanye West hroz\u00ed vojnou \u017eidom, vojna so sabbateansk\u00fdmi frankistami, rasista Trump a republik\u00e1ni"},"content":{"rendered":"<p>Kanye West hroz\u00ed vojnou asi v\u0161etk\u00fdm \u017eidom a ich n\u00e1rodu, ale vojna je so sabbateansk\u00fdmi frankistami! Trumpov dement Tucker Carlson vynalo\u017eil ve\u013ek\u00e9 \u00fasilie, aby ho predstavil a nazval ho  \u201eumelcom\u201c  a jeho kontroverzn\u00e9 tweet stormy op\u00edsal jednoducho ako \u201e reformovan\u00e9 pr\u00edspevky na soci\u00e1lnych sie\u0165ach \u201c a dokonca ho predstavil ako \u201e kres\u0165ansk\u00e9ho evanjelistu \u201c, ktor\u00e9mu sa podarilo vyda\u0165 pozit\u00edvnej\u0161ia a menej zn\u00e1ma str\u00e1nka rappera Tuckersovi preva\u017ene konzervat\u00edvnemu publiku. Podobne z Trumpa sa stal \u00fapln\u00fd rasista.<\/p>\n<h1>Kanye West hroz\u00ed za\u010diatkom vojny so \u017eidovsk\u00fdm \u013eudom<br \/> vojna so sabbateansk\u00fdmi frankistami<\/h1>\n<p>Ye, predt\u00fdm zn\u00e1my ako Kanye West, je v\u0161ak teraz n\u00e1hle pod pa\u013ebou kv\u00f4li antisemitsk\u00e9mu tweetu z nedele, v ktorom smutne povedal, \u017ee ide do vojny so \u017eidovsk\u00fdm n\u00e1rodom. Vo vymazanom Tweete Kanye nap\u00edsal:  \u201eDnes v noci som trochu ospal\u00fd, ale ke\u010f sa zobud\u00edm, idem death con 3 On JEWISH PEOPLE.\u201c<\/p>\n<p>Stalo sa to zhodou okolnost\u00ed po tom, \u010do sa Kanye dotkol svojho zdanlivo po\u0161kvrnen\u00e9ho vz\u0165ahu s Jaredom Kushnerom, ktor\u00e9ho po\u010das rozhovoru Tuckersa Carlsona ozna\u010dil za elit\u00e1ra, pri\u010dom tvrdil, \u017ee Kushner robil iba politick\u00e9 dohody, ktor\u00e9 by mu finan\u010dne prospeli, vr\u00e1tane mierov\u00fdch doh\u00f4d z Abraham Accords. <\/p>\n<p>S nie\u010d\u00edm, s \u010d\u00edm \u010diasto\u010dne s\u00fahlas\u00edm, ako si mysl\u00edm hovori Zagami, Kushner, postava, ktor\u00fa som v Trumpovej administrat\u00edve nikdy nemal r\u00e1d a man\u017eel Ivanky Trumpovej, ktor\u00fd sa verejne ozna\u010duje za modern\u00e9ho ortodoxn\u00e9ho \u017dida, je sk\u00f4r sabbateansk\u00fd frankista v prestrojen\u00ed, ako mnoh\u00ed \u201emodern\u00ed ortodoxn\u00ed \u017didia\u201c Kanye West hroz\u00ed novou vojnou \u017eidom.<\/p>\n<p>Heretick\u00e9 sabbate\u00e1nske \u017eidovsk\u00e9 n\u00e1bo\u017eensk\u00e9 hnutie zroden\u00e9 v 18. a 19. storo\u010d\u00ed je t\u00e9mou, o ktorej podrobnej\u0161ie p\u00ed\u0161e Zagami  v 4. aj 7. zv\u00e4zku   Confessions of an Illuminati,  aby vysvetlil t\u00fato kontroverzn\u00fa t\u00e9mu spojen\u00fa so zrodom Ilumin\u00e1tov<\/p>\n<p>Sabbatean Frankizmus sa s\u00fastre\u010fuje na odhalenia \u017eidovsk\u00e9ho mesi\u00e1\u0161a, ktor\u00fd si n\u00e1rokuje Sabbatai Zevi (1626\u20131676) a nesk\u00f4r vedenie jeho samozvanej reinkarn\u00e1cie Zeviho, Jacob Frank, ktor\u00fd \u017eil v rokoch 1726 a\u017e 1791. Toto heretick\u00e9 \u017eidovsk\u00e9 hnutie v tajnosti odmieta v\u0161etky \u017didovsk\u00e9 n\u00e1bo\u017eensk\u00e9 normy a ich vlastn\u00ed n\u00e1bo\u017eensk\u00ed vodcovia s\u00fa povinn\u00ed prekra\u010dova\u0165 \u010do najviac mor\u00e1lnych hran\u00edc. <\/p>\n<p>Z tohto d\u00f4vodu Kanye mus\u00ed \u0161tudova\u0165 t\u00fato t\u00e9mu predt\u00fdm, ako urob\u00ed vyhl\u00e1senia, ktor\u00e9 nevyhnutne zni\u010dia jeho kari\u00e9ru. <\/p>\n<p>Pred nieko\u013ek\u00fdmi d\u0148ami, po\u010das par\u00ed\u017eskeho t\u00fd\u017ed\u0148a m\u00f3dy, Kanye v sprievode svojej priate\u013eky Candace Owens tie\u017e odhalil kontroverzn\u00e9 tri\u010dko s jednoduch\u00fdm n\u00e1pisom \u201eWhite Lives Matter\u201c. Odozva \u013eavicovo ovl\u00e1dan\u00e9ho m\u00f3dneho priemyslu a medzin\u00e1rodn\u00fdch m\u00e9di\u00ed bola okam\u017eit\u00e1 a jednotn\u00e1 \u2013 \u0161ok, hr\u00f4za, hnev.<\/p>\n<p>\u201eNeexistuje na to \u017eiadne ospravedlnenie,\u201c hrom\u017eil  The New York Times.<\/p>\n<p>Z tohto d\u00f4vodu bolo stiahnutie bigotn\u00e9ho antisemitsk\u00e9ho pr\u00edspevku rappera jednoduchou v\u00fdzvou pre mafiu soci\u00e1lnych m\u00e9di\u00ed Twitter a Instagram v nede\u013eu, akcia \u201eTo by sa mohlo zmeni\u0165, ak by si Elon Musk a niektor\u00ed vodcovia GOP dali svoj sp\u00f4sob,\u201c nap\u00edsal The Washington Post, ale to nie je naozaj presn\u00e9, preto\u017ee Elon Musk, Kanyeho priate\u013e, prezradil, \u017ee hovoril s Kanye Westom o rapperovom antisemitskom tweete, ktor\u00fd \u00fadajne viedol k tomu, \u017ee jeho \u00fa\u010det na Twitteri bol v nede\u013eu zamknut\u00fd.<\/p>\n<p>Kanye vo svojom nesl\u00e1vne zn\u00e1mom Tweete tie\u017e dodal: \u201eVtipn\u00e9 je, \u017ee v skuto\u010dnosti nem\u00f4\u017eem by\u0165 antisemita, preto\u017ee \u010dernosi s\u00fa v skuto\u010dnosti tie\u017e \u017didia. Chlapci, pohr\u00e1vali ste sa so mnou a sna\u017eili ste sa vydiera\u0165 ka\u017ed\u00e9ho, kto je proti va\u0161ej agende.&#8221;<\/p>\n<p>Kanye zakon\u010dil svoj Tweet v\u00fdrokom \u201eNie s\u00fa to skuto\u010dn\u00ed \u017didia&#8230;\u201c s pod\u010diarknut\u00fdm \u201enie s\u00fa skuto\u010dn\u00ed \u017didia\u201c. S cit\u00e1tom z tweetu, ktor\u00fd povedal: &#8220;Nie som rasista, m\u00e1m r\u00e1d \u017didov.&#8221; Tweet, zdie\u013ean\u00fd v septembri 2020.<\/p>\n<blockquote><p>\u010cierna nadradenos\u0165 tvrd\u00ed, \u017ee \u010dernosi s\u00fa nadraden\u00ed v\u0161etk\u00fdm ostatn\u00fdm ras\u00e1m a \u017ee \u201ebieli\u201c \u017didia s\u00fa podvodn\u00edci<\/p><\/blockquote>\n<p>\u010cierna nadradenos\u0165 m\u00e1 korene v tom, \u010do sa naz\u00fdva \u201e\u010cierna vyvolenos\u0165\u201c, viera, \u017ee Afroameri\u010dania s\u00fa potomkami dvan\u00e1stich hebrejsk\u00fdch kme\u0148ov Izraela, ktor\u00e9 sa po zni\u010den\u00ed Izraelsk\u00e9ho kr\u00e1\u013eovstva usadili v Afrike a boli nakoniec predan\u00ed do otroctva po\u010das obchodov s otrokmi.<\/p>\n<p>Je tu Obamov priate\u013e Jay Z, ktor\u00fd sa uber\u00e1 smerom k nadvl\u00e1de \u010dernochov so svojimi \u0161ialen\u00fdmi presved\u010deniami spojen\u00fdmi s p\u00e4\u0165percentn\u00fdm n\u00e1rodom, vierou, \u017ee \u010dernosi s\u00fa otcovia a matky civiliz\u00e1cie a bieli mu\u017ei s\u00fa diabol, rovnako ako kres\u0165ansk\u00fd boh nie je ni\u010d viac ako duch.<\/p>\n<p>Kanye, vieme, \u017ee si m\u00fadrej\u0161\u00ed, tak\u017ee si pros\u00edm pred \u010fal\u0161\u00edm Tweetom pre\u0161tuduj knihy Zagamiho a mo\u017eno nepriate\u013ea zabije\u0161. <\/p>\n<p>Nech Boh pom\u00f4\u017ee Kanyemu alias Ye n\u00e1js\u0165 pravdu, preto\u017ee probl\u00e9mom nie s\u00fa \u017didia, ale ich vodcovia sabate\u00e1ni Franka.<\/p>\n<p>L.Z.<\/p>\n<hr>\n<p>Teraz sa aj z Trumpa stal \u00fapln\u00fd rasita svojim False flagom, \u017ee ho \u017eidia nepodporuj\u00fa \ud83d\ude42 Ale hlavu o izraelsk\u00fd m\u00farik si i\u0161iel otrieska\u0165, lebo potreboval podporu AIPACu. Ka\u017ed\u00fd USA prezident po zvoleni najprv predst\u00fapi pred AIPAC a s\u013e\u00fabi im podporu, lebo by ho in\u00e1\u010d vo falo\u0161n\u00fdch vo\u013eb\u00e1ch nezvolili.<\/p>\n<p>Za\u010d\u00edna sa \u0165a\u017ek\u00e9 obdobie pre \u017eidovsk\u00fd n\u00e1rod, ktor\u00e9 bude kulminova\u0165 v roku 2025, kedy bud\u00fa musie\u0165 zasiahnu\u0165 a\u017e Anunnaki Elohim. Je to v\u0161etko v\u00fdsledok nen\u00e1visti kres\u0165anov k \u017eidom. Falo\u0161n\u00e9 kres\u0165ansk\u00e9 n\u00e1bo\u017eenstvo v ktorom odp\u00fa\u0161\u0165a hriechy Boh far\u00e1r v spovedelnici. Nevideli ste e\u0161te \u017eiv\u00e9ho Boha? Chodte do kostola, tam je far\u00e1r, to je on, kadejak\u00fd samozvan\u00fd Boh \ud83d\ude42<\/p>\n","protected":false},"excerpt":{"rendered":"<p>Kanye West hroz\u00ed vojnou asi v\u0161etk\u00fdm \u017eidom a ich n\u00e1rodu, ale vojna je so sabbateansk\u00fdmi frankistami! Trumpov dement Tucker Carlson vynalo\u017eil ve\u013ek\u00e9 \u00fasilie, aby ho predstavil a nazval ho \u201eumelcom\u201c a jeho kontroverzn\u00e9 tweet stormy op\u00edsal jednoducho ako \u201e reformovan\u00e9 pr\u00edspevky na soci\u00e1lnych sie\u0165ach \u201c a dokonca ho predstavil ako \u201e kres\u0165ansk\u00e9ho evanjelistu \u201c, ktor\u00e9mu [&hellip;]<\/p>\n","protected":false},"author":1,"featured_media":0,"comment_status":"closed","ping_status":"open","sticky":false,"template":"","format":"standard","meta":{"footnotes":""},"categories":[5],"tags":[],"class_list":["post-27796","post","type-post","status-publish","format-standard","hentry","category-exo-news"],"_links":{"self":[{"href":"https:\/\/extraslovensko.sk\/spravy\/wp-json\/wp\/v2\/posts\/27796","targetHints":{"allow":["GET"]}}],"collection":[{"href":"https:\/\/extraslovensko.sk\/spravy\/wp-json\/wp\/v2\/posts"}],"about":[{"href":"https:\/\/extraslovensko.sk\/spravy\/wp-json\/wp\/v2\/types\/post"}],"author":[{"embeddable":true,"href":"https:\/\/extraslovensko.sk\/spravy\/wp-json\/wp\/v2\/users\/1"}],"replies":[{"embeddable":true,"href":"https:\/\/extraslovensko.sk\/spravy\/wp-json\/wp\/v2\/comments?post=27796"}],"version-history":[{"count":0,"href":"https:\/\/extraslovensko.sk\/spravy\/wp-json\/wp\/v2\/posts\/27796\/revisions"}],"wp:attachment":[{"href":"https:\/\/extraslovensko.sk\/spravy\/wp-json\/wp\/v2\/media?parent=27796"}],"wp:term":[{"taxonomy":"category","embeddable":true,"href":"https:\/\/extraslovensko.sk\/spravy\/wp-json\/wp\/v2\/categories?post=27796"},{"taxonomy":"post_tag","embeddable":true,"href":"https:\/\/extraslovensko.sk\/spravy\/wp-json\/wp\/v2\/tags?post=27796"}],"curies":[{"name":"wp","href":"https:\/\/api.w.org\/{rel}","templated":true}]}}