{"id":27843,"date":"2022-10-18T18:15:44","date_gmt":"2022-10-18T18:15:44","guid":{"rendered":"https:\/\/extraslovensko.sk\/spravy\/?p=27843"},"modified":"2022-10-18T18:15:44","modified_gmt":"2022-10-18T18:15:44","slug":"chybna-mobilizacia-a-unahlene-anexie-v-rusku","status":"publish","type":"post","link":"https:\/\/extraslovensko.sk\/spravy\/chybna-mobilizacia-a-unahlene-anexie-v-rusku\/","title":{"rendered":"Chybn\u00e1 mobiliz\u00e1cia a un\u00e1hlen\u00e9 anexie po\u0161kodili viac stabilitu v Rusku"},"content":{"rendered":"<p>Chybn\u00e1 mobiliz\u00e1cia a un\u00e1hlen\u00e9 anexie teda po\u0161kodili nielen stabilitu v Rusku. Vytvor\u00ed   mno\u017estvo zle vy\u0161kolen\u00fdch n\u00e1hradn\u00edkov na udr\u017eanie po\u010dtu. V  marci 2022 mali rusk\u00e9 jednotky nad ukrajinsk\u00fdmi silami prevahu 12:1. V Severodonecku mala rusk\u00e1 arm\u00e1da prevahu 7:1. A aj tak boli tieto jednotky schopn\u00e9 postupova\u0165 len s mas\u00edvnou delostreleckou podporou.<\/p>\n<h1>Zl\u00e1 mobiliz\u00e1cia a un\u00e1hlen\u00e9 anexie v Rusku po\u0161kodili viac stabilitu<\/h1>\n<p>Po druh\u00e9, s\u00fadiac pod\u013ea vyjadren\u00ed rusk\u00fdch predstavite\u013eov, k\u013e\u00fa\u010dov\u00e1 zmena nastala s pr\u00e1vnym statusom vojny. To so sebou prin\u00e1\u0161a zmeny v postoji ruskej spolo\u010dnosti ku konfliktu. Pozoruhodn\u00fdm pr\u00edkladom je zmena mzdov\u00e9ho syst\u00e9mu vojensk\u00e9ho person\u00e1lu. T\u00ed, ktor\u00ed bojuj\u00fa na ukrajinskom \u00fazem\u00ed, <strong>dost\u00e1vaj\u00fa teraz 180 000 rub\u013eov<\/strong>.<\/p>\n<p>A t\u00ed, ktor\u00ed sl\u00fa\u017eia na ruskom \u00fazem\u00ed, <strong>dost\u00e1vaj\u00fa iba 35 000 &#8211; 40 000 rub\u013eov<\/strong>. Tu vstupuje do hry pr\u00e1vna nuansa s referendami a ich ratifik\u00e1ciou. \u00dazemia bud\u00fa pova\u017eovan\u00e9 za s\u00fa\u010das\u0165 Ruska. V s\u00falade s t\u00fdm sa teraz zmen\u00ed finan\u010dn\u00e1 odmena za vojensk\u00fa slu\u017ebu v t\u00fdchto oblastiach, \u010do e\u0161te viac po\u0161kod\u00ed u\u017e aj tak n\u00edzku mor\u00e1lku rusk\u00fdch jednotiek.<\/p>\n<p>Hlavn\u00e1 ot\u00e1zka primeran\u00e9ho z\u00e1sobovania nov\u00fdch zamestnancov tie\u017e zost\u00e1va do zna\u010dnej miery nevyrie\u0161en\u00e1. Na mno\u017estve vide\u00ed je zrejm\u00e9, \u017ee v\u00e1\u017ene probl\u00e9my so z\u00e1sobovan\u00edm viedli k nedostatku uniforiem, brnen\u00ed a ka\u017edodenn\u00fdch potrieb. To v\u0161etko nazna\u010duje, \u017ee rusk\u00e1 arm\u00e1da nebola v\u00f4bec pripraven\u00e1 na mobiliz\u00e1ciu.<\/p>\n<p>\u010co teda Moskva d\u00fafa, \u017ee dosiahne? Na jednej strane sa Kreme\u013e sna\u017e\u00ed dosta\u0165 do poz\u00edcie, aby lep\u0161ie zvl\u00e1dal eskal\u00e1ciu na Ukrajine. Ale na druhej strane je Rusko n\u00faten\u00e9 uvies\u0165 svoje hrozby do reality. Absencia (resp. klasifik\u00e1cia) vo vyhl\u00e1\u0161ke presn\u00e9ho \u010d\u00edsla pre mobiliz\u00e1ciu poukazuje na to, \u017ee v skuto\u010dnosti i\u0161lo o vyhl\u00e1senie plnej mobiliz\u00e1cie.<\/p>\n<p>Pre ukrajinsk\u00e9 ozbrojen\u00e9 sily vznikn\u00fa probl\u00e9my jednoducho kv\u00f4li tomu, \u017ee nepriate\u013esk\u00e9 sily sa zv\u00e4\u010d\u0161uj\u00fa. \u00c1no, tieto jednotky bud\u00fa s najv\u00e4\u010d\u0161ou pravdepodobnos\u0165ou nevycvi\u010den\u00e9 a slabo vybaven\u00e9. Ale pr\u00edtomnos\u0165 prv\u00fdch mobilizovan\u00fdch jednotiek v Chersonskom smere do konca septembra 2022 nazna\u010duje, \u017ee Rusko tu chce kompenzova\u0165 svoje straty bez oh\u013eadu na sprievodn\u00e9 d\u00f4sledky.<\/p>\n<p>Kvalita mobilizovan\u00fdch bude jednozna\u010dne ni\u017e\u0161ia ako u tzv. \u201edobrovo\u013en\u00edckych pr\u00e1porov\u201c, ktor\u00e9 sa sformovali v 3. arm\u00e1dnom zbore. T\u00e1to jednotka poskytuje pr\u00edklad, ako sa bude s najv\u00e4\u010d\u0161ou pravdepodobnos\u0165ou vyv\u00edja\u0165 situ\u00e1cia s novo zmobilizovan\u00fdmi jednotkami. V kone\u010dnom d\u00f4sledku 3. arm\u00e1dny zbor zaznamenal nedostatok koordin\u00e1cie, logistick\u00e9 probl\u00e9my s druh\u00fdm sledom a \u00fapln\u00fd nedostatok z\u00e1kladn\u00e9ho v\u00fdcviku s \u201edobrovo\u013en\u00edckymi\u201c jednotkam.<\/p>\n<p>Od 28. septembra do 5. okt\u00f3bra bolo zaznamenan\u00fdch asi 30 letov \u0161tartuj\u00facich z Jekaterinburgu smeruj\u00facich na Ukrajinu. Lety prev\u00e1dzkovala spolo\u010dnos\u0165 Ural Airlines na zn\u00e1rodnen\u00fdch prenajat\u00fdch lietadl\u00e1ch. V\u0161etci postupovali pod\u013ea rovnak\u00e9ho vzoru: \u017eiadne in\u00e9 volacie zna\u010dky ako registra\u010dn\u00e9 \u010d\u00edsla lietadiel. V\u0161etky lety smerovali na v\u00fdchodn\u00fa Ukrajinu a zmizli po prekro\u010den\u00ed rieky Don. Spr\u00e1vy uv\u00e1dzaj\u00fa, \u017ee takto bolo presunut\u00fdch okolo 5 000 mobilizovan\u00fdch vojakov.<\/p>\n<p>V kone\u010dnom d\u00f4sledku je jasn\u00e9, \u017ee Moskva o\u010dak\u00e1va zopakovanie programu zosnulej sovietskej arm\u00e1dy, konkr\u00e9tne Strategickej obrannej iniciat\u00edvy. Uv\u00e1dzalo sa v \u0148om, \u017ee v\u010faka strat\u00e9gii \u201eskor\u00e9ho v\u00ed\u0165azstva\u201c boli Spojen\u00e9 \u0161t\u00e1ty schopn\u00e9 diktova\u0165 ak\u00e9ko\u013evek trvanie konven\u010dnej vojny.<\/p>\n<p>Zhruba by sa dal tak\u00fdto konflikt predstavi\u0165 nasledovne. Na za\u010diatku vojny by USA v\u010faka \u0161pi\u010dkov\u00fdm vysoko presn\u00fdm zbraniam \u201evyradili\u201c konven\u010dn\u00e9 sovietske \u00fato\u010dn\u00e9 zbrane (tanky, lietadl\u00e1, helikopt\u00e9ry a lode) bez toho, aby sa dotkli strategick\u00fdch jadrov\u00fdch s\u00edl. Potom pr\u00edde nie\u010do ako patov\u00e1 situ\u00e1cia. V tomto bode u\u017e Sovietsky zv\u00e4z nem\u00e1 schopnos\u0165 vies\u0165 rozsiahle \u00fato\u010dn\u00e9 akcie, ale st\u00e1le m\u00e1 obrovsk\u00fa arm\u00e1du schopn\u00fa vies\u0165 dlhodob\u00e9 obrann\u00e9 bitky. <\/p>\n<p>Na rozdiel od toho USA a ich spojenci nemaj\u00fa ani silu, ani chu\u0165 zmocni\u0165 sa nepriate\u013esk\u00e9ho \u00fazemia a zapoji\u0165 sa do vy\u010derp\u00e1vaj\u00facich bojov proti st\u00e1le siln\u00e9mu a po\u010detn\u00e9mu nepriate\u013eovi. Sovietsky zv\u00e4z potom vyu\u017eije svoju obrovsk\u00fa mobiliza\u010dn\u00fa kapacitu na v\u00fdrobu konven\u010dn\u00fdch zbran\u00ed a po\u0161le na front desa\u0165tis\u00edce nov\u00fdch tankov a lietadiel.<\/p>\n<p>Tak\u00e1to vojna m\u00f4\u017ee v z\u00e1sade trva\u0165 roky s r\u00f4znym stup\u0148om \u00faspechu. Paralelne so zv\u00fd\u0161enou produkciou vysoko presn\u00fdch zbran\u00ed v\u0161ak USA za\u010d\u00ednaj\u00fa prestavova\u0165 svoju obrovsk\u00fa vojnov\u00fa ekonomiku, aby vytvorili drviv\u00fa prevahu v konven\u010dn\u00fdch \u00fato\u010dn\u00fdch zbraniach. USA presved\u010divo demon\u0161trovali, ako sa to rob\u00ed po\u010das druhej svetovej vojny.<\/p>\n<p>Tu op\u00edsan\u00fd sp\u00f4sob vedenia vojny sa odohral pred na\u0161imi o\u010dami v posledn\u00fdch mesiacoch na Ukrajine a teraz dosahuje svoj vrchol. Videli sme, ako vysoko presn\u00e9 zbrane dod\u00e1van\u00e9 \u010dlenmi Severoatlantickej aliancie Ukrajine umo\u017enili nielen nahradi\u0165 zastaran\u00fd viacn\u00e1sobn\u00fd raketov\u00fd syst\u00e9m Vilkha, ale aj zlep\u0161i\u0165 situ\u00e1ciu na fronte. V d\u00f4sledku toho bola rusk\u00e1 arm\u00e1da n\u00faten\u00e1 stiahnu\u0165 \u010dasti svojich z\u00e1sobovac\u00edch l\u00edni\u00ed \u010falej od frontu, aby bola mimo dosahu ukrajinskej pa\u013eby.<\/p>\n<p>Dok\u00e1\u017ee v\u0161ak rusk\u00e1 ekonomika udr\u017ea\u0165 tento smer? Za posledn\u00fdch \u0161es\u0165 mesiacov sa v Rusku ve\u013ea b\u00farliv\u00fdch diskusi\u00ed venovalo probl\u00e9mom s masovou v\u00fdrobou modern\u00fdch zbran\u00ed a takzvanou \u201emobiliz\u00e1ciou priemyslu\u201c. Vojensk\u00ed propagandisti s extr\u00e9mne slab\u00fdm pochopen\u00edm problematiky po\u017eadovali bezpilotn\u00e9 lietadl\u00e1 (UAV), rakety, digit\u00e1lne komunika\u010dn\u00e9 syst\u00e9my, elektronick\u00fa optiku a \u201es\u00e9riov\u00fa v\u00fdrobu\u201c v\u0161etk\u00e9ho vy\u0161\u0161ie uveden\u00e9ho.<\/p>\n<p>Rusk\u00e1 obchodn\u00e1 a priemyseln\u00e1 komora ned\u00e1vno zverejnila dokument \u201ePrev\u00e1dzkov\u00e1 spr\u00e1va za janu\u00e1r \u2013 j\u00fan 2022\u201c, ktor\u00fd poskytuje komplexn\u00e9 inform\u00e1cie o stave viacer\u00fdch \u0161t\u00e1tnych programov. Osobitn\u00fa pozornos\u0165 treba venova\u0165 \u201erozvoju elektronick\u00e9ho a r\u00e1dioelektronick\u00e9ho priemyslu\u201c, ktor\u00fd pod\u013ea autorov patr\u00ed medzi programy s najni\u017e\u0161ou \u00farov\u0148ou produkcie \u2013 v tomto roku len asi 3,2 percenta. <\/p>\n<p>To nazna\u010duje, \u017ee priemysel, ktor\u00fd je rozhoduj\u00faci pre fungovanie ruskej arm\u00e1dy, je v hlbokej kr\u00edze kv\u00f4li \u201ere\u0161trikt\u00edvnym opatreniam\u201c. Rusk\u00e1 vl\u00e1da m\u00e1 prostriedky na financovanie sektora, no v tomto odvetv\u00ed u\u017e ch\u00fdba kvalifikovan\u00fd person\u00e1l a, \u010do je d\u00f4le\u017eitej\u0161ie, z\u00e1kladn\u00e9 high-tech komponenty, ktor\u00fdch je nedostatok.<\/p>\n<p>Rusk\u00fd priemysel (najm\u00e4 pre arm\u00e1du) bol v\u017edy z\u00e1visl\u00fd na dod\u00e1vkach zariaden\u00ed a komponentov z Eur\u00f3py a USA. A t\u00e1to z\u00e1vislos\u0165 nem\u00e1 \u017eiadnu skuto\u010dn\u00fa alternat\u00edvu. Situ\u00e1cia je teda ove\u013ea pochm\u00farnej\u0161ia, ako sa zd\u00e1: Kreme\u013e pl\u00e1nuje \u00fapln\u00fd nedostatok vybavenia potrebn\u00e9ho na fungovanie svojej kritickej infra\u0161trukt\u00fary. <\/p>\n<p>Nehovor\u00edme tu len o satelitoch a raket\u00e1ch, ale aj o nevyhnutn\u00fdch komponentoch pre hydrometeorologick\u00e9 centr\u00e1, ropn\u00fa a plyn\u00e1rensk\u00fa infra\u0161trukt\u00faru, riadiace miestnosti v jadrov\u00fdch elektr\u00e1r\u0148ach, \u017eeleznice, zdravotn\u00edcke vybavenie, z\u00e1klad\u0148ov\u00e9 stanice civiln\u00fdch komunika\u010dn\u00fdch syst\u00e9mov a zoznam pokra\u010duje \u2013 in\u00fdmi slovami o v\u0161etkom, \u010do zabezpe\u010duje z\u00e1kladn\u00e9 fungovanie Ruskej feder\u00e1cie.<\/p>\n<p>Takmer storo\u010die z\u00farila diskusia o tom, \u010di kolektiviz\u00e1cia Josifa Stalina bola predov\u0161etk\u00fdm aktom genoc\u00eddy namieren\u00fdm proti Ukrajincom, alebo snahou o zni\u010denie ro\u013en\u00edkov ako triedy \u2013 ktorej \u010dlenmi neboli v\u0161etci Ukrajinci. To, \u017ee Stalin obzvl\u00e1\u0161\u0165 nen\u00e1videl Ukrajincov a vydal rozkazy na ich tvrd\u00e9 zaobch\u00e1dzanie, aby zabezpe\u010dil, \u017ee zomieraj\u00fa viacer\u00ed, je teraz v\u0161eobecne akceptovan\u00e9, ale skuto\u010dnos\u0165, \u017ee v tomto procese zni\u010dil mili\u00f3ny Bielorusov, Kazachov a dokonca etnick\u00fdch Rusov, bola tie\u017e preuk\u00e1zan\u00e1 a rob\u00ed to. vysvetlenie obmedzen\u00e9 na etnick\u00fa pr\u00edslu\u0161nos\u0165 je neudr\u017eate\u013en\u00e9. <\/p>\n<p>Namiesto toho najrozumnej\u0161ie hodnotenie Stalinov\u00fdch \u010dinov je, \u017ee to bolo objekt genoc\u00eddy proti Ukrajincom, ako aj in\u00fdm n\u00e1rodom, a krok ur\u010den\u00fd na zni\u010denie ro\u013en\u00edkov ako triedy, aby neodolali jeho pl\u00e1nom na vykoris\u0165ovanie vidieckeho obyvate\u013estva na podporu industrializ\u00e1cie.<\/p>\n<p>Dnes prebieha analogick\u00e1 diskusia o tom, \u017ee v priebehu vojny rusk\u00e9ho prezidenta  KGb\u00e1ka Putina na Ukrajine, ako poukazuje \u010doraz v\u00e4\u010d\u0161\u00ed po\u010det pozorovate\u013eov, boli Nerusi zranen\u00ed ove\u013ea hor\u0161ie ako etnick\u00ed Rusi v pomere k ich popul\u00e1cii, aj ke\u010f presn\u00e9  \u0161tatistiky je \u0165a\u017ek\u00e9 n\u00e1js\u0165.<\/p>\n<blockquote><p>S\u00fa\u010dasn\u00e1 mobiliza\u010dn\u00e1 kampa\u0148 takmer ur\u010dite zn\u00ed\u017ei   rozdiely a prinesie vojnu domov etnick\u00fdm Rusom ove\u013ea sk\u00f4r, ako by Putin d\u00fafal.<\/p><\/blockquote>\n<p> Vzh\u013eadom na ve\u013ek\u00e9 straty v d\u00f4sledku vojny na Ukrajine, vr\u00e1tane \u00famrtia v boji a emigr\u00e1cie, niektor\u00ed predpokladaj\u00fa a\u017e 10-percentn\u00fd z\u00e1sah na mu\u017esk\u00fa popul\u00e1ciu v Ruskej feder\u00e1cii v nasleduj\u00facich mesiacoch. V kone\u010dnom d\u00f4sledku bude pre Kreme\u013e takmer nemo\u017en\u00e9 nahradi\u0165 t\u00fato stratu iba prostredn\u00edctvom Nerusov, a preto bude n\u00faten\u00fd zasahova\u0165 e\u0161te hlb\u0161ie medzi etnick\u00fdch Rusov. <\/p>\n<p>To bude ma\u0165 za n\u00e1sledok nielen blokovanie etnick\u00fdch Rusov v \u00fateku z krajiny, ale aj ich \u010doraz v\u00e4\u010d\u0161iu politiz\u00e1ciu, \u010do ich povedie k tomu, \u017ee sa v opoz\u00edcii vo\u010di vojne bud\u00fa spr\u00e1va\u0165 viac ako nerusi.<\/p>\n","protected":false},"excerpt":{"rendered":"<p>Chybn\u00e1 mobiliz\u00e1cia a un\u00e1hlen\u00e9 anexie teda po\u0161kodili nielen stabilitu v Rusku. Vytvor\u00ed mno\u017estvo zle vy\u0161kolen\u00fdch n\u00e1hradn\u00edkov na udr\u017eanie po\u010dtu. V marci 2022 mali rusk\u00e9 jednotky nad ukrajinsk\u00fdmi silami prevahu 12:1. V Severodonecku mala rusk\u00e1 arm\u00e1da prevahu 7:1. A aj tak boli tieto jednotky schopn\u00e9 postupova\u0165 len s mas\u00edvnou delostreleckou podporou. Zl\u00e1 mobiliz\u00e1cia a un\u00e1hlen\u00e9 anexie [&hellip;]<\/p>\n","protected":false},"author":1,"featured_media":0,"comment_status":"closed","ping_status":"open","sticky":false,"template":"","format":"standard","meta":{"footnotes":""},"categories":[5],"tags":[],"class_list":["post-27843","post","type-post","status-publish","format-standard","hentry","category-exo-news"],"_links":{"self":[{"href":"https:\/\/extraslovensko.sk\/spravy\/wp-json\/wp\/v2\/posts\/27843","targetHints":{"allow":["GET"]}}],"collection":[{"href":"https:\/\/extraslovensko.sk\/spravy\/wp-json\/wp\/v2\/posts"}],"about":[{"href":"https:\/\/extraslovensko.sk\/spravy\/wp-json\/wp\/v2\/types\/post"}],"author":[{"embeddable":true,"href":"https:\/\/extraslovensko.sk\/spravy\/wp-json\/wp\/v2\/users\/1"}],"replies":[{"embeddable":true,"href":"https:\/\/extraslovensko.sk\/spravy\/wp-json\/wp\/v2\/comments?post=27843"}],"version-history":[{"count":0,"href":"https:\/\/extraslovensko.sk\/spravy\/wp-json\/wp\/v2\/posts\/27843\/revisions"}],"wp:attachment":[{"href":"https:\/\/extraslovensko.sk\/spravy\/wp-json\/wp\/v2\/media?parent=27843"}],"wp:term":[{"taxonomy":"category","embeddable":true,"href":"https:\/\/extraslovensko.sk\/spravy\/wp-json\/wp\/v2\/categories?post=27843"},{"taxonomy":"post_tag","embeddable":true,"href":"https:\/\/extraslovensko.sk\/spravy\/wp-json\/wp\/v2\/tags?post=27843"}],"curies":[{"name":"wp","href":"https:\/\/api.w.org\/{rel}","templated":true}]}}