{"id":28064,"date":"2022-11-08T09:29:42","date_gmt":"2022-11-08T09:29:42","guid":{"rendered":"https:\/\/extraslovensko.sk\/spravy\/?p=28064"},"modified":"2022-11-08T09:29:42","modified_gmt":"2022-11-08T09:29:42","slug":"deti-najvyssich-ruskych-politikov-a-mobilizacia-na-ukrajinu","status":"publish","type":"post","link":"https:\/\/extraslovensko.sk\/spravy\/deti-najvyssich-ruskych-politikov-a-mobilizacia-na-ukrajinu\/","title":{"rendered":"Deti najvy\u0161\u0161\u00edch rusk\u00fdch politikov a mobiliz\u00e1cia na Ukrajinu"},"content":{"rendered":"<p>Deti najvy\u0161\u0161\u00edch rusk\u00fdch politikov zavesia telef\u00f3n, ke\u010f sa ich op\u00fdtaj\u00fa, \u010di bud\u00fa bojova\u0165 na Ukrajine. Zmie\u0161an\u00e1 reakcia na v\u00fdzvu novin\u00e1rov iba posledn\u00fd konflikt medzi r\u00e9torikou vysok\u00fdch \u00faradn\u00edkov a \u017eivotn\u00fdm \u0161t\u00fdlom ich potomkov. Mlad\u00ed synovia niektor\u00fdch z najmocnej\u0161\u00edch \u013eud\u00ed v Rusku boli umiestnen\u00ed na miesto a vyzvan\u00ed, \u010di by sa prihl\u00e1sili do boja na Ukrajine.<\/p>\n<h1>Deti najvy\u0161\u0161\u00edch politikov v Rusku a mobiliz\u00e1cia na Ukrajinu<\/h1>\n<p>Novin\u00e1ri z rusk\u00e9ho spravodajstva Vazhnye Istorii minul\u00fd t\u00fd\u017ede\u0148 zavolali asi desiatke synov a za\u0165ov politick\u00fdch \u0165a\u017ek\u00fdch v\u00e1h, \u010do mnoh\u00fdch prin\u00fatilo okam\u017eite zavesi\u0165, ke\u010f sa ich op\u00fdtali, \u010di odpovedia na v\u00fdzvu rusk\u00e9ho prezidenta Vladimira Putina.<\/p>\n<p>Viac ako 300 000 rusk\u00fdch mu\u017eov \u2013 najm\u00e4 z chudobnej\u0161\u00edch vidieckych oblast\u00ed \u2013 bolo povolan\u00fdch do arm\u00e1dy, aby posilnili vojnov\u00e9 \u00fasilie Krem\u013ea na Ukrajine, odkedy Putin v septembri ozn\u00e1mil za\u010diatok mobiliz\u00e1cie.<\/p>\n<p>Odvtedy v\u0161ak mnoh\u00ed z privilegovan\u00fdch synov elity krajiny na\u010falej \u017eili v luxuse, chv\u00e1lili sa dovolenkami do vzdialen\u00fdch destin\u00e1ci\u00ed a chv\u00e1lili sa svojou \u0161pi\u010dkovou fyzickou kond\u00edciou, aj ke\u010f pretrv\u00e1vali s\u0165a\u017enosti, \u017ee mu\u017ei pr\u00edli\u0161 star\u00ed alebo neschopn\u00ed bojova\u0165 boli poslan\u00ed pre\u010d. do predn\u00fdch l\u00edni\u00ed.<\/p>\n<p>Alexej Stolyarov \u2013 32-ro\u010dn\u00fd fitness bloger, ktor\u00e9ho svokrom je Sergej \u0160ojgu, rusk\u00fd minister obrany \u2013 bol na dovolenke v Nep\u00e1le, ke\u010f zdvihol telef\u00f3n novin\u00e1rom. Na ot\u00e1zku, \u010di p\u00f4jde bojova\u0165 na Ukrajinu, sa odmietol vyjadri\u0165.<\/p>\n<p>I\u013eja Medvedev (27), ktor\u00e9ho otec Dmitrij je b\u00fdval\u00fd prezident a podpredseda Bezpe\u010dnostnej rady Ruska, uviedol, \u017ee nedostal predvolanie, aby sa pripojil.<\/p>\n<p>Alexander Kolokolcev, 39-ro\u010dn\u00fd syn rusk\u00e9ho ministra vn\u00fatra, odmietol n\u00e1vrhy na dobrovo\u013en\u00edctvo, ale tvrdil, \u017ee by bol ochotn\u00fd \u00eds\u0165 na Ukrajinu, ak by ho povolali.<\/p>\n<p>\u201eAko rusk\u00fd vlastenec a ob\u010dan to budem v\u017edy br\u00e1ni\u0165,\u201c povedal. &#8220;Budem kona\u0165 zodpovedne a p\u00f4jdem, ak ma zavolaj\u00fa a zmobilizuj\u00fa.&#8221;<\/p>\n<p>Zaur Tsalikov (31), jeden z dvoch synov n\u00e1mestn\u00edka ministra obrany, odmietol n\u00e1vrhy, \u017ee by mal by\u0165 vyslan\u00fd na Ukrajinu.<\/p>\n<p>&#8220;Pre\u010do som dobrovo\u013ene ne\u0161iel?&#8221; sp\u00fdtal sa.<\/p>\n<p>\u201e\u010co m\u00e1m spolo\u010dn\u00e9 s ozbrojen\u00fdmi silami? S\u00fa tam vojensk\u00ed mu\u017ei, \u013eudia s vojensk\u00fdmi profesiami. \u017diadnu nem\u00e1m.&#8221;<\/p>\n<p>Synovia nieko\u013ek\u00fdch \u010fal\u0161\u00edch najvy\u0161\u0161\u00edch rusk\u00fdch predstavite\u013eov odmietli s novin\u00e1rmi priamo hovori\u0165.<\/p>\n<p>KGB\u00e1k, rozveden\u00fd otec dvoch dc\u00e9r, ktor\u00fdch identitu tajil, sa sna\u017eil vykresli\u0165 vojnu na Ukrajine ako existen\u010dn\u00fd boj medzi Ruskom a Z\u00e1padom o obranu tradi\u010dn\u00fdch rodinn\u00fdch hodn\u00f4t.<\/p>\n<p>Od za\u010diatku inv\u00e1zie 24. febru\u00e1ra sa rodinn\u00ed pr\u00edslu\u0161n\u00edci nieko\u013ek\u00fdch v\u00fdznamn\u00fdch rusk\u00fdch predstavite\u013eov vyslovili proti inv\u00e1zii alebo urobili v\u00e1gne vyhl\u00e1senia odsudzuj\u00face n\u00e1silie, \u010do zahanbilo ich rodi\u010dov, ktor\u00ed podporovali Putina.<\/p>\n<p>Liza Peskov\u00e1, dc\u00e9ra hovorcu Krem\u013ea Dmitrija Peskova, zverejnila na svojom Instagrame protivojnov\u00fd slogan de\u0148 po za\u010diatku inv\u00e1zie, no nesk\u00f4r v ten ist\u00fd de\u0148 ho vymazala.<\/p>\n<p>Peskov syn Nikolay sa nesk\u00f4r zdal by\u0165 obe\u0165ou \u017eartovn\u00e9ho telefon\u00e1tu, pri\u010dom volaj\u00faci vystupovali ako n\u00e1borov\u00fd \u00faradn\u00edk, ktor\u00fd mu nariadil, aby sa nasleduj\u00face r\u00e1no hl\u00e1sil na vojenskom komisari\u00e1te, v zjavnej snahe otestova\u0165 presved\u010denie, \u017ee deti vplyvn\u00fdch Rusov bud\u00fa schopn\u00fd vyhn\u00fa\u0165 sa prievanu.<\/p>\n<p>V auguste rusk\u00fd politik verejne ods\u00fadil svoju dc\u00e9ru ako \u201ezradcu\u201c za to, \u017ee sa vyjadrila proti inv\u00e1zii, pri\u010dom tvrdil, \u017ee sa od jej troch rokov nez\u00fa\u010dastnil na jej v\u00fdchove, a nazna\u010dil, \u017ee m\u00e1 psychick\u00e9 probl\u00e9my.<\/p>\n<p>Eduard Isakov povedal, \u017ee preru\u0161il vz\u0165ahy so svojou 25-ro\u010dnou dc\u00e9rou Dianou \u201eod chv\u00edle, ke\u010f som zistil, \u017ee m\u00e1 protirusk\u00fd postoj\u201c.<\/p>\n<p>Yaroslav Mironov, 44-ro\u010dn\u00fd syn Sergeja Mironova, vodcu jednej zo \u0161tyroch hlavn\u00fdch prokreme\u013esk\u00fdch str\u00e1n v Rusku, ods\u00fadil Kreme\u013e za to, \u017ee za\u010dal vojnu kr\u00e1tko po za\u010dat\u00ed inv\u00e1zie.<\/p>\n<p>Star\u0161\u00ed Mironov, ktor\u00fd je akt\u00edvny na soci\u00e1lnych sie\u0165ach oslavuj\u00facich to, \u010do naz\u00fdva oslobodenie Ukrajiny, povedal, \u017ee nem\u00f4\u017ee nies\u0165 zodpovednos\u0165 za n\u00e1zory svojho syna.<\/p>\n","protected":false},"excerpt":{"rendered":"<p>Deti najvy\u0161\u0161\u00edch rusk\u00fdch politikov zavesia telef\u00f3n, ke\u010f sa ich op\u00fdtaj\u00fa, \u010di bud\u00fa bojova\u0165 na Ukrajine. Zmie\u0161an\u00e1 reakcia na v\u00fdzvu novin\u00e1rov iba posledn\u00fd konflikt medzi r\u00e9torikou vysok\u00fdch \u00faradn\u00edkov a \u017eivotn\u00fdm \u0161t\u00fdlom ich potomkov. Mlad\u00ed synovia niektor\u00fdch z najmocnej\u0161\u00edch \u013eud\u00ed v Rusku boli umiestnen\u00ed na miesto a vyzvan\u00ed, \u010di by sa prihl\u00e1sili do boja na Ukrajine. Deti [&hellip;]<\/p>\n","protected":false},"author":1,"featured_media":0,"comment_status":"closed","ping_status":"open","sticky":false,"template":"","format":"standard","meta":{"footnotes":""},"categories":[5],"tags":[],"class_list":["post-28064","post","type-post","status-publish","format-standard","hentry","category-exo-news"],"_links":{"self":[{"href":"https:\/\/extraslovensko.sk\/spravy\/wp-json\/wp\/v2\/posts\/28064","targetHints":{"allow":["GET"]}}],"collection":[{"href":"https:\/\/extraslovensko.sk\/spravy\/wp-json\/wp\/v2\/posts"}],"about":[{"href":"https:\/\/extraslovensko.sk\/spravy\/wp-json\/wp\/v2\/types\/post"}],"author":[{"embeddable":true,"href":"https:\/\/extraslovensko.sk\/spravy\/wp-json\/wp\/v2\/users\/1"}],"replies":[{"embeddable":true,"href":"https:\/\/extraslovensko.sk\/spravy\/wp-json\/wp\/v2\/comments?post=28064"}],"version-history":[{"count":0,"href":"https:\/\/extraslovensko.sk\/spravy\/wp-json\/wp\/v2\/posts\/28064\/revisions"}],"wp:attachment":[{"href":"https:\/\/extraslovensko.sk\/spravy\/wp-json\/wp\/v2\/media?parent=28064"}],"wp:term":[{"taxonomy":"category","embeddable":true,"href":"https:\/\/extraslovensko.sk\/spravy\/wp-json\/wp\/v2\/categories?post=28064"},{"taxonomy":"post_tag","embeddable":true,"href":"https:\/\/extraslovensko.sk\/spravy\/wp-json\/wp\/v2\/tags?post=28064"}],"curies":[{"name":"wp","href":"https:\/\/api.w.org\/{rel}","templated":true}]}}