{"id":28070,"date":"2022-11-08T11:30:41","date_gmt":"2022-11-08T11:30:41","guid":{"rendered":"https:\/\/extraslovensko.sk\/spravy\/?p=28070"},"modified":"2022-11-08T11:30:41","modified_gmt":"2022-11-08T11:30:41","slug":"imran-khan-obvinuje-politickych-rivalov-z-utoku-zbranou","status":"publish","type":"post","link":"https:\/\/extraslovensko.sk\/spravy\/imran-khan-obvinuje-politickych-rivalov-z-utoku-zbranou\/","title":{"rendered":"Imran Khan obvi\u0148uje politick\u00fdch rivalov z \u00fatoku zbra\u0148ou"},"content":{"rendered":"<p>Pakistan na pokraji, ke\u010f Imran Khan obvi\u0148uje politick\u00fdch rivalov z \u00fatoku zbra\u0148ou. St\u00fapenci b\u00fdval\u00e9ho vodcu organizuj\u00fa ohniv\u00e9 protesty po tom, \u010do obvinil troch vl\u00e1dnych predstavite\u013eov z \u00fadajn\u00e9ho pokusu o atent\u00e1t. Pakistan sk\u013azol smerom k v\u00e1\u017enym politick\u00fdm nepokojom, ke\u010f Imran Khan zdvojn\u00e1sobil svoje tvrdenie, \u017ee za sprisahan\u00edm jeho zabitia stoj\u00ed premi\u00e9r krajiny.<\/p>\n<h1>Imran Khan obvi\u0148uje politick\u00fdch rivalov z \u00fatoku zbra\u0148ou<\/h1>\n<p>Vo svojom prvom prejave od pre\u017eitia zjavn\u00e9ho pokusu o atent\u00e1t, ke\u010f viedol svojich priaznivcov do Islamab\u00e1du, aby po\u017eadovali pred\u010dasn\u00e9 vo\u013eby, b\u00fdval\u00fd vodca uviedol, \u017ee \u00fatok zosnoval Shehbaz Sharif .<\/p>\n<p>Obvinil tie\u017e Ranu Sanaullaha, ministra vn\u00fatra krajiny, a gener\u00e1lmajora Faisala Naseera, vysok\u00e9ho predstavite\u013ea ob\u00e1vanej spravodajskej agent\u00fary v krajine.<\/p>\n<p>&#8220;T\u00edto traja sa ma rozhodli zabi\u0165,&#8221; povedal p\u00e1n Khan a dodal, \u017ee v tom boli dvaja ozbrojenci.<\/p>\n<p>B\u00fdval\u00fd medzin\u00e1rodn\u00fd kapit\u00e1n kriketu odmietol video zverejnen\u00e9 pakistanskou pol\u00edciou, v ktorom \u00fadajn\u00fd \u00fato\u010dn\u00edk tvrdil, \u017ee strelil p\u00e1na Khana, preto\u017ee urazil islamsk\u00e9 c\u00edtenie, s t\u00fdm, \u017ee ide o z\u00e1sterku pre zriadenie krajiny.<\/p>\n<p>Ke\u010f jeho priaznivci organizovali protesty v mest\u00e1ch po celej krajine, objavil sa p\u00e1n Khan na kol\u00edznom kurze s v\u0161emocnou pakistanskou arm\u00e1dou. Pakistansk\u00e1 arm\u00e1da v piatok ozn\u00e1mila, \u017ee na neho vznesie obvinenie z ohov\u00e1rania.<\/p>\n<p>Hovorca povedal: \u201eNepodlo\u017een\u00e9 a nezodpovedn\u00e9 obvinenia predsedu PTI [politickej strany p\u00e1na Khana] vo\u010di in\u0161tit\u00facii a najm\u00e4 vysok\u00e9mu arm\u00e1dnemu d\u00f4stojn\u00edkovi s\u00fa absol\u00fatne neprijate\u013en\u00e9 a zbyto\u010dn\u00e9.<\/p>\n<p>&#8220;Nikomu nebude dovolen\u00e9 beztrestne o\u010dier\u0148ova\u0165 in\u0161tit\u00faciu alebo jej vojakov.&#8221;<\/p>\n<p>P\u00e1n Khan tie\u017e tvrdil, \u017ee o \u00fadajnom atent\u00e1te vedel vopred v\u010faka kontaktom, ktor\u00e9 nadviazal po\u010das p\u00f4sobenia vo funkcii premi\u00e9ra.<\/p>\n<p>\u201eAko som to zistil? Insideri mi povedali,\u201c povedal. &#8220;De\u0148 pred Wazirabadom urobili pl\u00e1n zabi\u0165 ma, ke\u010f videli, ako sa zvy\u0161uje po\u010det \u013eud\u00ed, ktor\u00ed pou\u017e\u00edvaj\u00fa skript n\u00e1bo\u017eensk\u00e9ho extr\u00e9mizmu.&#8221; Strana PTI zverejnila r\u00f6ntgenov\u00fa sn\u00edmku, ktor\u00e1 \u00fadajne ukazuje \u010drepiny gu\u013eky uviaznutej v jeho nohe.<\/p>\n<p>\u00datok na konvoj p\u00e1na Khana zabil jedn\u00e9ho mu\u017ea a zranil najmenej 10, \u010do v\u00fdrazne zv\u00fd\u0161ilo st\u00e1vku v politickej kr\u00edze, ktor\u00e1 zachv\u00e1tila juho\u00e1zijsk\u00fd n\u00e1rod od jeho zvrhnutia v apr\u00edli. Po\u010das svojho nemocni\u010dn\u00e9ho prejavu p\u00e1n Khan vyzval svojich priaznivcov , aby vy\u0161li do ul\u00edc, a povedal, \u017ee ke\u010f sa jeho zdravotn\u00fd stav zlep\u0161\u00ed, p\u00f4jde s nimi na pochod do hlavn\u00e9ho mesta Islamabad.<\/p>\n<p>Vo Wazirabade, meste 179 m\u00ed\u013e ju\u017ene od Islamabadu, sa niektor\u00ed priaznivci zhroma\u017edili na mieste, kde bol zranen\u00fd p\u00e1n Khan, a vyzvali b\u00fdval\u00e9ho premi\u00e9ra, aby pokra\u010doval v pochode.<\/p>\n<p>&#8220;Ned\u00e1 sa to zastavi\u0165. \u013dudia s\u00fa ve\u013emi nahnevan\u00ed. Bude to intenz\u00edvnej\u0161ie,\u201c povedal agent\u00fare Reuters Ansar Bashir (40), podporovate\u013e, ktor\u00fd bol svedkom stre\u013eby, ke\u010f dr\u017eal vlajku PTI.<\/p>\n<p>V Lahore, kde bol p\u00e1n Khan o\u0161etren\u00fd v nemocnici, ve\u013ek\u00e9 skupiny demon\u0161trantov p\u00e1lili pneumatiky a blokovali cesty. Niektor\u00ed pod\u013ea svedkov h\u00e1dzali kamene na br\u00e1nu \u00faradu guvern\u00e9ra provincie Pand\u017e\u00e1b, \u010d\u00edm zni\u010dili bezpe\u010dnostn\u00e9 kamery a z\u00e1brany. Podporovatelia p\u00e1na Ch\u00e1na tie\u017e zablokovali cesty v severoz\u00e1padnom meste Pe\u0161\u00e1var, zatia\u013e \u010do miestne telev\u00edzne kan\u00e1ly uk\u00e1zali pol\u00edcii, ako pou\u017eila slzn\u00fd plyn na rozohnanie demon\u0161trantov v Islamabade a ju\u017enom meste Kar\u00e1\u010d\u00ed.<\/p>\n<h2>Odborn\u00edci varovali, \u017ee Pakistan smeruje k hlb\u0161\u00edm nepokojom.<\/h2>\n<p>\u201eUr\u010dite smerujeme k politick\u00e9mu chaosu,\u201c povedal Mazhar Abbas, popredn\u00fd pakistansk\u00fd politick\u00fd analytik. &#8220;S\u00fa\u010dasn\u00e9 protestn\u00e9 demon\u0161tr\u00e1cie a reakcia pol\u00edcie by mohli vies\u0165 k \u010fal\u0161iemu n\u00e1siliu.&#8221;<\/p>\n<p>P\u00e1n Khan bol odvolan\u00fd z funkcie hlasovan\u00edm o ned\u00f4vere v apr\u00edli, no zachov\u00e1va si obrovsk\u00fa podporu. V roku 2018 ho na protikorup\u010dnej platforme zvolili k moci voli\u010di unaven\u00ed dynastickou politikou. Jeho zl\u00e9 zaobch\u00e1dzanie s ekonomikou a nezhoda s arm\u00e1dou obvinenou z napom\u00e1hania jeho vzostupu v\u0161ak spe\u010datili jeho osud.<\/p>\n<p>Odvtedy kritizoval establi\u0161ment a vl\u00e1du p\u00e1na Sharifa, ktor\u00e1 bola pod\u013ea neho Pakistanu vn\u00faten\u00e1 \u201esprisahan\u00edm\u201c zah\u0155\u0148aj\u00facim Spojen\u00e9 \u0161t\u00e1ty. Cel\u00e9 mesiace si p\u00e1ni Khan a Sharif vymie\u0148ali ostr\u00e9 obvinenia z korupcie a nekompetentnosti, \u010d\u00edm zv\u00fd\u0161ili politick\u00fa teplotu v krajine, ktor\u00e1 je \u010dasto v bode varu.<\/p>\n<p>Dr Gareth Price, ved\u00faci v\u00fdskumn\u00fd pracovn\u00edk v Chatham House, povedal: \u201ePredt\u00fdm to bol skuto\u010dn\u00fd chaos a teraz je to e\u0161te hor\u0161ie. In\u0161tit\u00facia zjavne chce, aby odi\u0161iel.&#8221; <\/p>\n<hr>\n<p>Pakistan si skoro nikto nev\u0161\u00edma a to je probl\u00e9m, lebo pod\u013ea Anunnaki Kodu videnia bud\u00facnosti, sa m\u00e1 Islamabad sta\u0165 hlavn\u00fdm mesto sveta islamu. Rok 2025 &#8211; Vojensk\u00e1 aliancia medzi Pakistanom, Malajziou, Indon\u00e9ziou a 29 moslimsk\u00fdmi krajinami zmen\u00ed svet vojenskej, jadrovej, obchodnej a mierovej rovnov\u00e1hy. <\/p>\n<p>Islam zjednot\u00ed v\u0161etk\u00fdch moslimov a nieko\u013eko islamsk\u00fdch kraj\u00edn z\u00edska at\u00f3mov\u00fa bombu. Moslimovia v Eur\u00f3pe bud\u00fa tvori\u0165 72 % franc\u00fazskej popul\u00e1cie, 64 % \u0161kandin\u00e1vskych kraj\u00edn a 91 % africk\u00e9ho kontinentu.<\/p>\n","protected":false},"excerpt":{"rendered":"<p>Pakistan na pokraji, ke\u010f Imran Khan obvi\u0148uje politick\u00fdch rivalov z \u00fatoku zbra\u0148ou. St\u00fapenci b\u00fdval\u00e9ho vodcu organizuj\u00fa ohniv\u00e9 protesty po tom, \u010do obvinil troch vl\u00e1dnych predstavite\u013eov z \u00fadajn\u00e9ho pokusu o atent\u00e1t. Pakistan sk\u013azol smerom k v\u00e1\u017enym politick\u00fdm nepokojom, ke\u010f Imran Khan zdvojn\u00e1sobil svoje tvrdenie, \u017ee za sprisahan\u00edm jeho zabitia stoj\u00ed premi\u00e9r krajiny. Imran Khan obvi\u0148uje politick\u00fdch [&hellip;]<\/p>\n","protected":false},"author":1,"featured_media":0,"comment_status":"closed","ping_status":"open","sticky":false,"template":"","format":"standard","meta":{"footnotes":""},"categories":[5],"tags":[],"class_list":["post-28070","post","type-post","status-publish","format-standard","hentry","category-exo-news"],"_links":{"self":[{"href":"https:\/\/extraslovensko.sk\/spravy\/wp-json\/wp\/v2\/posts\/28070","targetHints":{"allow":["GET"]}}],"collection":[{"href":"https:\/\/extraslovensko.sk\/spravy\/wp-json\/wp\/v2\/posts"}],"about":[{"href":"https:\/\/extraslovensko.sk\/spravy\/wp-json\/wp\/v2\/types\/post"}],"author":[{"embeddable":true,"href":"https:\/\/extraslovensko.sk\/spravy\/wp-json\/wp\/v2\/users\/1"}],"replies":[{"embeddable":true,"href":"https:\/\/extraslovensko.sk\/spravy\/wp-json\/wp\/v2\/comments?post=28070"}],"version-history":[{"count":0,"href":"https:\/\/extraslovensko.sk\/spravy\/wp-json\/wp\/v2\/posts\/28070\/revisions"}],"wp:attachment":[{"href":"https:\/\/extraslovensko.sk\/spravy\/wp-json\/wp\/v2\/media?parent=28070"}],"wp:term":[{"taxonomy":"category","embeddable":true,"href":"https:\/\/extraslovensko.sk\/spravy\/wp-json\/wp\/v2\/categories?post=28070"},{"taxonomy":"post_tag","embeddable":true,"href":"https:\/\/extraslovensko.sk\/spravy\/wp-json\/wp\/v2\/tags?post=28070"}],"curies":[{"name":"wp","href":"https:\/\/api.w.org\/{rel}","templated":true}]}}