{"id":28141,"date":"2022-12-01T21:19:07","date_gmt":"2022-12-01T21:19:07","guid":{"rendered":"https:\/\/extraslovensko.sk\/spravy\/?p=28141"},"modified":"2022-12-01T21:19:07","modified_gmt":"2022-12-01T21:19:07","slug":"urobme-ludi-aby-vyzerali-ako-my-genesis-126","status":"publish","type":"post","link":"https:\/\/extraslovensko.sk\/spravy\/urobme-ludi-aby-vyzerali-ako-my-genesis-126\/","title":{"rendered":"Urobme \u013eud\u00ed, aby vyzerali ako my, Genesis 1:26"},"content":{"rendered":"<p>Genesis 1:26 Urobme   \u013eud\u00ed, aby vyzerali ako my \u2013 na n\u00e1\u0161 obraz a podobu? Paul Wallis: Pozn\u00e1mky pod \u010diarou v mojej Biblii v Novom Jeruzaleme hovoria: \u201eObraz je konkr\u00e9tny pojem, ktor\u00fd nazna\u010duje fyzick\u00fa podobnos\u0165 \u2013 ako t\u00e1 medzi Adamom a jeho synom.\u201c Tak\u017ee tieto elohim s\u00fa mno\u017en\u00e9, kreat\u00edvne a fyzick\u00e9? o \u010do ide?<\/p>\n<h1>Urobme \u013eud\u00ed, aby vyzerali ako my, Genesis 1:26<\/h1>\n<p>Genesis 2:10\u201314 Rieka, ktor\u00e1 zalievala z\u00e1hradu, tiekla z Edenu; odtia\u013e sa rozdelila na \u0161tyri pramene. Meno prv\u00e9ho je Pi\u0161on; vinie sa celou krajinou Havila, kde je zlato. Zlato tej zeme je dobr\u00e9. Nech\u00fdba ani aromatick\u00e1 \u017eivica a \u00f3nyx. Meno druhej rieky je Gihon; vinie sa celou krajinou K\u00fa\u0161. N\u00e1zov tretej rieky je Tigris; vedie pozd\u013a\u017e v\u00fdchodnej strany A\u0161\u00faru. A \u0161tvrt\u00e1 rieka je Eufrat. (NIV)<\/p>\n<p>Ak niekde v Edene \u013eudia dostali z\u00e1hradu na uspokojenie v\u0161etk\u00fdch svojich potrieb, pre\u010do mi Biblia hovor\u00ed geografick\u00fa polohu k\u013e\u00fa\u010dov\u00fdch lo\u017e\u00edsk nerastov \u2013 Havilah pre zlato, \u017eivicu a \u00f3nyx \u2013 a zlato je vysokej kvality. Kto ich potrebuje? Ako je to relevantn\u00e9?<\/p>\n<p>Genezis 2:17&#8230;ale nesmie\u0161 jes\u0165 zo stromu poznania dobra a zla, lebo ke\u010f z neho bude\u0161 jes\u0165, istotne zomrie\u0161. (NIV)<\/p>\n<p>Ako je poznanie dobra a zla pre \u013eud\u00ed zl\u00e9? Ak Boh chcel, aby \u013eudia boli schopn\u00ed slobodnej vo\u013eby a l\u00e1sky, potom je tento druh mor\u00e1lneho uvedomenia absol\u00fatne nevyhnutn\u00fd. Ak \u013eudia nie s\u00fa schopn\u00ed rozl\u00ed\u0161i\u0165 dobro od zla, ako si potom m\u00f4\u017eu vybra\u0165 dobro alebo by\u0165 vinn\u00ed, ak si zvolia zlo?<\/p>\n<p>Iste, ak mu\u017e a \u017eena nemaj\u00fa \u017eiadne mor\u00e1lne povedomie, potom ich Boh priviedol k ne\u00faspechu. M\u00f4\u017eu len zlyha\u0165. A ak zlyhaj\u00fa, ako ich m\u00f4\u017ee bra\u0165 na zodpovednos\u0165? to ned\u00e1va zmysel. Navy\u0161e, ako m\u00f4\u017ee by\u0165 smr\u0165 spravodliv\u00fdm trestom od miluj\u00faceho Boha? Nepasuje to do \u201ezlo\u010dinu\u201c. S t\u00fdm obr\u00e1zkom nie\u010do nie je v poriadku.<\/p>\n<p>Genesis 2:21 \u010clovek teda pomenoval v\u0161etok dobytok, nebesk\u00e9 vt\u00e1ctvo a v\u0161etku div\u00fa zver. Pre Adama sa v\u0161ak nena\u0161iel vhodn\u00fd pomocn\u00edk. A tak P\u00e1n Boh sp\u00f4sobil, \u017ee \u010dlovek upadol do hlbok\u00e9ho sp\u00e1nku; a ke\u010f spal, vzal mu\u017eovi jedno rebro a potom to miesto uzavrel m\u00e4som. (NIV)<\/p>\n<p>Nie je to trochu kr\u00e1tkozrak\u00e9? Ak je V\u0161emoh\u00faci zdrojom v\u0161etkej m\u00fadrosti, ako m\u00f4\u017ee by\u0165 \u017eena tohto druhu dodato\u010dn\u00fdm n\u00e1padom? Ako m\u00f4\u017ee by\u0165 \u017eena pridelen\u00e1 mu\u017eovi ako pomocn\u00ed\u010dka, a\u017e ke\u010f sa rad dom\u00e1cich zvierat uk\u00e1\u017ee ako neadekv\u00e1tny?<\/p>\n<p>Genesis 3:1 Teraz had&#8230; (NIV)<\/p>\n<p>OK, kto to je? Je jasn\u00e9, \u017ee ke\u010f sa objav\u00ed, nie je to had. Je inteligentn\u00fd. M\u00e1 ruky a nohy a vie hovori\u0165 ako \u010dlovek. Je to v\u00fdznamn\u00fd hr\u00e1\u010d, ale prich\u00e1dza na sc\u00e9nu bez ak\u00e9hoko\u013evek predstavenia alebo vysvetlenia! Tak \u010do je on? Nie je V\u0161emoh\u00faci a nie je \u010dlovek. Bol doteraz pomenovan\u00fd nejak\u00fd in\u00fd druh bytosti? U\u0161lo mi nie\u010do?<\/p>\n<p>Presko\u010dil som ver\u0161, ktor\u00fd vysvet\u013euje tento in\u00fd druh bytia?<\/p>\n<p>Nebol by som prv\u00fdm \u010dlovekom, ktor\u00e9mu uniklo to do o\u010d\u00ed bij\u00face. Ke\u010f sa nad t\u00fdm zamysl\u00edm, takmer v\u017edy, ke\u010f Je\u017ei\u0161 cituje Hebrejsk\u00e9 P\u00edsma, hovor\u00ed: \u201ePriatelia, pozrite sa znova! Mysl\u00edm, \u017ee ti mo\u017eno nie\u010do uniklo!&#8221;<\/p>\n<p>(Faktom je, \u017ee mi nie\u010do uniklo. \u010coskoro som to v\u0161ak mal n\u00e1js\u0165, skryt\u00e9 na o\u010diach, hne\u010f v prv\u00fdch ver\u0161och knihy Genezis.)<\/p>\n<p>Genesis 3:16 V bolestiach bude\u0161 rodi\u0165 deti&#8230; (NIV)<\/p>\n<p>Je rodenie det\u00ed trest alebo d\u00f4sledok? Pred t\u00fdmto momentom nenastal \u017eiadny p\u00f4rod. V toku pr\u00edbehu je bolestiv\u00fd p\u00f4rod jedin\u00fdm druhom \u2013 a prich\u00e1dza potom, \u010do \u013eudia z\u00edskaj\u00fa svedomie, sebauvedomenie a sexualitu \u2013 prirodzene!<\/p>\n<p>Genesis 3:22 A Jahve Elohim povedal: &#8220;H\u013ea, \u010dlovek sa stal ako jeden z n\u00e1s!&#8221; (NIV)<\/p>\n<p>Moment\u00edk! Jeden z koho? Komu je Boh \u201epodobn\u00fd\u201c, \u017ee my \u013eudia by sme boli ako \u201eoni\u201c? Toto nie je liter\u00e1rny \u0165ah\u00e1k. Nie je to kr\u00e1\u013eovsk\u00e9 \u201emy\u201c ani autorsk\u00e9 \u201emy\u201c. Toto je naozaj mno\u017en\u00e9 \u010d\u00edslo!<\/p>\n<p>Genesis 4:14 &#8220;Budem nepokojn\u00fdm tul\u00e1kom po zemi a kto ma n\u00e1jde, zabije ma!&#8221; (NIV)<\/p>\n<p>Ospravedlnte ma! Kto s\u00fa t\u00edto ostatn\u00ed \u013eudia, t\u00edto \u201ektoko\u013evek\u201c mimo z\u00e1hrady, ktor\u00ed zabij\u00fa Kaina, ak ho stretn\u00fa? Nem\u00f4\u017eu by\u0165 de\u0165mi Adama a Evy. Tak kto?<\/p>\n<p>1. Moj\u017ei\u0161ova 6\u20139 Zvierat\u00e1 \u0161li po dvoch. Spr\u00e1vny?<\/p>\n<p>Zjavne nie! Vid\u00edm, \u017ee Genesis 1 a 2 postavili ved\u013ea seba dva pr\u00edbehy o stvoren\u00ed. 1. Moj\u017ei\u0161ova 6 a\u017e 9 vyzer\u00e1, \u017ee vzala dve povod\u0148ov\u00e9 udalosti a spojila ich. V jednej verzii zvierat\u00e1 vstupuj\u00fa v p\u00e1roch. V druhom si vypracovali komplikovanej\u0161\u00ed syst\u00e9m.<\/p>\n<p>Len pripomeniem, \u017ee Genesis prevzal z mno\u017estva zdrojov a prepojil ich, aby vytvoril zn\u00e1mu verziu. Tak\u017ee niektor\u00e9 texty rozpr\u00e1vaj\u00fa pr\u00edbehy o elohim. In\u00ed hovoria o \u201eJahve\u201c \u2013 Sv\u00e4tom mene Boha, ktor\u00e9 sa Moj\u017ei\u0161ovi zjavilo v neskor\u0161om veku. Vedci naz\u00fdvaj\u00fa tohto druh\u00e9ho rozpr\u00e1va\u010da \u201eJ\u201c (alebo tradi\u010dnej\u0161ie \u201eMoj\u017ei\u0161\u201c).<\/p>\n<p>Pam\u00e4t\u00e1m si, ako som na vysokej \u0161kole \u010d\u00edtal o biblick\u00fdch u\u010dencoch z 18. storo\u010dia, ako s\u00fa Jean Astruc, Karl Heinrich Graf a Julius Wellhausen, ktor\u00ed hovorili o redaktoroch (editoroch no\u017en\u00edc a pasty), ktor\u00ed dali Genesis do s\u00fa\u010dasnej podoby. T\u00edto akademici to mo\u017eno \u00faplne nepochopili, ale je \u013eahk\u00e9 vidie\u0165, ako J vklad\u00e1 Sv\u00e4t\u00e9 meno do Genezis.<\/p>\n<p>Niekedy J nahr\u00e1dza \u201eelohim\u201c slovom \u201eJahve\u201c (napr. Genesis 11:6\u20137 a 18:21\u201319:1). Inokedy len prid\u00e1va meno Jahve k elohim v pr\u00edbehu o elohim (napr. Genesis 3:22).<\/p>\n<p>Ch\u00e1pem, pre\u010do by to robil. J hovor\u00ed \u010ditate\u013eovi, aby videl Jahveho ruku v dr\u00e1me pr\u00edbehov.<\/p>\n<p>Ako mi u\u0161iel v\u00fdznam tohto? Preto\u017ee samotn\u00e1 pr\u00edtomnos\u0165 po Moj\u017ei\u0161ovom mene Jahveho v Genesis mi hovor\u00ed, \u017ee ne\u010d\u00edtame p\u00f4vodn\u00fa verziu Genesis!<\/p>\n<p>J neskr\u00fdva, \u010do rob\u00ed. Ke\u010f prid\u00e1 Sv\u00e4t\u00e9 meno, J uk\u00e1\u017ee \u010ditate\u013eovi, \u017ee berie e\u0161te star\u0161\u00ed pr\u00edbeh (ktor\u00fd bol pravdepodobne zn\u00e1mym pr\u00edbehom, p\u00edsomnou alebo \u00fastnou trad\u00edciou) a na prv\u00fd poh\u013ead ho zmen\u00ed!<\/p>\n<p>Tak\u017ee teraz sa mus\u00edm op\u00fdta\u0165: \u201eA \u010do p\u00f4vodn\u00e1 verzia t\u00fdchto pr\u00edbehov? S ak\u00fdmi textami J pracoval? A ak to neboli pr\u00edbehy o Jahve a ak by elohim v nich bolo v mno\u017enom \u010d\u00edsle, boli p\u00f4vodn\u00e9 verzie pr\u00edbehov Genezis v\u00f4bec pr\u00edbehmi Boha?<\/p>\n<p>Genesis 6:1\u20134 Nefilim boli na zemi v t\u00fdch d\u0148och \u2013 a aj potom \u2013 ke\u010f synovia Bo\u017e\u00ed i\u0161li k \u013eudsk\u00fdm dc\u00e9ram a mali s nimi deti. Boli to hrdinovia d\u00e1vnych \u010dias, mu\u017ei sl\u00e1vy. (NIV)<\/p>\n<p>Po\u010dkaj min\u00fatu! Ak potopa zni\u010dila v\u0161etky \u017eiv\u00e9 tvory na zemi, kam zmizli Nephilim (obri), aby sa mohli po potope znova objavi\u0165?<\/p>\n<p><img decoding=\"async\" class=\"cento\" id=\"imog2\" src=\"\/image\/escape.jpg\" alt=\"Paul Wallis, \u00datek z Edenu\" \/><\/p>\n","protected":false},"excerpt":{"rendered":"<p>Genesis 1:26 Urobme \u013eud\u00ed, aby vyzerali ako my \u2013 na n\u00e1\u0161 obraz a podobu? Paul Wallis: Pozn\u00e1mky pod \u010diarou v mojej Biblii v Novom Jeruzaleme hovoria: \u201eObraz je konkr\u00e9tny pojem, ktor\u00fd nazna\u010duje fyzick\u00fa podobnos\u0165 \u2013 ako t\u00e1 medzi Adamom a jeho synom.\u201c Tak\u017ee tieto elohim s\u00fa mno\u017en\u00e9, kreat\u00edvne a fyzick\u00e9? o \u010do ide? Urobme \u013eud\u00ed, [&hellip;]<\/p>\n","protected":false},"author":1,"featured_media":0,"comment_status":"closed","ping_status":"open","sticky":false,"template":"","format":"standard","meta":{"footnotes":""},"categories":[7],"tags":[],"class_list":["post-28141","post","type-post","status-publish","format-standard","hentry","category-knihy"],"_links":{"self":[{"href":"https:\/\/extraslovensko.sk\/spravy\/wp-json\/wp\/v2\/posts\/28141","targetHints":{"allow":["GET"]}}],"collection":[{"href":"https:\/\/extraslovensko.sk\/spravy\/wp-json\/wp\/v2\/posts"}],"about":[{"href":"https:\/\/extraslovensko.sk\/spravy\/wp-json\/wp\/v2\/types\/post"}],"author":[{"embeddable":true,"href":"https:\/\/extraslovensko.sk\/spravy\/wp-json\/wp\/v2\/users\/1"}],"replies":[{"embeddable":true,"href":"https:\/\/extraslovensko.sk\/spravy\/wp-json\/wp\/v2\/comments?post=28141"}],"version-history":[{"count":0,"href":"https:\/\/extraslovensko.sk\/spravy\/wp-json\/wp\/v2\/posts\/28141\/revisions"}],"wp:attachment":[{"href":"https:\/\/extraslovensko.sk\/spravy\/wp-json\/wp\/v2\/media?parent=28141"}],"wp:term":[{"taxonomy":"category","embeddable":true,"href":"https:\/\/extraslovensko.sk\/spravy\/wp-json\/wp\/v2\/categories?post=28141"},{"taxonomy":"post_tag","embeddable":true,"href":"https:\/\/extraslovensko.sk\/spravy\/wp-json\/wp\/v2\/tags?post=28141"}],"curies":[{"name":"wp","href":"https:\/\/api.w.org\/{rel}","templated":true}]}}