{"id":28174,"date":"2022-12-08T19:59:52","date_gmt":"2022-12-08T19:59:52","guid":{"rendered":"https:\/\/extraslovensko.sk\/spravy\/?p=28174"},"modified":"2022-12-08T19:59:52","modified_gmt":"2022-12-08T19:59:52","slug":"vlady-vyzyvaju-na-reformy-starocneho-systemu-honorarnych-konzulov","status":"publish","type":"post","link":"https:\/\/extraslovensko.sk\/spravy\/vlady-vyzyvaju-na-reformy-starocneho-systemu-honorarnych-konzulov\/","title":{"rendered":"Diplomatick\u00e1 imunita na smiech cel\u00e9mu svetu"},"content":{"rendered":"<p>Diplomatick\u00e1 imunita je na smiech cel\u00e9mu svetu. Vl\u00e1dy vyz\u00fdvaj\u00fa na reformy st\u00e1ro\u010dn\u00e9ho syst\u00e9mu honor\u00e1rnych konzulov. Pre\u010do je to zauj\u00edmav\u00e9? Lebo sa nikto o nich nezauj\u00edma \u010do sa za t\u00fdm skr\u00fdva a hlavne je to rusk\u00e1 dezinforma\u010dn\u00e9 kampa\u0148 po celom svete. Po celosvetovom vy\u0161etrovan\u00ed \u201eShadow Diplomats\u201c ProPublica a ICIJ za\u010dali \u00farady vy\u0161etrovanie a navrhuj\u00fa gener\u00e1lne opravy.<strong> <\/strong><\/p>\n<h1>Diplomatick\u00e1 imunita je na smiech cel\u00e9mu svetu<\/h1>\n<p>\u00darady v \u0161tyroch krajin\u00e1ch naliehaj\u00fa na n\u00e1pravu por\u00fach v probl\u00e9movom syst\u00e9me glob\u00e1lnej diplomacie, ktor\u00fd pov\u00fd\u0161il a chr\u00e1nil obvinen\u00fdch teroristick\u00fdch finan\u010dn\u00edkov, n\u00e1siln\u00fdch zlo\u010dincov, sankcionovan\u00fdch oligarchov a pomocn\u00edkov niektor\u00fdch z najskorumpovanej\u0161\u00edch re\u017eimov na svete.<\/p>\n<p>Vy\u0161etrovanie \u201eShadow Diplomats\u201c, ktor\u00e9 minul\u00fd mesiac zverejnilo ProPublica, Medzin\u00e1rodn\u00e9 konzorcium investigat\u00edvnych novin\u00e1rov a viac ako 50 medzin\u00e1rodn\u00fdch medi\u00e1lnych organiz\u00e1ci\u00ed, zaznamenalo rozsiahle vykoris\u0165ovanie zo strany honor\u00e1rnych konzulov a zlyhanie vl\u00e1d pri poskytovan\u00ed doh\u013eadu.<\/p>\n<p>Tis\u00edcky dobrovo\u013en\u00fdch diplomatov p\u00f4sobia po celom svete a pracuj\u00fa zo svojich domovsk\u00fdch kraj\u00edn, aby zastupovali z\u00e1ujmy cudz\u00edch kraj\u00edn, ktor\u00e9 ich vymenovali. V\u00fdmenou, na z\u00e1klade medzin\u00e1rodnej zmluvy, konzuli dost\u00e1vaj\u00fa vyt\u00fa\u017een\u00fa s\u00e9riu pr\u00e1vnej ochrany a privil\u00e9gi\u00ed, ktor\u00e9 m\u00f4\u017eu zah\u0155\u0148a\u0165 diplomatick\u00e9 poverenia, \u0161peci\u00e1lne pozn\u00e1vacie zna\u010dky a mo\u017enos\u0165 pres\u00fava\u0165 konzul\u00e1rne bato\u017einy cez hranice bez kontroly.<\/p>\n<p>Pri vy\u0161etrovan\u00ed sa zistilo najmenej 500 s\u00fa\u010dasn\u00fdch a b\u00fdval\u00fdch konzulov , ktor\u00ed boli obvinen\u00ed zo zlo\u010dinov alebo boli zapleten\u00ed do kontroverzie \u2013 v\u00e4\u010d\u0161ina z nich, k\u00fdm zast\u00e1vali svoje funkcie. To zah\u0155\u0148a mno\u017estvo konzulov, ktor\u00ed sa \u00fadajne pok\u00fasili vyu\u017ei\u0165 svoje postavenie na podporu nez\u00e1konnej \u010dinnosti alebo na vyh\u00fdbanie sa presadzovaniu pr\u00e1va. <\/p>\n<blockquote><p>In\u00ed \u0161\u00edria prokreme\u013esk\u00e9 n\u00e1lady po celom svete a podporuj\u00fa rusk\u00e9ho Adolfa Putina po\u010das jeho najkontroverznej\u0161\u00edch vojensk\u00fdch a politick\u00fdch kampan\u00ed vr\u00e1tane inv\u00e1zie na Ukrajinu.<\/p><\/blockquote>\n<p>V posledn\u00fdch t\u00fd\u017ed\u0148och vl\u00e1dni predstavitelia priznali, \u017ee nepoznaj\u00fa po\u010det konzulov, ktor\u00fdch vymenovali, ani to, \u010di boli niektor\u00ed ods\u00faden\u00ed za z\u00e1va\u017en\u00e9 trestn\u00e9 \u010diny, \u010di u\u017e v r\u00e1mci ich vlastn\u00fdch hran\u00edc alebo v z\u00e1mor\u00ed.<\/p>\n<p>Vo F\u00ednsku \u0161\u00e9f protokolu na ministerstve zahrani\u010dn\u00fdch vec\u00ed povedal, \u017ee nevie o tom, \u017ee niektor\u00ed konzuli boli ods\u00faden\u00ed za da\u0148ov\u00e9 podvody, \u00faplatk\u00e1rstvo a trestn\u00e9 \u010diny proti \u017eivotn\u00e9mu prostrediu. Ministerstvo pl\u00e1nuje vykona\u0165 rev\u00edziu tento mesiac.<\/p>\n<p>&#8220;Tieto zlo\u010diny&#8230; musia by\u0165 teraz podrobnej\u0161ie vy\u0161etren\u00e9,&#8221; povedal Mika Koskinen miestnym novin\u00e1rom.<\/p>\n<p>Ministerstvo tie\u017e aktualizuje svoje intern\u00e9 hodnotenie kandid\u00e1tov na konzulov. \u201eF\u00ednsko neakceptuje korupciu,\u201c povedal Pekka Puustinen, n\u00e1mestn\u00edk ministra pre vn\u00fatorn\u00e9 a vonkaj\u0161ie slu\u017eby.<\/p>\n<p>V Braz\u00edlii za\u010dali \u00farady vy\u0161etrovanie zlo\u010dinov, ktor\u00e9 \u00fadajne sp\u00e1chali honor\u00e1rni konzuli na \u017eiados\u0165 z\u00e1stupcu gener\u00e1lneho prokur\u00e1tora Lucasa Furtada.<\/p>\n<p>\u201eJe jasn\u00e9, \u017ee m\u00f4\u017ee d\u00f4js\u0165 k po\u0161kodeniu \u2013 aj ke\u010f nepriamej \u2013 verejnej pokladnici,\u201c poznamenal Furtado v reakcii na spr\u00e1vy m\u00e9di\u00ed o probl\u00e9mov\u00fdch diplomatoch.<\/p>\n<p>Najvy\u0161\u0161\u00ed predstavite\u013e v Paraguaji uviedol, \u017ee vl\u00e1da pl\u00e1nuje prehodnoti\u0165 svoje diplomatick\u00e9 z\u00e1kony a nariadenia. <\/p>\n<p>&#8220;Umo\u017en\u00ed n\u00e1m to zabezpe\u010di\u0165 transparentnos\u0165 funkci\u00ed vykon\u00e1van\u00fdch honor\u00e1rnymi konzulmi&#8221; uviedol minister zahrani\u010dn\u00fdch vec\u00ed Julio Cesar Arriola.<\/p>\n<p>A v Nemecku politici z cel\u00e9ho politick\u00e9ho spektra volaj\u00fa po zmene s odvolan\u00edm sa na obavy o n\u00e1rodn\u00fa bezpe\u010dnos\u0165.<\/p>\n<p>\u201ePreto by bolo potrebn\u00e9 reformova\u0165 syst\u00e9m, ktor\u00fd vyvol\u00e1va zneu\u017e\u00edvanie,\u201c povedal poslanec nemeck\u00e9ho parlamentu Roderich Kiesewetter. &#8220;Mus\u00ed sa tie\u017e presadzova\u0165 pravideln\u00e9 \u0161kolenie a bezpe\u010dnostn\u00e9 previerky.&#8221;<\/p>\n<p>Sebastian Fiedler, \u010fal\u0161\u00ed poslanec parlamentu, povedal: &#8220;Bezpe\u010dnostn\u00e1 previerka&#8230; pre v\u0161etk\u00fdch honor\u00e1rnych konzulov akreditovan\u00fdch pre Nemecko je to najmenej, \u010do mo\u017eno urobi\u0165.&#8221;<\/p>\n<p>Nemecko a Rak\u00fasko u\u017e odvolali honor\u00e1rnu konzulku v Braz\u00edlii, ktor\u00fa sudca v roku 2015 kritizoval za zneu\u017eitie jej konzul\u00e1rneho \u0161tat\u00fatu pri kontroverznej dohode o pozemkoch. Konzulka a jej rodina vinu odmietli. <\/p>\n<p>Vo \u0160vaj\u010diarsku honor\u00e1rny konzul pre Mongolsko ozn\u00e1mil svoju rezign\u00e1ciu v okt\u00f3bri, de\u0148 po tom, \u010do sa novin\u00e1ri p\u00fdtali vl\u00e1dnych predstavite\u013eov na jeho predch\u00e1dzaj\u00face ods\u00fadenie za da\u0148ov\u00e9 \u00faniky. Konzul odmietol odpoveda\u0165 na \u017eiados\u0165 o koment\u00e1r.<\/p>\n<p>Hrozba tie\u0148ovej diplomacie znepokojila aj odborn\u00edkov v Spojen\u00fdch \u0161t\u00e1toch. ProPublica a ICIJ identifikovali dev\u00e4\u0165 s\u00fa\u010dasn\u00fdch a b\u00fdval\u00fdch honor\u00e1rnych konzulov, ktor\u00fdch org\u00e1ny \u010dinn\u00e9 v trestnom konan\u00ed a vl\u00e1dy sp\u00e1jali s teroristick\u00fdmi skupinami.<\/p>\n<blockquote><p>V\u00e4\u010d\u0161ina z nich bola napojen\u00e1 na Hizball\u00e1h, politick\u00fa stranu, poskytovate\u013ea soci\u00e1lnych slu\u017eieb a militantn\u00fa skupinu v Libanone, ktor\u00fa Spojen\u00e9 \u0161t\u00e1ty a \u010fal\u0161ie krajiny ozna\u010dili za teroristick\u00fa organiz\u00e1ciu.<\/p><\/blockquote>\n<p>\u201eToto nie je len ot\u00e1zka zabezpe\u010denia toho, aby honor\u00e1rni konzuli nevyu\u017e\u00edvali konexie na osobn\u00fd prospech,\u201c povedal Matthew Levitt, expert na Hizball\u00e1h a b\u00fdval\u00fd n\u00e1mestn\u00edk tajomn\u00edka pre spravodajstvo a anal\u00fdzu na ministerstve financi\u00ed. <\/p>\n<p>&#8220;Ide o v\u00e1\u017eny probl\u00e9m bezpe\u010dnosti a verejnej bezpe\u010dnosti s\u00favisiaci s extr\u00e9mistick\u00fdmi aktivitami.&#8221;<\/p>\n<p>Suzanne Hayden, b\u00fdval\u00e1 feder\u00e1lna prokur\u00e1torka zameran\u00e1 na n\u00e1rodn\u00fa a medzin\u00e1rodn\u00fa bezpe\u010dnos\u0165, uviedla, \u017ee honor\u00e1rni konzuli vyu\u017e\u00edvaj\u00fa diplomatick\u00e9 krytie na prekra\u010dovanie hran\u00edc bez kontroly a na z\u00edskanie nez\u00e1konn\u00e9ho pa\u0161ovania.<\/p>\n<p>&#8220;Je to jedin\u00e1 zaru\u010den\u00e1 oblas\u0165, kde nez\u00e1le\u017e\u00ed na pr\u00e1vnom \u0161t\u00e1te &#8211; pr\u00e1vo nem\u00e1 zuby,&#8221; povedal Hayden. \u201eNeexistuje ani pr\u00edle\u017eitos\u0165 otestova\u0165 z\u00e1kon, preto\u017ee v\u0161etko, \u010do mus\u00edte urobi\u0165, je poveda\u0165: \u201aM\u00e1m diplomatick\u00fa imunitu\u2018, a ke\u010f s\u00fa konfrontovan\u00ed, miestni policajti jednoducho zdvihn\u00fa ruky a od\u00eddu. Je to jednoducho ide\u00e1lny scen\u00e1r pre zlo\u010din.\u201c<\/p>\n","protected":false},"excerpt":{"rendered":"<p>Diplomatick\u00e1 imunita je na smiech cel\u00e9mu svetu. Vl\u00e1dy vyz\u00fdvaj\u00fa na reformy st\u00e1ro\u010dn\u00e9ho syst\u00e9mu honor\u00e1rnych konzulov. Pre\u010do je to zauj\u00edmav\u00e9? Lebo sa nikto o nich nezauj\u00edma \u010do sa za t\u00fdm skr\u00fdva a hlavne je to rusk\u00e1 dezinforma\u010dn\u00e9 kampa\u0148 po celom svete. Po celosvetovom vy\u0161etrovan\u00ed \u201eShadow Diplomats\u201c ProPublica a ICIJ za\u010dali \u00farady vy\u0161etrovanie a navrhuj\u00fa gener\u00e1lne opravy. [&hellip;]<\/p>\n","protected":false},"author":1,"featured_media":0,"comment_status":"closed","ping_status":"open","sticky":false,"template":"","format":"standard","meta":{"footnotes":""},"categories":[5],"tags":[],"class_list":["post-28174","post","type-post","status-publish","format-standard","hentry","category-exo-news"],"_links":{"self":[{"href":"https:\/\/extraslovensko.sk\/spravy\/wp-json\/wp\/v2\/posts\/28174","targetHints":{"allow":["GET"]}}],"collection":[{"href":"https:\/\/extraslovensko.sk\/spravy\/wp-json\/wp\/v2\/posts"}],"about":[{"href":"https:\/\/extraslovensko.sk\/spravy\/wp-json\/wp\/v2\/types\/post"}],"author":[{"embeddable":true,"href":"https:\/\/extraslovensko.sk\/spravy\/wp-json\/wp\/v2\/users\/1"}],"replies":[{"embeddable":true,"href":"https:\/\/extraslovensko.sk\/spravy\/wp-json\/wp\/v2\/comments?post=28174"}],"version-history":[{"count":0,"href":"https:\/\/extraslovensko.sk\/spravy\/wp-json\/wp\/v2\/posts\/28174\/revisions"}],"wp:attachment":[{"href":"https:\/\/extraslovensko.sk\/spravy\/wp-json\/wp\/v2\/media?parent=28174"}],"wp:term":[{"taxonomy":"category","embeddable":true,"href":"https:\/\/extraslovensko.sk\/spravy\/wp-json\/wp\/v2\/categories?post=28174"},{"taxonomy":"post_tag","embeddable":true,"href":"https:\/\/extraslovensko.sk\/spravy\/wp-json\/wp\/v2\/tags?post=28174"}],"curies":[{"name":"wp","href":"https:\/\/api.w.org\/{rel}","templated":true}]}}