{"id":28222,"date":"2023-01-12T15:02:05","date_gmt":"2023-01-12T15:02:05","guid":{"rendered":"https:\/\/extraslovensko.sk\/spravy\/?p=28222"},"modified":"2023-01-12T15:02:05","modified_gmt":"2023-01-12T15:02:05","slug":"pedofil-kardinal-george-pell-je-mrtvy-opus-dei","status":"publish","type":"post","link":"https:\/\/extraslovensko.sk\/spravy\/pedofil-kardinal-george-pell-je-mrtvy-opus-dei\/","title":{"rendered":"Pedofil kardin\u00e1l George Pell je m\u0155tvy, Opus Dei"},"content":{"rendered":"<p> V\u00fdkonn\u00fd manipul\u00e1tor Opus Dei a kontroverzn\u00fd pedofil George Pell je kone\u010dne m\u0155tvy a Trumpovo Opus Dei Supreme Court m\u00f4\u017ee pla\u010dka\u0165. Zosnul\u00fd kardin\u00e1l George Pell (1941-2023), ktor\u00e9ho Benedikt XVI. 18. septembra 2012 vymenoval za jedn\u00e9ho z p\u00e1pe\u017esky menovan\u00fdch synod\u00e1lnych otcov na riadne gener\u00e1lne zhroma\u017edeni  Synody biskupov  o novej evanjeliz\u00e1cii v okt\u00f3bri 2012, za\u010diatkom tohto mesiaca povedal, \u017ee Benediktov odkaz bol \u201ezmie\u0161an\u00fd\u201c a jeho pr\u00ednos bol \u201eneocenite\u013en\u00fd viac ako p\u00e4\u0165desiat rokov\u201c. <\/p>\n<h1>Kontroverzn\u00fd pedofil Opus Dei George Pell je kone\u010dne m\u0155tvy<\/h1>\n<p>Ale kardin\u00e1l George Pell, kontroverzn\u00fd najvy\u0161\u0161ie postaven\u00fd katol\u00edcky duchovn\u00fd v Austr\u00e1lii, teraz zomrel v R\u00edme vo veku 81 rokov 10. janu\u00e1ra 2023,  zanechanie dedi\u010dstva, ktor\u00e9 je ove\u013ea zvr\u00e1tenej\u0161ie a nepriate\u013esk\u00e9 vo\u010di ka\u017ed\u00e9mu jedn\u00e9mu u\u010deniu n\u00e1\u0161ho P\u00e1na Je\u017ei\u0161a Krista.<\/p>\n<p>Roky   vo svojich \u010dl\u00e1nkoch, knih\u00e1ch a \u010dasto aj na Infowars Zaagmi hovoril o kardin\u00e1lovi Pellovi a o utajovan\u00ed, ktor\u00e9 Vatik\u00e1n v priebehu rokov vykon\u00e1val v s\u00favislosti s nieko\u013ek\u00fdmi \u0161kand\u00e1lmi s pedof\u00edliou, do ktor\u00fdch bola zapojen\u00e1 vplyvn\u00e1 postava kardin\u00e1la Pella, ktor\u00fd bol nakoniec s\u00faden\u00fd a nesk\u00f4r ods\u00faden\u00fd  na \u0161es\u0165 rokov v\u00e4zenia za  ob\u0165a\u017eovanie dvoch 13-ro\u010dn\u00fdch chlapcov po nede\u013enej om\u0161i v roku 1996.<\/p>\n<p>V nede\u013eu 23. j\u00fala sa p\u00e1pe\u017e Franti\u0161ek prihovoril zhroma\u017eden\u00fdm na N\u00e1mest\u00ed sv\u00e4t\u00e9ho Petra na  modlitbu Anjel P\u00e1na a  povedal: \u201eV\u0161etci sme hrie\u0161nici.\u201c  O tri dni nesk\u00f4r priv\u00edtal Pella chaos, ke\u010f pri\u0161iel na s\u00fad v sprievode pol\u00edcie.  <\/p>\n<p>Ale nakoniec v\u0161etci zomrieme a mocn\u00fd kardin\u00e1l Pell je teraz pred Bohom. <\/p>\n<p>Raz v roku 2013 Pell povedal: \u201eMali by sme \u017ei\u0165 svoj \u017eivot tak, ako keby n\u00e1s Boh s\u00fadil. No, tento rozsudok m\u00f4\u017ee by\u0165 zauj\u00edmav\u00fd, ke\u010f\u017ee v roku 2002 vy\u0161etrovanie, ktor\u00e9mu predsedal b\u00fdval\u00fd sudca Alec Southwell, sk\u00famalo obvinenia, \u017ee Pell, vtedy \u0161tudentsk\u00fd k\u0148az, sexu\u00e1lne zneu\u017eil mlad\u00e9ho chlapca v t\u00e1bore na Philip Island v roku 1962. Pell to poprel. <\/p>\n<p>Sudca, ktor\u00fd mal bl\u00edzko k Opus Dei, zistil, \u017ee Pell, vtedaj\u0161\u00ed arcibiskup zo Sydney, podal d\u00f4veryhodn\u00fa v\u00fdpove\u010f, ale to ist\u00e9 urobil aj jeho \u017ealobca. Nakoniec sudca pohodlne rozhodol, \u017ee v oboch pr\u00edpadoch nie je dostatok d\u00f4kazov, aby sa vec posunula \u010falej, a pedofil George Pell mohol pokra\u010dova\u0165 vo svojich zl\u00fdch praktik\u00e1ch.<\/p>\n<p>Pre Pella i\u0161lo v\u0161etko dobre, k\u00fdm austr\u00e1lska pracovn\u00e1 skupina SANO neza\u010dala  v roku 2013 oper\u00e1ciu Tethering, aby sa zamerala na tvrdenia t\u00fdkaj\u00face sa konkr\u00e9tne kardin\u00e1la Pella. Ke\u010f sa vy\u0161etrovanie za\u010dalo, neboli \u017eiadne nov\u00e9 verejn\u00e9 obvinenia proti Pellovi, ale v j\u00fani 2015 mu\u017e vo\u0161iel do Victoria Police Center a povedal ser\u017eantovi Christopherovi Reedovi, \u017ee ho ako zborn\u00edka koncom 90. rokov zneu\u017eil nikto in\u00fd ako vtedaj\u0161\u00ed arcibiskup z Melbourne, mocn\u00fd George Pell, ktor\u00fd bol nesk\u00f4r v roku 2018 ods\u00faden\u00fd.<\/p>\n<p>Teraz je Pell pred Bohom, najvy\u0161\u0161\u00edm sudcom, z\u00e1konodarcom a kr\u00e1\u013eom. Marek 9:42: \u201eKtoko\u013evek z t\u00fdchto mali\u010dk\u00fdch, ktor\u00ed vo m\u0148a veria, zhre\u0161\u00ed, pre toho by bolo lep\u0161ie, keby mu na krk zavesili ve\u013ek\u00fd mlynsk\u00fd kame\u0148 a hodili ho do mora.<\/p>\n<p>Medzit\u00fdm Vatik\u00e1n  ozn\u00e1mil, \u017ee znovu otvoril nevyrie\u0161en\u00fd pr\u00edpad nezvestnej osoby 15-ro\u010dnej Emanuely Orlandiovej, ktorej z\u00e1hadn\u00e9 zmiznutie v roku 1983 dalo podnet na vznik spletitej siete kon\u0161pira\u010dn\u00fdch te\u00f3ri\u00ed, o ktor\u00fdch som pred rokmi <strong>hovoril v 3. zv\u00e4zku serie Priznania<\/strong> po s\u00e9rii rozhovorov, ktor\u00e9 som viedol s jej bratom.<\/p>\n","protected":false},"excerpt":{"rendered":"<p>V\u00fdkonn\u00fd manipul\u00e1tor Opus Dei a kontroverzn\u00fd pedofil George Pell je kone\u010dne m\u0155tvy a Trumpovo Opus Dei Supreme Court m\u00f4\u017ee pla\u010dka\u0165. Zosnul\u00fd kardin\u00e1l George Pell (1941-2023), ktor\u00e9ho Benedikt XVI. 18. septembra 2012 vymenoval za jedn\u00e9ho z p\u00e1pe\u017esky menovan\u00fdch synod\u00e1lnych otcov na riadne gener\u00e1lne zhroma\u017edeni Synody biskupov o novej evanjeliz\u00e1cii v okt\u00f3bri 2012, za\u010diatkom tohto mesiaca povedal, [&hellip;]<\/p>\n","protected":false},"author":1,"featured_media":0,"comment_status":"closed","ping_status":"open","sticky":false,"template":"","format":"standard","meta":{"footnotes":""},"categories":[5],"tags":[],"class_list":["post-28222","post","type-post","status-publish","format-standard","hentry","category-exo-news"],"_links":{"self":[{"href":"https:\/\/extraslovensko.sk\/spravy\/wp-json\/wp\/v2\/posts\/28222","targetHints":{"allow":["GET"]}}],"collection":[{"href":"https:\/\/extraslovensko.sk\/spravy\/wp-json\/wp\/v2\/posts"}],"about":[{"href":"https:\/\/extraslovensko.sk\/spravy\/wp-json\/wp\/v2\/types\/post"}],"author":[{"embeddable":true,"href":"https:\/\/extraslovensko.sk\/spravy\/wp-json\/wp\/v2\/users\/1"}],"replies":[{"embeddable":true,"href":"https:\/\/extraslovensko.sk\/spravy\/wp-json\/wp\/v2\/comments?post=28222"}],"version-history":[{"count":0,"href":"https:\/\/extraslovensko.sk\/spravy\/wp-json\/wp\/v2\/posts\/28222\/revisions"}],"wp:attachment":[{"href":"https:\/\/extraslovensko.sk\/spravy\/wp-json\/wp\/v2\/media?parent=28222"}],"wp:term":[{"taxonomy":"category","embeddable":true,"href":"https:\/\/extraslovensko.sk\/spravy\/wp-json\/wp\/v2\/categories?post=28222"},{"taxonomy":"post_tag","embeddable":true,"href":"https:\/\/extraslovensko.sk\/spravy\/wp-json\/wp\/v2\/tags?post=28222"}],"curies":[{"name":"wp","href":"https:\/\/api.w.org\/{rel}","templated":true}]}}