{"id":28475,"date":"2023-04-22T11:41:00","date_gmt":"2023-04-22T11:41:00","guid":{"rendered":"https:\/\/extraslovensko.sk\/spravy\/?p=28475"},"modified":"2023-04-22T11:41:00","modified_gmt":"2023-04-22T11:41:00","slug":"fred-trump-a-german-american-bund-korene-rasizmu-donalda","status":"publish","type":"post","link":"https:\/\/extraslovensko.sk\/spravy\/fred-trump-a-german-american-bund-korene-rasizmu-donalda\/","title":{"rendered":"Fred Trump a German American Bund, korene rasizmu Donalda"},"content":{"rendered":"<p>Fred Trump a German American Bund korene rasizmu syn\u00e1\u010dika Donalda. Otec b\u00fdval\u00e9ho prezidenta USA Donalda Trumpa, bol realitn\u00fd developer a obchodn\u00fd magn\u00e1t, ktor\u00fd vybudoval obrovsk\u00e9 imp\u00e9rium v New Yorku. Odkaz Freda Trumpa je v\u0161ak pozna\u010den\u00fd kontroverziou, najm\u00e4 kv\u00f4li jeho \u00fadajn\u00e9mu zapojeniu sa do German American Bund, pronacistickej organiz\u00e1cie, ktor\u00e1 p\u00f4sobila v Spojen\u00fdch \u0161t\u00e1toch v 30. a 40. rokoch 20. storo\u010dia.<\/p>\n<h1>Fred Trump, German American Bund, korene rasizmu syn\u00e1\u010dika Donalda <\/h1>\n<p>V tejto eseji presk\u00famame vz\u0165ah Freda Trumpa s nemeck\u00fdm americk\u00fdm Bundom, presk\u00famame d\u00f4kazy o jeho zapojen\u00ed do organiz\u00e1cie a budeme diskutova\u0165 o vplyve tohto zdru\u017eenia na jeho dedi\u010dstvo. V regi\u00f3ne New York-New Jersey bol akt\u00edvny aj German American Bund alebo \u201eAmerikadeutscher Bund\u201c, organiz\u00e1cia, ktor\u00e1 podporovala nacistick\u00fa stranu Adolfa Hitlera a ciele a a\u0161pir\u00e1cie \u201eNov\u00e9ho Nemecka\u201c. <\/p>\n<p>Bund bol vytvoren\u00fd v m\u00e1ji 1933 na pr\u00edkaz nemeck\u00e9ho z\u00e1stupcu F\u00fchrera Rudolfa Hessa. Prv\u00fdm vodcom Bundu bol nemeck\u00fd imigrant Heinrich \u201eHeinz\u201c Spankn\u00f6bel, ktor\u00fd svoju skupinu spo\u010diatku naz\u00fdval \u201ePriatelia nov\u00e9ho Nemecka\u201c. V skuto\u010dnosti \u201eBund\u201c nebol ni\u010d\u00edm in\u00fdm ako z\u00e1morsk\u00fdm roz\u0161\u00edren\u00edm nemeckej nacistickej strany a rozkazy prij\u00edmal priamo z Berl\u00edna.<\/p>\n<p>German American Bund: Preh\u013ead<\/p>\n<p>German American Bund bola pronacistick\u00e1 organiz\u00e1cia, ktor\u00e1 p\u00f4sobila v Spojen\u00fdch \u0161t\u00e1toch v 30. a 40. rokoch 20. storo\u010dia. Skupina bola zalo\u017een\u00e1 v roku 1933 a spo\u010diatku bola zn\u00e1ma ako Friends of New Germany. Organiz\u00e1cia bola silne ovplyvnen\u00e1 nacistickou stranou v Nemecku a obhajovala zriadenie fa\u0161istick\u00e9ho \u0161t\u00e1tu v USA.<\/p>\n<p>Bund akceptoval za \u010dlenov iba Ameri\u010danov nemeck\u00e9ho p\u00f4vodu. V roku 1936 sa Friends of New Germany premenili na German American Bund v Buffale v New Yorku. Vodcom skupiny alebo Bundesf\u00fchrerom bol Fritz Julius Kuhn, nemeck\u00fd imigrant a \u010dlen nacistickej strany, ktor\u00fd dostal americk\u00e9 ob\u010dianstvo v roku 1934. <\/p>\n<p>V\u0161eobecne sa ver\u00ed, \u017ee Kuhn bol jedn\u00fdm z mnoh\u00fdch nacistick\u00fdch \u010dlenov, ktor\u00fdch v 30. rokoch vyslala do zahrani\u010dia rodiaca sa nemeck\u00e1 nacistick\u00e1 strana ako nacistick\u00e9 \u201eo\u010di a u\u0161i\u201c v Spojen\u00fdch \u0161t\u00e1toch, Kanade a in\u00fdch krajin\u00e1ch. T\u00edto ned\u00e1vni pris\u0165ahovalci, ktor\u00ed sa stali vodcami Bundu v celej Amerike, boli nesk\u00f4r zapojen\u00ed do \u0161pion\u00e1\u017ee pre nemeck\u00e9 gestapo a vojensk\u00fa rozviedku Abwehr pred a po\u010das druhej svetovej vojny.<\/p>\n<p>German American Bund bola kontroverzn\u00e1 organiz\u00e1cia a jej aktivity sa stretli s odporom vl\u00e1dy aj \u0161irokej verejnosti. Skupine sa v\u0161ak podarilo pril\u00e1ka\u0165 zna\u010dn\u00fd po\u010det fan\u00fa\u0161ikov, pri\u010dom niektor\u00e9 odhady nazna\u010duj\u00fa, \u017ee na vrchole mala a\u017e 25 000 \u010dlenov.<\/p>\n<p>Organiz\u00e1cia organizovala zhroma\u017edenia a podujatia po cel\u00fdch Spojen\u00fdch \u0161t\u00e1toch, propagovala svoju pronacistick\u00fa agendu a obhajovala zriadenie fa\u0161istickej vl\u00e1dy. Skupina prev\u00e1dzkovala aj nieko\u013eko v\u00fdcvikov\u00fdch t\u00e1borov, kde sa \u010dlenovia u\u010dili vojenskej taktike a ideol\u00f3gii.<\/p>\n<p>Fred Trump a German American Bund: D\u00f4kazy<\/p>\n<p>Existuj\u00fa d\u00f4kazy, ktor\u00e9 nazna\u010duj\u00fa, \u017ee Fred Trump mal vz\u0165ah s nemeck\u00fdm americk\u00fdm Bundom. Presn\u00e1 povaha tohto vz\u0165ahu je v\u0161ak predmetom diskusi\u00ed medzi historikmi.<\/p>\n<p>Jedn\u00fdm z k\u013e\u00fa\u010dov\u00fdch d\u00f4kazov sp\u00e1jaj\u00facich Freda Trumpa s nemeck\u00fdm americk\u00fdm Bundom je \u010dl\u00e1nok z roku 1927 z New York Times, v ktorom sa uv\u00e1dza, \u017ee mu\u017e menom Fred Trump bol zatknut\u00fd na zhroma\u017eden\u00ed KKK v Queense. Aj ke\u010f \u010dl\u00e1nok v\u00fdslovne neuv\u00e1dza, \u017ee to bol ten ist\u00fd Fred Trump, ktor\u00fd sa nesk\u00f4r stal realitn\u00fdm developerom, niektor\u00ed historici sa domnievaj\u00fa, \u017ee je to pravdepodobn\u00e9.<\/p>\n<p>Okrem toho existuj\u00fa aj spr\u00e1vy, \u017ee Fred Trump daroval nemeck\u00e9mu americk\u00e9mu Bundu a z\u00fa\u010dastnil sa niektor\u00fdch podujat\u00ed organiz\u00e1cie. V \u010dl\u00e1nku z roku 2016 z New York Times sa uv\u00e1dza, \u017ee b\u00fdval\u00fd \u010dlen Bundu tvrdil, \u017ee Fred Trump sa z\u00fa\u010dastnil na pronacistickom zhroma\u017eden\u00ed v roku 1939. Treba v\u0161ak poznamena\u0165, \u017ee tieto tvrdenia je \u0165a\u017ek\u00e9 overi\u0165 a neexistuje \u017eiadna konkr\u00e9tna d\u00f4kaz, \u017ee Fred Trump bol \u010dlenom organiz\u00e1cie.<\/p>\n<p>Napriek tomu niet poch\u00fdb o tom, \u017ee nemeck\u00fd americk\u00fd Bund mal v 30. a 40. rokoch 20. storo\u010dia zast\u00fapenie v New Yorku a je mo\u017en\u00e9, \u017ee Fred Trump mohol ma\u0165 s organiz\u00e1ciou ur\u010dit\u00fa \u00farove\u0148.<\/p>\n<p>Vplyv \u00fadajn\u00e9ho zapojenia Freda Trumpa do German American Bund<\/p>\n<p>Obvinenia o zapojen\u00ed Freda Trumpa do nemeck\u00e9ho americk\u00e9ho Bundu mali v\u00fdznamn\u00fd vplyv na jeho odkaz. Zatia\u013e \u010do Fred Trump bol ve\u013emi \u00faspe\u0161n\u00fdm podnikate\u013eom a vybudoval obrovsk\u00e9 realitn\u00e9 imp\u00e9rium v New Yorku, jeho spojenie s pronacistickou organiz\u00e1ciou vrhlo tie\u0148 na jeho \u00faspechy.<\/p>\n<p>Obvinenia mali vplyv aj na odkaz jeho syna, b\u00fdval\u00e9ho prezidenta Donalda Trumpa. Po\u010das svojho p\u00f4sobenia v \u00farade bol Donald Trump kritizovan\u00fd za jeho vn\u00edman\u00fa neochotu ods\u00fadi\u0165 biely nacionalizmus a st\u00fapencov bielej nadradenosti. Niektor\u00ed kritici sa domnievaj\u00fa, \u017ee to m\u00f4\u017ee s\u00favisie\u0165 s \u00fadajn\u00fdm zapojen\u00edm jeho otca do German American Bund.<\/p>\n<p>Z\u00e1ver<\/p>\n<p>Vz\u0165ah medzi Fredom Trumpom a nemeck\u00fdm americk\u00fdm Bundom je kontroverznou a ve\u013emi diskutovanou t\u00e9mou. Hoci existuj\u00fa d\u00f4kazy, ktor\u00e9 nazna\u010duj\u00fa, \u017ee Fred Trump mohol ma\u0165 ur\u010dit\u00fa \u00farove\u0148 zapojenia sa do organiz\u00e1cie.<\/p>\n","protected":false},"excerpt":{"rendered":"<p>Fred Trump a German American Bund korene rasizmu syn\u00e1\u010dika Donalda. Otec b\u00fdval\u00e9ho prezidenta USA Donalda Trumpa, bol realitn\u00fd developer a obchodn\u00fd magn\u00e1t, ktor\u00fd vybudoval obrovsk\u00e9 imp\u00e9rium v New Yorku. Odkaz Freda Trumpa je v\u0161ak pozna\u010den\u00fd kontroverziou, najm\u00e4 kv\u00f4li jeho \u00fadajn\u00e9mu zapojeniu sa do German American Bund, pronacistickej organiz\u00e1cie, ktor\u00e1 p\u00f4sobila v Spojen\u00fdch \u0161t\u00e1toch v 30. [&hellip;]<\/p>\n","protected":false},"author":1,"featured_media":0,"comment_status":"closed","ping_status":"open","sticky":false,"template":"","format":"standard","meta":{"footnotes":""},"categories":[5],"tags":[],"class_list":["post-28475","post","type-post","status-publish","format-standard","hentry","category-exo-news"],"_links":{"self":[{"href":"https:\/\/extraslovensko.sk\/spravy\/wp-json\/wp\/v2\/posts\/28475","targetHints":{"allow":["GET"]}}],"collection":[{"href":"https:\/\/extraslovensko.sk\/spravy\/wp-json\/wp\/v2\/posts"}],"about":[{"href":"https:\/\/extraslovensko.sk\/spravy\/wp-json\/wp\/v2\/types\/post"}],"author":[{"embeddable":true,"href":"https:\/\/extraslovensko.sk\/spravy\/wp-json\/wp\/v2\/users\/1"}],"replies":[{"embeddable":true,"href":"https:\/\/extraslovensko.sk\/spravy\/wp-json\/wp\/v2\/comments?post=28475"}],"version-history":[{"count":0,"href":"https:\/\/extraslovensko.sk\/spravy\/wp-json\/wp\/v2\/posts\/28475\/revisions"}],"wp:attachment":[{"href":"https:\/\/extraslovensko.sk\/spravy\/wp-json\/wp\/v2\/media?parent=28475"}],"wp:term":[{"taxonomy":"category","embeddable":true,"href":"https:\/\/extraslovensko.sk\/spravy\/wp-json\/wp\/v2\/categories?post=28475"},{"taxonomy":"post_tag","embeddable":true,"href":"https:\/\/extraslovensko.sk\/spravy\/wp-json\/wp\/v2\/tags?post=28475"}],"curies":[{"name":"wp","href":"https:\/\/api.w.org\/{rel}","templated":true}]}}