{"id":28526,"date":"2023-05-22T11:05:11","date_gmt":"2023-05-22T11:05:11","guid":{"rendered":"https:\/\/extraslovensko.sk\/spravy\/?p=28526"},"modified":"2023-05-22T11:05:11","modified_gmt":"2023-05-22T11:05:11","slug":"piloti-f-22-testuju-helmu-s-pevnymi-kridlami-novej-generacie-vylepsena-viditelnost","status":"publish","type":"post","link":"https:\/\/extraslovensko.sk\/spravy\/piloti-f-22-testuju-helmu-s-pevnymi-kridlami-novej-generacie-vylepsena-viditelnost\/","title":{"rendered":"Piloti F-22 testuj\u00fa helmu s pevn\u00fdmi kr\u00eddlami novej gener\u00e1cie: Vylep\u0161en\u00e1 vidite\u013enos\u0165"},"content":{"rendered":"<p>Piloti F-22 u\u017e testuj\u00fa helmu s pevn\u00fdmi kr\u00eddlami novej gener\u00e1cie: Vylep\u0161en\u00e1 vidite\u013enos\u0165 a vhodn\u00e1 pre bud\u00face oper\u00e1cie vzdu\u0161n\u00fdch s\u00edl s cie\u013eom revol\u00facie vo vzdu\u0161n\u00fdch bojoch s nepriate\u013esk\u00fdmi pr\u00fadov\u00fdmi lietadlami. Nov\u00e1 gener\u00e1cia prilby s pevn\u00fdmi kr\u00eddelkami, nov\u00fd \u013eahk\u00fd dizajn, pon\u00faka lep\u0161iu vidite\u013enos\u0165 a je \u0161peci\u00e1lne prisp\u00f4soben\u00e1 tak, aby vyhovovala letcom.<\/p>\n<p>Pod\u013ea majora Bretta Gedmana z 301. st\u00edhacej perute umiestnenej na leteckej z\u00e1kladni Eglin prin\u00e1\u0161a nov\u00fd dizajn prilby do kokpitu bezkonkuren\u010dn\u00fa vidite\u013enos\u0165, mobilitu a pohodlie. Major Gedman v tla\u010dovej spr\u00e1ve vyjadril spokojnos\u0165 s modernizovanou prilbou a uviedol, \u017ee \u010faleko prevy\u0161uje svojich predchodcov.<\/p>\n<h1>Piloti F-22 testuj\u00fa nov\u00fa helmu s pevn\u00fdmi kr\u00eddlami novej gener\u00e1cie<br \/> Vylep\u0161en\u00e1 vidite\u013enos\u0165<\/h1>\n<p>T\u00e1to pokro\u010dil\u00e1 prilba, ktor\u00e1 m\u00e1 nahradi\u0165 zastaran\u00fa HGU-55\/P z 80. rokov 20. storo\u010dia, je vyroben\u00e1 z \u013eahk\u00fdch uhl\u00edkov\u00fdch vl\u00e1kien, \u010do zais\u0165uje chladnej\u0161ie a pohodlnej\u0161ie nosenie pre pilotov. Je tie\u017e navrhnut\u00fd tak, aby hladko integroval syst\u00e9my signaliz\u00e1cie namontovan\u00e9 na prilbe a okuliare na no\u010dn\u00e9 videnie. Prilba je vybaven\u00e1 svetlom aktivovan\u00fdm \u010de\u013eustnou kos\u0165ou, ktor\u00e9 poskytuje pilotom d\u00f4le\u017eit\u00e9 inform\u00e1cie po\u010das no\u010dn\u00fdch prist\u00e1van\u00ed a man\u00e9vrov.<\/p>\n<p>Zn\u00ed\u017eenie hmotnosti novej prilby je v\u00fdznamnou v\u00fdhodou pri man\u00e9vroch s vysokou gravit\u00e1ciou, \u010d\u00edm sa minimalizuje nam\u00e1hanie krku pilotov. Pohodlie a maxim\u00e1lna vidite\u013enos\u0165 s\u00fa rozhoduj\u00face v prostred\u00ed s vizu\u00e1lnym dosahom, najm\u00e4 s rast\u00facimi hrozbami, ktor\u00fdm \u010delia piloti st\u00edha\u010diek v dne\u0161nej krajine, ako zd\u00f4raznil major Gedman.<\/p>\n<p>Ako \u010fal\u0161iu v\u00fdhodu pon\u00faka prilba s pevn\u00fdmi kr\u00eddlami novej gener\u00e1cie mo\u017enosti prisp\u00f4sobenia. \u010clenovia pos\u00e1dky m\u00f4\u017eu prida\u0165 v\u00fdpl\u0148 do prilby pre lep\u0161ie odpru\u017eenie a aktivova\u0165 svetl\u00e1, ktor\u00e9 s\u00fa \u0161peci\u00e1lne navrhnut\u00e9 tak, aby nezasahovali do digit\u00e1lneho displeja vo vn\u00fatri ich priezorov.<\/p>\n<p>Okrem svojich technick\u00fdch vylep\u0161en\u00ed nov\u00e1 prilba rie\u0161i aj \u0161pecifick\u00e9 potreby pilotiek. \u0160t\u00fadia americk\u00e9ho letectva vykonan\u00e1 v roku 2020 odhalila, \u017ee pilotky vy\u017eaduj\u00fa men\u0161ie prilby v porovnan\u00ed s ich mu\u017esk\u00fdmi kolegami. Star\u0161ia prilba, ktor\u00e1 p\u00f4vodne nebola navrhnut\u00e1 na podporu modern\u00fdch zobrazovac\u00edch syst\u00e9mov namontovan\u00fdch na prilbe, predstavovala v\u00fdzvy pre \u017eensk\u00e9 pos\u00e1dky. Uveden\u00edm prilby s pevn\u00fdmi kr\u00eddlami novej gener\u00e1cie s\u00fa tieto obavy efekt\u00edvne vyrie\u0161en\u00e9 a zabezpe\u010duj\u00fa optim\u00e1lny v\u00fdkon pre v\u0161etk\u00fdch pilotov.<\/p>\n<p>Po dokon\u010den\u00ed testovacieho programu s\u00fa prilby s pevn\u00fdmi kr\u00eddlami novej gener\u00e1cie napl\u00e1novan\u00e9 na zavedenie pre pos\u00e1dky lietadiel od bud\u00faceho roka. Bud\u00fa poskytnut\u00e9 v\u0161etk\u00fdm komunit\u00e1m pilotovan\u00fdch lietadiel, okrem F-35A Lightning II a vrtu\u013en\u00edkov, ktor\u00e9 maj\u00fa vlastn\u00fa \u0161pecializovan\u00fa pokr\u00fdvku hlavy.<\/p>\n","protected":false},"excerpt":{"rendered":"<p>Piloti F-22 u\u017e testuj\u00fa helmu s pevn\u00fdmi kr\u00eddlami novej gener\u00e1cie: Vylep\u0161en\u00e1 vidite\u013enos\u0165 a vhodn\u00e1 pre bud\u00face oper\u00e1cie vzdu\u0161n\u00fdch s\u00edl s cie\u013eom revol\u00facie vo vzdu\u0161n\u00fdch bojoch s nepriate\u013esk\u00fdmi pr\u00fadov\u00fdmi lietadlami. Nov\u00e1 gener\u00e1cia prilby s pevn\u00fdmi kr\u00eddelkami, nov\u00fd \u013eahk\u00fd dizajn, pon\u00faka lep\u0161iu vidite\u013enos\u0165 a je \u0161peci\u00e1lne prisp\u00f4soben\u00e1 tak, aby vyhovovala letcom. Pod\u013ea majora Bretta Gedmana z 301. [&hellip;]<\/p>\n","protected":false},"author":1,"featured_media":0,"comment_status":"closed","ping_status":"open","sticky":false,"template":"","format":"standard","meta":{"footnotes":""},"categories":[5],"tags":[],"class_list":["post-28526","post","type-post","status-publish","format-standard","hentry","category-exo-news"],"_links":{"self":[{"href":"https:\/\/extraslovensko.sk\/spravy\/wp-json\/wp\/v2\/posts\/28526","targetHints":{"allow":["GET"]}}],"collection":[{"href":"https:\/\/extraslovensko.sk\/spravy\/wp-json\/wp\/v2\/posts"}],"about":[{"href":"https:\/\/extraslovensko.sk\/spravy\/wp-json\/wp\/v2\/types\/post"}],"author":[{"embeddable":true,"href":"https:\/\/extraslovensko.sk\/spravy\/wp-json\/wp\/v2\/users\/1"}],"replies":[{"embeddable":true,"href":"https:\/\/extraslovensko.sk\/spravy\/wp-json\/wp\/v2\/comments?post=28526"}],"version-history":[{"count":0,"href":"https:\/\/extraslovensko.sk\/spravy\/wp-json\/wp\/v2\/posts\/28526\/revisions"}],"wp:attachment":[{"href":"https:\/\/extraslovensko.sk\/spravy\/wp-json\/wp\/v2\/media?parent=28526"}],"wp:term":[{"taxonomy":"category","embeddable":true,"href":"https:\/\/extraslovensko.sk\/spravy\/wp-json\/wp\/v2\/categories?post=28526"},{"taxonomy":"post_tag","embeddable":true,"href":"https:\/\/extraslovensko.sk\/spravy\/wp-json\/wp\/v2\/tags?post=28526"}],"curies":[{"name":"wp","href":"https:\/\/api.w.org\/{rel}","templated":true}]}}