{"id":28579,"date":"2023-05-23T08:15:22","date_gmt":"2023-05-23T08:15:22","guid":{"rendered":"https:\/\/extraslovensko.sk\/spravy\/?p=28579"},"modified":"2023-05-23T08:15:22","modified_gmt":"2023-05-23T08:15:22","slug":"zda-sa-ze-cina-uviazla-v-pasci-dovery-priciny-dosledky-a-potencialne-riesenia","status":"publish","type":"post","link":"https:\/\/extraslovensko.sk\/spravy\/zda-sa-ze-cina-uviazla-v-pasci-dovery-priciny-dosledky-a-potencialne-riesenia\/","title":{"rendered":"Zd\u00e1 sa, \u017ee \u010c\u00edna uviazla v pasci d\u00f4very, Pr\u00ed\u010diny, d\u00f4sledky a potenci\u00e1lne rie\u0161enia"},"content":{"rendered":"<p>Jedine\u010dn\u00e9 postavenie \u010d\u00ednskej ml\u00e1de\u017ee v produkt\u00edvnom veku a pracovnej sile pritiahlo pozornos\u0165 a vyvolalo obavy. Zatia\u013e \u010do mnoh\u00ed jednotlivci vo veku 16 a\u017e 24 rokov sa st\u00e1le vzdel\u00e1vaj\u00fa, pracovn\u00e9 vyhliadky tejto skupiny sa stali naliehav\u00fdm probl\u00e9mom. Napriek celkov\u00e9mu poklesu nezamestnanosti z 5,3 % na 5,2 % minul\u00fd mesiac do\u0161lo k v\u00fdrazn\u00e9mu n\u00e1rastu nezamestnanosti mlad\u00fdch na 20,4 %, \u010do predstavuje najvy\u0161\u0161iu zaznamenan\u00fa mieru od roku 2018.<\/p>\n<h1>\u010c\u00edna uviazla v pasci d\u00f4very, Pr\u00ed\u010diny, d\u00f4sledky a potenci\u00e1lne rie\u0161enia<\/h1>\n<p>Pod\u013ea Xiangrong Yu zo Citigroup a jeho kolegov zv\u00fd\u0161en\u00e9 zameranie na nezamestnanos\u0165 mlad\u00fdch odr\u00e1\u017ea vznikaj\u00facu \u201epascu d\u00f4very\u201c v \u010c\u00edne. Hoci hospod\u00e1rske o\u017eivenie krajiny v prvom \u0161tvr\u0165roku prekonalo o\u010dak\u00e1vania, zd\u00e1 sa, \u017ee investori s\u00fa fixovan\u00ed na jej \u201eslab\u00e9 \u010dl\u00e1nky\u201c, vr\u00e1tane nev\u00fdrazn\u00e9ho dovozu, pomalej infl\u00e1cie, rozdielov medzi v\u00fdrobou a slu\u017ebami a \u0165a\u017ekej situ\u00e1cie nezamestnan\u00fdch mlad\u00fdch \u013eud\u00ed. <\/p>\n<p>Geopolitick\u00e9 nap\u00e4tie tie\u017e sp\u00f4sobilo, \u017ee zahrani\u010dn\u00ed investori za\u010dali trpie\u0165 \u010c\u00ednou, ke\u010f 17. m\u00e1ja j\u00fcan klesol za sedem k dol\u00e1ru. Ekon\u00f3movia Citigroup v\u0161ak zd\u00f4raz\u0148uj\u00fa, \u017ee pesimizmus je roz\u0161\u00edren\u00fd a pretrv\u00e1vaj\u00faci aj na dom\u00e1com trhu.<\/p>\n<p>Vplyv tohto sentimentu je vidite\u013en\u00fd na \u010d\u00ednskych akciov\u00fdch trhoch, ktor\u00e9 sa vzdali v\u00fdznamnej \u010dasti svojich po\u010diato\u010dn\u00fdch ziskov z op\u00e4tovn\u00e9ho otvorenia. Okrem toho pozit\u00edvne prekvapenia v ekonomick\u00fdch \u00fadajoch mali mal\u00fd vplyv na trhy s pevn\u00fdm v\u00fdnosom, kde s\u00fa v\u00fdnosy vl\u00e1dnych dlhopisov len o nie\u010do vy\u0161\u0161ie ako po\u010das hlb\u00edn pand\u00e9mie COVID-19. <\/p>\n<p>Hoci sa spotrebite\u013esk\u00e1 d\u00f4vera v porovnan\u00ed s predch\u00e1dzaj\u00facim rokom zlep\u0161ila, st\u00e1le v\u00fdrazne zaost\u00e1va za \u00farov\u0148ami z roku 2019.<\/p>\n<p>Napriek nerovnomern\u00e9mu o\u017eiveniu, probl\u00e9my \u010c\u00edny presahuj\u00fa ekonomick\u00e9 obavy. Nebezpe\u010denstvom teraz je, \u017ee prevl\u00e1daj\u00faci negat\u00edvny sentiment by mohol br\u00e1ni\u0165 o\u017eiveniu krajiny. Napr\u00edklad rast \u00faverov bol v apr\u00edli ne\u010dakane pomal\u00fd a maloobchodn\u00e9 tr\u017eby, hoci boli silnej\u0161ie ako v apr\u00edli predch\u00e1dzaj\u00faceho roka (po\u010das blok\u00e1d vo ve\u013ek\u00fdch mest\u00e1ch, ako je \u0160anghaj), zaostali za odborn\u00fdmi progn\u00f3zami. <\/p>\n<p>O\u010dak\u00e1vania analytikov nesplnila ani priemyseln\u00e1 v\u00fdroba.<\/p>\n<p>Zatia\u013e \u010do \u0161t\u00e1tne podniky vykazovali pomerne siln\u00e9 invest\u00edcie, s\u00fakromn\u00e9 podniky zaznamenali len nepatrn\u00fd n\u00e1rast v\u00fddavkov o 0,4 % v porovnan\u00ed s predch\u00e1dzaj\u00facim rokom, ako uv\u00e1dza Oxford Economics. Jedn\u00fdm z faktorov, ktor\u00e9 prispievaj\u00fa k tomuto nev\u00fdrazn\u00e9mu rastu, je neistota okolo \u010d\u00ednskeho trhu s nehnute\u013enos\u0165ami, ktor\u00fd teraz \u010del\u00ed pochybnostiam o svojom rodiacom sa o\u017eiven\u00ed. <\/p>\n<p>Na z\u00e1klade vl\u00e1dnych nariaden\u00ed uprednostnili developeri dokon\u010denie existuj\u00facich stavebn\u00fdch projektov pred iniciovan\u00edm nov\u00fdch. V d\u00f4sledku toho za\u010dat\u00e9 b\u00fdvanie zaznamenalo pokles o viac ako 20 %, a to aj napriek takmer 19 % n\u00e1rastu dokon\u010denej podlahovej plochy.<\/p>\n<p>Slabos\u0165 na trhu s nehnute\u013enos\u0165ami viedla niektor\u00fdch ekon\u00f3mov k tomu, aby upravili svoje progn\u00f3zy rastu na tento rok smerom nadol. Napr\u00edklad Ting Lu z Nomury zn\u00ed\u017eil svoju projekciu z 5,9 % na 5,5 %, ako d\u00f4vod uviedol neschopnos\u0165 Pekingu vzbudi\u0165 d\u00f4veru medzi spotrebite\u013emi a obchodn\u00fdmi investormi. S pr\u00edchodom sklamania sa zvy\u0161uje riziko klesaj\u00facej \u0161pir\u00e1ly.<\/p>\n<p>Na o\u017eivenie o\u017eivenia a zv\u00fd\u0161enie d\u00f4very by \u010c\u00edna mohla zv\u00e1\u017ei\u0165 zavedenie v\u00fdraznej\u0161ieho uvo\u013enenia menovej politiky. Pri infl\u00e1cii na \u00farovni iba 0,1 % v apr\u00edli existuje dostato\u010dn\u00fd priestor na stimula\u010dn\u00e9 opatrenia. Vzh\u013eadom na mierny ofici\u00e1lny cie\u013e rastu \u010c\u00edny na \u00farovni 5 % na tento rok sa v\u0161ak vl\u00e1da nemus\u00ed pon\u00e1h\u013ea\u0165 s poskytovan\u00edm rozsiahlej podpory. <\/p>\n<p>Zahrani\u010dn\u00fdm investorom aj \u010d\u00ednskym spotrebite\u013eom ch\u00fdba dostato\u010dn\u00e1 d\u00f4vera v vyhliadky na o\u017eivenie \u010c\u00edny a konzervat\u00edvny rastov\u00fd cie\u013e vl\u00e1dy stanoven\u00fd v marci \u010falej nazna\u010duje nedostatok d\u00f4very.<\/p>\n","protected":false},"excerpt":{"rendered":"<p>Jedine\u010dn\u00e9 postavenie \u010d\u00ednskej ml\u00e1de\u017ee v produkt\u00edvnom veku a pracovnej sile pritiahlo pozornos\u0165 a vyvolalo obavy. Zatia\u013e \u010do mnoh\u00ed jednotlivci vo veku 16 a\u017e 24 rokov sa st\u00e1le vzdel\u00e1vaj\u00fa, pracovn\u00e9 vyhliadky tejto skupiny sa stali naliehav\u00fdm probl\u00e9mom. Napriek celkov\u00e9mu poklesu nezamestnanosti z 5,3 % na 5,2 % minul\u00fd mesiac do\u0161lo k v\u00fdrazn\u00e9mu n\u00e1rastu nezamestnanosti mlad\u00fdch na [&hellip;]<\/p>\n","protected":false},"author":1,"featured_media":0,"comment_status":"closed","ping_status":"open","sticky":false,"template":"","format":"standard","meta":{"footnotes":""},"categories":[5],"tags":[],"class_list":["post-28579","post","type-post","status-publish","format-standard","hentry","category-exo-news"],"_links":{"self":[{"href":"https:\/\/extraslovensko.sk\/spravy\/wp-json\/wp\/v2\/posts\/28579","targetHints":{"allow":["GET"]}}],"collection":[{"href":"https:\/\/extraslovensko.sk\/spravy\/wp-json\/wp\/v2\/posts"}],"about":[{"href":"https:\/\/extraslovensko.sk\/spravy\/wp-json\/wp\/v2\/types\/post"}],"author":[{"embeddable":true,"href":"https:\/\/extraslovensko.sk\/spravy\/wp-json\/wp\/v2\/users\/1"}],"replies":[{"embeddable":true,"href":"https:\/\/extraslovensko.sk\/spravy\/wp-json\/wp\/v2\/comments?post=28579"}],"version-history":[{"count":0,"href":"https:\/\/extraslovensko.sk\/spravy\/wp-json\/wp\/v2\/posts\/28579\/revisions"}],"wp:attachment":[{"href":"https:\/\/extraslovensko.sk\/spravy\/wp-json\/wp\/v2\/media?parent=28579"}],"wp:term":[{"taxonomy":"category","embeddable":true,"href":"https:\/\/extraslovensko.sk\/spravy\/wp-json\/wp\/v2\/categories?post=28579"},{"taxonomy":"post_tag","embeddable":true,"href":"https:\/\/extraslovensko.sk\/spravy\/wp-json\/wp\/v2\/tags?post=28579"}],"curies":[{"name":"wp","href":"https:\/\/api.w.org\/{rel}","templated":true}]}}