{"id":28630,"date":"2023-05-31T10:13:48","date_gmt":"2023-05-31T10:13:48","guid":{"rendered":"https:\/\/extraslovensko.sk\/spravy\/?p=28630"},"modified":"2023-05-31T10:13:48","modified_gmt":"2023-05-31T10:13:48","slug":"iran-ziadne-cervene-ciary-ak-izrael-zautoci-netanjahu-zdoraznuje-silu-kombinovanej-ludskej-a-umelej-inteligencie-pre-izrael","status":"publish","type":"post","link":"https:\/\/extraslovensko.sk\/spravy\/iran-ziadne-cervene-ciary-ak-izrael-zautoci-netanjahu-zdoraznuje-silu-kombinovanej-ludskej-a-umelej-inteligencie-pre-izrael\/","title":{"rendered":"Ir\u00e1n: \u017diadne \u010derven\u00e9 \u010diary, ak Izrael za\u00fato\u010d\u00ed; Netanjahu zd\u00f4raz\u0148uje silu kombinovanej \u013eudskej a umelej inteligencie pre Izrael"},"content":{"rendered":"<p>Geopolitick\u00e9 nap\u00e4tie medzi Ir\u00e1nom a Izraelom je na Bl\u00edzkom v\u00fdchode aj mimo neho dlhodobo predmetom ob\u00e1v. Ned\u00e1vny v\u00fdvoj situ\u00e1ciu e\u0161te viac eskaloval, ke\u010f Ir\u00e1n vyhl\u00e1sil, \u017ee ak Izrael iniciuje \u00fatok, nebud\u00fa \u017eiadne \u010derven\u00e9 \u010diary. Izraelsk\u00fd premi\u00e9r Benjamin Netanjahu v reakcii zd\u00f4raznil d\u00f4le\u017eitos\u0165 kombin\u00e1cie \u013eudskej a umelej inteligencie (AI) na udr\u017eanie strategickej v\u00fdhody Izraela v regi\u00f3ne.  <\/p>\n<h1>Ir\u00e1n a  \u010derven\u00e9 \u010diary, ak Izrael za\u00fato\u010d\u00ed<br \/> Netanjahu zd\u00f4raz\u0148uje silu kombinovanej \u013eudskej a umelej inteligencie pre Izrael<\/h1>\n<p>Ir\u00e1n bude ma\u0165 do konca roka 2023 10 zariaden\u00ed na obohacovanie ur\u00e1nu vysokej kvality. M\u00e1 dos\u0165 na 5 jadrov\u00fdch zbran\u00ed, hovor\u00ed Gallant.<\/p>\n<p>Vyhl\u00e1senie Ir\u00e1nu, \u017ee v pr\u00edpade izraelsk\u00fdch \u00fatokov nebude ma\u0165 \u017eiadne \u010derven\u00e9 \u010diary, zd\u00f4raz\u0148uje eskal\u00e1ciu nap\u00e4tia medzi oboma n\u00e1rodmi. Vyhl\u00e1senie nazna\u010duje, \u017ee Ir\u00e1n je pripraven\u00fd agres\u00edvne reagova\u0165 na ak\u00fdko\u013evek akt agresie zo strany Izraela a odstr\u00e1ni\u0165 ak\u00e9ko\u013evek obmedzenia alebo obmedzenia t\u00fdkaj\u00face sa jeho potenci\u00e1lnych odvetn\u00fdch akci\u00ed. Tento postoj prid\u00e1va \u010fal\u0161iu vrstvu volatility k u\u017e aj tak neistej region\u00e1lnej dynamike.<\/p>\n<p>Netanjahuov d\u00f4raz na kombinovan\u00fa \u013eudsk\u00fa a umel\u00fa inteligenciu:<\/p>\n<p>Izraelsk\u00fd premi\u00e9r Benjamin Netanjahu v reakcii na provokat\u00edvny postoj Ir\u00e1nu zd\u00f4raznil k\u013e\u00fa\u010dov\u00fa \u00falohu spojenia \u013eudskej inteligencie a AI pri udr\u017eiavan\u00ed n\u00e1skoku Izraela v regi\u00f3ne. Netanjahu si uvedomuje silu technol\u00f3gi\u00ed AI pri roz\u0161irovan\u00ed \u013eudsk\u00fdch schopnost\u00ed a zlep\u0161ovan\u00ed procesov strategick\u00e9ho rozhodovania.<\/p>\n<p>V\u00fdhody AI vo vojensk\u00fdch oper\u00e1ci\u00e1ch:<\/p>\n<p>Umel\u00e1 inteligencia preuk\u00e1zala v\u00fdznamn\u00fd potenci\u00e1l v r\u00f4znych vojensk\u00fdch aplik\u00e1ci\u00e1ch. M\u00f4\u017ee zlep\u0161i\u0165 zhroma\u017e\u010fovanie inform\u00e1ci\u00ed, u\u013eah\u010di\u0165 anal\u00fdzu \u00fadajov v re\u00e1lnom \u010dase, optimalizova\u0165 logistiku a pride\u013eovanie zdrojov a zlep\u0161i\u0165 situa\u010dn\u00e9 povedomie. Syst\u00e9my umelej inteligencie dok\u00e1\u017eu r\u00fdchlo a presne spracova\u0165 obrovsk\u00e9 mno\u017estvo inform\u00e1ci\u00ed, \u010do umo\u017e\u0148uje vojensk\u00fdm pl\u00e1nova\u010dom prij\u00edma\u0165 informovan\u00e9 rozhodnutia a efekt\u00edvne reagova\u0165 na dynamick\u00e9 situ\u00e1cie.<\/p>\n<p>Zatia\u013e \u010do technol\u00f3gie AI pon\u00fakaj\u00fa nepopierate\u013en\u00e9 v\u00fdhody, Netanjahuov d\u00f4raz na kombin\u00e1ciu \u013eudskej inteligencie s AI pod\u010diarkuje d\u00f4le\u017eitos\u0165 \u013eudskej odbornosti, intu\u00edcie a sk\u00fasenost\u00ed. \u013dudia s rozhodovac\u00edmi pr\u00e1vomocami disponuj\u00fa kontextov\u00fdm porozumen\u00edm, mor\u00e1lnym \u00fasudkom a schopnos\u0165ou zva\u017eova\u0165 r\u00f4zne faktory, ktor\u00e9 sa nedaj\u00fa \u013eahko kvantifikova\u0165 alebo rozl\u00ed\u0161i\u0165 samotn\u00fdmi algoritmami AI. <\/p>\n<p>Integr\u00e1ciou \u013eudskej inteligencie s AI sa Izrael sna\u017e\u00ed vyu\u017ei\u0165 siln\u00e9 str\u00e1nky oboch dom\u00e9n a maximalizova\u0165 efektivitu vojensk\u00fdch oper\u00e1ci\u00ed.<\/p>\n<p>Pokroky v AI a obrann\u00fdch technol\u00f3gi\u00e1ch:<\/p>\n<p>Izrael je u\u017e dlho uzn\u00e1van\u00fd ako glob\u00e1lny l\u00edder v oblasti technol\u00f3gi\u00ed a inov\u00e1ci\u00ed v oblasti obrany. Krajina v\u00fdrazne investovala do v\u00fdskumu a v\u00fdvoja, najm\u00e4 do aplik\u00e1ci\u00ed AI na obrann\u00e9 \u00fa\u010dely. Izraelsk\u00e9 obrann\u00e9 spolo\u010dnosti a startupy boli v popred\u00ed v\u00fdvoja \u0161pi\u010dkov\u00fdch technol\u00f3gi\u00ed AI vr\u00e1tane auton\u00f3mnych syst\u00e9mov, rie\u0161en\u00ed kybernetickej bezpe\u010dnosti a pokro\u010dil\u00fdch mo\u017enost\u00ed sledovania a prieskumu. <\/p>\n<p>Tieto pokroky poskytuj\u00fa Izraelu jedine\u010dn\u00fa v\u00fdhodu v regi\u00f3ne, \u010do mu umo\u017e\u0148uje udr\u017ea\u0165 si kvalitat\u00edvnu vojensk\u00fa v\u00fdhodu.<\/p>\n<p>Stup\u0148uj\u00face sa nap\u00e4tie medzi Ir\u00e1nom a Izraelom spolu so zameran\u00edm Izraela na kombinovanie \u013eudsk\u00fdch schopnost\u00ed a schopnost\u00ed umelej inteligencie maj\u00fa v\u00fdznamn\u00e9 d\u00f4sledky pre region\u00e1lnu bezpe\u010dnos\u0165. Integr\u00e1cia AI do vojensk\u00fdch oper\u00e1ci\u00ed m\u00f4\u017ee potenci\u00e1lne zv\u00fd\u0161i\u0165 situa\u010dn\u00e9 povedomie Izraela, jeho schopnosti odstra\u0161enia a opera\u010dn\u00fa \u00fa\u010dinnos\u0165. Vzbudzuje to v\u0161ak aj obavy z potenci\u00e1lu ne\u00famyseln\u00fdch d\u00f4sledkov, eskal\u00e1cie a d\u00f4sledkov siln\u00e9ho spoliehania sa na rozhodovacie procesy riaden\u00e9 AI v citliv\u00fdch a kritick\u00fdch situ\u00e1ci\u00e1ch.<\/p>\n","protected":false},"excerpt":{"rendered":"<p>Geopolitick\u00e9 nap\u00e4tie medzi Ir\u00e1nom a Izraelom je na Bl\u00edzkom v\u00fdchode aj mimo neho dlhodobo predmetom ob\u00e1v. Ned\u00e1vny v\u00fdvoj situ\u00e1ciu e\u0161te viac eskaloval, ke\u010f Ir\u00e1n vyhl\u00e1sil, \u017ee ak Izrael iniciuje \u00fatok, nebud\u00fa \u017eiadne \u010derven\u00e9 \u010diary. Izraelsk\u00fd premi\u00e9r Benjamin Netanjahu v reakcii zd\u00f4raznil d\u00f4le\u017eitos\u0165 kombin\u00e1cie \u013eudskej a umelej inteligencie (AI) na udr\u017eanie strategickej v\u00fdhody Izraela v regi\u00f3ne. [&hellip;]<\/p>\n","protected":false},"author":1,"featured_media":0,"comment_status":"closed","ping_status":"open","sticky":false,"template":"","format":"standard","meta":{"footnotes":""},"categories":[5],"tags":[],"class_list":["post-28630","post","type-post","status-publish","format-standard","hentry","category-exo-news"],"_links":{"self":[{"href":"https:\/\/extraslovensko.sk\/spravy\/wp-json\/wp\/v2\/posts\/28630","targetHints":{"allow":["GET"]}}],"collection":[{"href":"https:\/\/extraslovensko.sk\/spravy\/wp-json\/wp\/v2\/posts"}],"about":[{"href":"https:\/\/extraslovensko.sk\/spravy\/wp-json\/wp\/v2\/types\/post"}],"author":[{"embeddable":true,"href":"https:\/\/extraslovensko.sk\/spravy\/wp-json\/wp\/v2\/users\/1"}],"replies":[{"embeddable":true,"href":"https:\/\/extraslovensko.sk\/spravy\/wp-json\/wp\/v2\/comments?post=28630"}],"version-history":[{"count":0,"href":"https:\/\/extraslovensko.sk\/spravy\/wp-json\/wp\/v2\/posts\/28630\/revisions"}],"wp:attachment":[{"href":"https:\/\/extraslovensko.sk\/spravy\/wp-json\/wp\/v2\/media?parent=28630"}],"wp:term":[{"taxonomy":"category","embeddable":true,"href":"https:\/\/extraslovensko.sk\/spravy\/wp-json\/wp\/v2\/categories?post=28630"},{"taxonomy":"post_tag","embeddable":true,"href":"https:\/\/extraslovensko.sk\/spravy\/wp-json\/wp\/v2\/tags?post=28630"}],"curies":[{"name":"wp","href":"https:\/\/api.w.org\/{rel}","templated":true}]}}