{"id":28677,"date":"2023-06-07T17:16:50","date_gmt":"2023-06-07T17:16:50","guid":{"rendered":"https:\/\/extraslovensko.sk\/spravy\/?p=28677"},"modified":"2023-06-07T17:16:50","modified_gmt":"2023-06-07T17:16:50","slug":"v-islamskom-nabozenstve-su-kladene-prisne-smernice-a-eticke-principy-na-vedenie-vojny","status":"publish","type":"post","link":"https:\/\/extraslovensko.sk\/spravy\/v-islamskom-nabozenstve-su-kladene-prisne-smernice-a-eticke-principy-na-vedenie-vojny\/","title":{"rendered":"V islamskom n\u00e1bo\u017eenstve s\u00fa kladen\u00e9 pr\u00edsne smernice a etick\u00e9 princ\u00edpy na vedenie vojny"},"content":{"rendered":"<p>\u00c1no, v islamskom n\u00e1bo\u017eenstve s\u00fa kladen\u00e9 pr\u00edsne smernice a etick\u00e9 princ\u00edpy na vedenie vojny. Islamsk\u00e9 u\u010denie uzn\u00e1va, \u017ee vojna m\u00f4\u017ee by\u0165 nevyhnutn\u00e1 v ist\u00fdch situ\u00e1ci\u00e1ch, ale stanovuje tie\u017e d\u00f4le\u017eit\u00e9 obmedzenia a z\u00e1sady, ktor\u00e9 riadia spr\u00e1vanie vo vojne. Tu je nieko\u013eko k\u013e\u00fa\u010dov\u00fdch princ\u00edpov:<\/p>\n<h1>V islamskom n\u00e1bo\u017eenstve s\u00fa kladen\u00e9 pr\u00edsne smernice<br \/> a etick\u00e9 princ\u00edpy na vedenie vojny<\/h1>\n<p>Obrana a spravodliv\u00e1 vojna: Islamsk\u00e9 u\u010denie uzn\u00e1va pr\u00e1vo na obranu jednotlivcov, komun\u00edt a n\u00e1roda pred \u00fatokom. Vo vojne je pova\u017eovan\u00e1 za spravodliv\u00fa len t\u00e1, ktor\u00e1 je legit\u00edmnou obranou proti \u00fatlaku alebo n\u00e1siliu.<\/p>\n<p>Obmedzenia vedenia vojny: Islamsk\u00e1 trad\u00edcia uklad\u00e1 obmedzenia na sp\u00f4sob, ak\u00fdm je vojna veden\u00e1. Napr\u00edklad civilisti a nebojuj\u00faci musia by\u0165 chr\u00e1nen\u00ed a nesm\u00fa by\u0165 cie\u013eom n\u00e1silia.<\/p>\n<p><img decoding=\"async\" class=\"cento\" id=\"imog2\" src=\"\/image\/kitab.jpg\" alt=\"V islamskom n\u00e1bo\u017eenstve s\u00fa kladen\u00e9 pr\u00edsne smernice a etick\u00e9 princ\u00edpy na vedenie vojny\" \/><\/p>\n<blockquote><p> Zab\u00edjanie nevinn\u00fdch civilistov je pova\u017eovan\u00e9 za ve\u013emi v\u00e1\u017ene hriechy.<\/p><\/blockquote>\n<hr>\n<p> \u00daplne n\u00e1m sta\u010di ir\u00e1nsko-irack\u00e1 vojna, vojna v Kuvajte v ktorej nevadilo zab\u00edjanie nevinn\u00fdch civilistov.<\/p>\n<hr>\n<p>Spravodlivos\u0165 a \u013eudskos\u0165: Islamsk\u00e9 u\u010denie zd\u00f4raz\u0148uje d\u00f4le\u017eitos\u0165 spravodlivosti a \u013eudskosti vo\u010di zajatcom a nepriate\u013eom. To zah\u0155\u0148a dodr\u017eiavanie ich pr\u00e1v, z\u00e1kazu mu\u010denia, zneu\u017e\u00edvania a zanedb\u00e1vania ich z\u00e1kladn\u00fdch potrieb.<\/p>\n<p>Proportion\u00e1lnos\u0165 a vyv\u00e1\u017eenos\u0165: Islamsk\u00e9 u\u010denie vyz\u00fdva k vedeniu vojny s miernos\u0165ou a zdr\u017eanlivos\u0165ou. Pou\u017eitie sily mus\u00ed by\u0165 proporcion\u00e1lne a primeran\u00e9 k dosiahnutiu legit\u00edmnych cie\u013eov vojny. Neprimeran\u00e9 n\u00e1silie, ni\u010denie majetku a sp\u00f4sobovanie zbyto\u010dn\u00e9ho utrpenia s\u00fa zak\u00e1zan\u00e9.<\/p>\n<p>Rovnos\u0165 v r\u00e1mci Islamsk\u00e9ho z\u00e1kona vojny: Vojna je riaden\u00e1 aj pravidlami Islamsk\u00e9ho pr\u00e1va vojny (Al-Muwatta). Tieto pravidl\u00e1 stanovuj\u00fa podrobn\u00e9 smernice pre spr\u00e1vanie vo vojne, zah\u0155\u0148aj\u00face napr\u00edklad vymedzenie zak\u00e1zan\u00fdch zbran\u00ed, spravovanie zajatcov a podmienky pre pr\u00edmerie.<\/p>\n<p>Je d\u00f4le\u017eit\u00e9 si uvedomi\u0165, \u017ee interpret\u00e1cia a uplat\u0148ovanie t\u00fdchto princ\u00edpov m\u00f4\u017ee sa l\u00ed\u0161i\u0165 medzi islamsk\u00fdmi pr\u00e1vnymi \u0161kolami a medzi r\u00f4znymi islamsk\u00fdmi n\u00e1zormi. Av\u0161ak z\u00e1sady spravodlivej vojny a etick\u00e9ho spr\u00e1vania s\u00fa v\u00fdznamnou s\u00fa\u010das\u0165ou islamsk\u00e9ho u\u010denia a formuj\u00fa etick\u00fd r\u00e1mec pre vedenie vojny v r\u00e1mci tohto n\u00e1bo\u017eenstva.<\/p>\n<p>Al-Muwatta je zn\u00e1my islamsk\u00fd pr\u00e1vny text, ktor\u00fd m\u00e1 ve\u013ek\u00fd v\u00fdznam v oblasti islamskej pr\u00e1vnej vedy. T\u00e1to kniha, ktor\u00fa zostavil im\u00e1m Malik ibn Anas, v\u00fdznamn\u00fd u\u010denec 8. storo\u010dia, sl\u00fa\u017ei ako z\u00e1kladn\u00fd zdroj islamsk\u00e9ho pr\u00e1va a poskytuje poh\u013ead na pr\u00e1vne predpisy, praktiky a trad\u00edcie ranej moslimskej komunity.<\/p>\n<p>Hlavn\u00fd rozdiel medzi sunnitsk\u00fdmi a \u0161iitsk\u00fdmi moslimami pramen\u00ed z ich n\u00e1zorov na n\u00e1stupn\u00edctvo vodcovstva po smrti proroka Mohameda. <\/p>\n<p>Sunniti veria, \u017ee vedenie by malo by\u0165 zalo\u017een\u00e9 na konsenze komunity (umma) a kvalifik\u00e1cii jednotlivcov. Uzn\u00e1vaj\u00fa prv\u00fdch \u0161tyroch kalifov, vr\u00e1tane Abu Bakra, Umara, Uthmana a Aliho, ako pr\u00e1voplatn\u00fdch n\u00e1stupcov Proroka. <\/p>\n<p>Na druhej strane \u0161iitsk\u00ed moslimovia veria, \u017ee vodcovstvo malo by\u0165 zdeden\u00e9 po prorokovej pokrvnej l\u00ednii, konkr\u00e9tne cez Aliho, jeho bratranca a za\u0165a a jeho potomkov, zn\u00e1mych ako im\u00e1movia. Odmietaj\u00fa legitimitu prv\u00fdch troch kalifov a pova\u017euj\u00fa Aliho za pr\u00e1voplatn\u00e9ho prv\u00e9ho im\u00e1ma.<\/p>\n<p>Tretia strana, s\u00fa Ibadiyyah, ktor\u00ed pod veden\u00edm a vplyvom osobnost\u00ed ako Abdullah ibn Ibad zalo\u017eili komunity v r\u00f4znych regi\u00f3noch, najm\u00e4 v Om\u00e1ne a \u010dastiach severnej Afriky. Ib\u00e1d\u00edja dnes zost\u00e1va v\u00fdraznou a v\u00fdznamnou vetvou islamu, pri\u010dom jeho nasledovn\u00edci sa nach\u00e1dzaj\u00fa predov\u0161etk\u00fdm v Om\u00e1ne, Al\u017e\u00edrsku, Tunisku a \u010dastiach L\u00edbye.<\/p>\n<p>Samozrejme sa medzi sebou hlu\u0161ia dodnes o Alahovu du\u0161u, kto bude \u0161\u00e9fom od svojho vzniku. Upravili si pravidl\u00e1 zab\u00edjania vo vojn\u00e1ch a horsa do toho z bratskej l\u00e1sky k isl\u00e1mu. Rovnako ako kres\u0165ania: Zabijte ich v\u0161etk\u00fdch, Boh si svojich spozn\u00e1. \u00c1men.<\/p>\n<p>Prv\u00e1 Fitna bola prvou ob\u010dianskou vojnou v islamskej komunite. Viedlo to k zvrhnutiu Ra\u0161\u00eddunsk\u00e9ho kalif\u00e1tu a vytvoreniu Umajjovsk\u00e9ho kalif\u00e1tu. Ob\u010dianska vojna zah\u0155\u0148ala tri hlavn\u00e9 bitky medzi \u0161tvrt\u00fdm ra\u0161\u00eddunsk\u00fdm kalifom Alim a povstaleck\u00fdmi skupinami.<\/p>\n<hr>\n<p>O dne\u0161n\u00fdch ir\u00e1nskych a s\u00fdrsk\u00fdch mu\u010diar\u0148ach sa do\u010d\u00edtate na internete ko\u013eko len chcete \ud83d\ude42<\/p>\n","protected":false},"excerpt":{"rendered":"<p>\u00c1no, v islamskom n\u00e1bo\u017eenstve s\u00fa kladen\u00e9 pr\u00edsne smernice a etick\u00e9 princ\u00edpy na vedenie vojny. Islamsk\u00e9 u\u010denie uzn\u00e1va, \u017ee vojna m\u00f4\u017ee by\u0165 nevyhnutn\u00e1 v ist\u00fdch situ\u00e1ci\u00e1ch, ale stanovuje tie\u017e d\u00f4le\u017eit\u00e9 obmedzenia a z\u00e1sady, ktor\u00e9 riadia spr\u00e1vanie vo vojne. Tu je nieko\u013eko k\u013e\u00fa\u010dov\u00fdch princ\u00edpov: V islamskom n\u00e1bo\u017eenstve s\u00fa kladen\u00e9 pr\u00edsne smernice a etick\u00e9 princ\u00edpy na vedenie vojny [&hellip;]<\/p>\n","protected":false},"author":1,"featured_media":0,"comment_status":"closed","ping_status":"open","sticky":false,"template":"","format":"standard","meta":{"footnotes":""},"categories":[7],"tags":[],"class_list":["post-28677","post","type-post","status-publish","format-standard","hentry","category-knihy"],"_links":{"self":[{"href":"https:\/\/extraslovensko.sk\/spravy\/wp-json\/wp\/v2\/posts\/28677","targetHints":{"allow":["GET"]}}],"collection":[{"href":"https:\/\/extraslovensko.sk\/spravy\/wp-json\/wp\/v2\/posts"}],"about":[{"href":"https:\/\/extraslovensko.sk\/spravy\/wp-json\/wp\/v2\/types\/post"}],"author":[{"embeddable":true,"href":"https:\/\/extraslovensko.sk\/spravy\/wp-json\/wp\/v2\/users\/1"}],"replies":[{"embeddable":true,"href":"https:\/\/extraslovensko.sk\/spravy\/wp-json\/wp\/v2\/comments?post=28677"}],"version-history":[{"count":0,"href":"https:\/\/extraslovensko.sk\/spravy\/wp-json\/wp\/v2\/posts\/28677\/revisions"}],"wp:attachment":[{"href":"https:\/\/extraslovensko.sk\/spravy\/wp-json\/wp\/v2\/media?parent=28677"}],"wp:term":[{"taxonomy":"category","embeddable":true,"href":"https:\/\/extraslovensko.sk\/spravy\/wp-json\/wp\/v2\/categories?post=28677"},{"taxonomy":"post_tag","embeddable":true,"href":"https:\/\/extraslovensko.sk\/spravy\/wp-json\/wp\/v2\/tags?post=28677"}],"curies":[{"name":"wp","href":"https:\/\/api.w.org\/{rel}","templated":true}]}}