{"id":28783,"date":"2023-06-19T09:07:10","date_gmt":"2023-06-19T09:07:10","guid":{"rendered":"https:\/\/extraslovensko.sk\/spravy\/?p=28783"},"modified":"2023-06-19T09:07:10","modified_gmt":"2023-06-19T09:07:10","slug":"madarsko-brani-vstupu-svedska-do-nato-ale-pouzivaju-svedske-gripeny-na-svoju-obranu-na-smiech","status":"publish","type":"post","link":"https:\/\/extraslovensko.sk\/spravy\/madarsko-brani-vstupu-svedska-do-nato-ale-pouzivaju-svedske-gripeny-na-svoju-obranu-na-smiech\/","title":{"rendered":"Ma\u010farsko br\u00e1ni vstupu \u0160vedska do NATO, pou\u017e\u00edvaj\u00fa \u0161v\u00e9dske Gripeny na svoju obranu, Na smiech"},"content":{"rendered":"<p>Ma\u010farsko chce br\u00e1ni\u0165 vstup \u0160vedska do NATO, ale pou\u017e\u00edvaj\u00fa \u0161v\u00e9dske Gripeny na svoju obranu. S\u00fadruh NATO Felvid\u00e9k Turul Orb\u00e1n nevie \u010do chce. Ma\u010farsko v posledn\u00fdch rokoch podniklo v\u00fdznamn\u00e9 kroky na moderniz\u00e1ciu a posilnenie svojich obrann\u00fdch kapac\u00edt a jedn\u00fdm z k\u013e\u00fa\u010dov\u00fdch pokrokov v tomto procese bolo z\u00edskanie st\u00edha\u010diek Gripen \u0161v\u00e9dskej v\u00fdroby.  Viktor Orb\u00e1n fandil ma\u010farsk\u00fdm futbalistom so \u0161\u00e1lom a mapou Uhorska.<\/p>\n<p>Turul Orb\u00e1n nad\u00e1va na EU, nad\u00e1va na NATO, ale z EU a NATO odmieta vyst\u00fapi\u0165. \u010cim to je? Bl\u00e1hovsk\u00fd populizmus v Ma\u010farsku, za v\u0161etko zlo vo svete vraj m\u00f4\u017ee \u0160oro\u0161 \ud83d\ude42<\/p>\n<h1>Ma\u010farsko br\u00e1ni vstupu \u0160vedska do NATO, ale pou\u017e\u00edvaj\u00fa \u0161vedske Gripeny na svoju obranu, na smiech<\/h1>\n<p>Zavedenie Gripenov do vzdu\u0161n\u00fdch s\u00edl Ma\u010farska predstavuje strategick\u00e9 rozhodnutie na posilnenie vojensk\u00fdch sp\u00f4sobilost\u00ed krajiny, podporu region\u00e1lnej bezpe\u010dnosti a posilnenie obrannej spolupr\u00e1ce so \u0160v\u00e9dskom.<\/p>\n<p>Saab Gripen je viac\u00fa\u010delov\u00e9 bojov\u00e9 lietadlo zn\u00e1me svojimi pokro\u010dil\u00fdmi schopnos\u0165ami, vysok\u00fdm v\u00fdkonom a cenovou efekt\u00edvnos\u0165ou. Je navrhnut\u00fd tak, aby vynikal v \u0161irokej \u0161k\u00e1le misi\u00ed vr\u00e1tane protivzdu\u0161nej obrany, pozemn\u00e9ho \u00fatoku a prieskumu. Rozhodnutie Ma\u010farska zaobstara\u0165 si Gripen je odrazom z\u00e1v\u00e4zku udr\u017eiava\u0165 modern\u00e9 a schopn\u00e9 letectvo, ktor\u00e9 dok\u00e1\u017ee efekt\u00edvne rie\u0161i\u0165 meniace sa bezpe\u010dnostn\u00e9 v\u00fdzvy.<\/p>\n<p>Akviz\u00edcia Gripenov Ma\u010farskom m\u00e1 nieko\u013eko v\u00fdhod. Po prv\u00e9, zvy\u0161uje n\u00e1rodn\u00fa bezpe\u010dnos\u0165 krajiny t\u00fdm, \u017ee poskytuje spo\u013eahliv\u00e9 a pokro\u010dil\u00e9 bojov\u00e9 lietadlo, ktor\u00e9 dok\u00e1\u017ee \u00fa\u010dinne chr\u00e1ni\u0165 jej vzdu\u0161n\u00fd priestor. \u0160pi\u010dkov\u00e1 technol\u00f3gia Gripenov vr\u00e1tane pokro\u010dil\u00fdch radarov\u00fdch syst\u00e9mov, mo\u017enost\u00ed elektronick\u00e9ho boja a interoperability so syst\u00e9mami NATO zais\u0165uje, \u017ee Ma\u010farsko je dobre vybaven\u00e9 na detekciu, odstra\u0161ovanie a reakciu na potenci\u00e1lne hrozby.<\/p>\n<p>Uvedenie Gripenov navy\u0161e posil\u0148uje poz\u00edciu Ma\u010farska v r\u00e1mci NATO, Severoatlantickej aliancie. Ako \u010dlen NATO hr\u00e1 Ma\u010farsko k\u013e\u00fa\u010dov\u00fa \u00falohu v \u00fasil\u00ed kolekt\u00edvnej obrany a jeho schopnos\u0165 prispie\u0165 schopn\u00fdmi a modern\u00fdmi lietadlami zvy\u0161uje celkov\u00fa opera\u010dn\u00fa efektivitu aliancie. Kompatibilita Gripenov s riadiacimi a riadiacimi syst\u00e9mami NATO u\u013eah\u010duje bezprobl\u00e9mov\u00fa integr\u00e1ciu a spolupr\u00e1cu s ostatn\u00fdmi \u010dlensk\u00fdmi \u0161t\u00e1tmi po\u010das spolo\u010dn\u00fdch oper\u00e1ci\u00ed a v\u00fdcvikov\u00fdch cvi\u010den\u00ed.<\/p>\n<p>Akviz\u00edcia Gripenov tie\u017e podporuje obrann\u00fa spolupr\u00e1cu medzi Ma\u010farskom a \u0160v\u00e9dskom. \u0160v\u00e9dsko m\u00e1 dlhodob\u00fa poves\u0165 v\u00fdroby vysokokvalitn\u00e9ho obrann\u00e9ho vybavenia a je akt\u00edvnym \u00fa\u010dastn\u00edkom medzin\u00e1rodnej spolupr\u00e1ce v oblasti obrany. Prostredn\u00edctvom obstar\u00e1vania st\u00edha\u010diek Gripen Ma\u010farsko \u0165a\u017e\u00ed zo \u0161v\u00e9dskych odborn\u00fdch znalost\u00ed a sk\u00fasenost\u00ed v obrannom priemysle, \u010d\u00edm sa posil\u0148uj\u00fa bilater\u00e1lne v\u00e4zby medzi oboma krajinami.<\/p>\n<p>Pr\u00edtomnos\u0165 Gripenov v Ma\u010farsku navy\u0161e pozit\u00edvne ovplyv\u0148uje obrann\u00fd priemysel a ekonomiku krajiny. Akviz\u00edcia vytv\u00e1ra pr\u00edle\u017eitosti na transfer technol\u00f3gi\u00ed, priemyseln\u00fa spolupr\u00e1cu a vytv\u00e1ranie pracovn\u00fdch miest. Ma\u010farsko m\u00f4\u017ee rozv\u00edja\u0165 svoje obrann\u00e9 v\u00fdrobn\u00e9 kapacity \u00fa\u010das\u0165ou na v\u00fdrobe a \u00fadr\u017ebe Gripenov, \u010do povedie k rastu dom\u00e1ceho obrann\u00e9ho priemyslu a z\u00edskaniu cenn\u00fdch technick\u00fdch zru\u010dnost\u00ed.<\/p>\n<p>Na z\u00e1ver mo\u017eno poveda\u0165, \u017ee zavedenie \u0161v\u00e9dskych st\u00edha\u010diek Gripen do vzdu\u0161n\u00fdch s\u00edl Ma\u010farska predstavuje v\u00fdznamn\u00fd krok k posilneniu obranyschopnosti krajiny. Pokro\u010dil\u00e1 technol\u00f3gia, interoperabilita a n\u00e1kladov\u00e1 efekt\u00edvnos\u0165 Gripenov prispievaj\u00fa k n\u00e1rodnej bezpe\u010dnosti Ma\u010farska, kolekt\u00edvnej obrane NATO a obrannej spolupr\u00e1ci so \u0160v\u00e9dskom. <\/p>\n<p>Ke\u010f\u017ee Ma\u010farsko pokra\u010duje v posil\u0148ovan\u00ed svojho obrann\u00e9ho postavenia, Gripen je symbolom z\u00e1v\u00e4zku krajiny udr\u017eiava\u0165 region\u00e1lnu bezpe\u010dnos\u0165 a prispieva\u0165 k medzin\u00e1rodn\u00e9mu obrann\u00e9mu \u00fasiliu.<\/p>\n<p><img decoding=\"async\" class=\"cento\" id=\"imog2\" src=\"\/image\/samir.jpg\" alt=\"Ma\u010farsko br\u00e1ni vstupu \u0160vedska do NATO, ale pou\u017e\u00edvaj\u00fa \u0161v\u00e9dske Gripeny na svoju obranu,  Viktor Orb\u00e1n fandil ma\u010farsk\u00fdm futbalistom so \u0161\u00e1lom a mapou Uhorska\" \/><\/p>\n<p>Felvid\u00e9k turul zabudol, \u017ee sta\u010d\u00ed Turecko, ak nepodpor\u00ed vstup \u0160vedska!<\/p>\n<p>Holt tak\u00fd je s\u00fadruh Orb\u00e1n, ktor\u00fd skrachoval aj ke\u010f m\u00e1 rusk\u00fd plyn skoro zadarmo, lebo rusi mu odlo\u017eili spl\u00e1tky na tri roky dopredu. Aj tak skrachoval. Asi to nebude t\u00fdm rusk\u00fdm plynom \ud83d\ude42<\/p>\n<hr>\n<p>My zatia\u013e vysk\u00fa\u0161ame recenziu na Vitus Substance 2 bicykel: <a href=\"https:\/\/apensoft.com\/vitus-substance-2-a-versatile-stylish-and-fun-gravel-bike-for-adventurous-riders\/\">Vitus Substance 2: A Versatile, Stylish, and Fun Gravel Bike for Adventurous Riders<\/a><\/p>\n","protected":false},"excerpt":{"rendered":"<p>Ma\u010farsko chce br\u00e1ni\u0165 vstup \u0160vedska do NATO, ale pou\u017e\u00edvaj\u00fa \u0161v\u00e9dske Gripeny na svoju obranu. S\u00fadruh NATO Felvid\u00e9k Turul Orb\u00e1n nevie \u010do chce. Ma\u010farsko v posledn\u00fdch rokoch podniklo v\u00fdznamn\u00e9 kroky na moderniz\u00e1ciu a posilnenie svojich obrann\u00fdch kapac\u00edt a jedn\u00fdm z k\u013e\u00fa\u010dov\u00fdch pokrokov v tomto procese bolo z\u00edskanie st\u00edha\u010diek Gripen \u0161v\u00e9dskej v\u00fdroby. Viktor Orb\u00e1n fandil ma\u010farsk\u00fdm futbalistom [&hellip;]<\/p>\n","protected":false},"author":1,"featured_media":0,"comment_status":"closed","ping_status":"open","sticky":false,"template":"","format":"standard","meta":{"footnotes":""},"categories":[8],"tags":[],"class_list":["post-28783","post","type-post","status-publish","format-standard","hentry","category-meduza"],"_links":{"self":[{"href":"https:\/\/extraslovensko.sk\/spravy\/wp-json\/wp\/v2\/posts\/28783","targetHints":{"allow":["GET"]}}],"collection":[{"href":"https:\/\/extraslovensko.sk\/spravy\/wp-json\/wp\/v2\/posts"}],"about":[{"href":"https:\/\/extraslovensko.sk\/spravy\/wp-json\/wp\/v2\/types\/post"}],"author":[{"embeddable":true,"href":"https:\/\/extraslovensko.sk\/spravy\/wp-json\/wp\/v2\/users\/1"}],"replies":[{"embeddable":true,"href":"https:\/\/extraslovensko.sk\/spravy\/wp-json\/wp\/v2\/comments?post=28783"}],"version-history":[{"count":0,"href":"https:\/\/extraslovensko.sk\/spravy\/wp-json\/wp\/v2\/posts\/28783\/revisions"}],"wp:attachment":[{"href":"https:\/\/extraslovensko.sk\/spravy\/wp-json\/wp\/v2\/media?parent=28783"}],"wp:term":[{"taxonomy":"category","embeddable":true,"href":"https:\/\/extraslovensko.sk\/spravy\/wp-json\/wp\/v2\/categories?post=28783"},{"taxonomy":"post_tag","embeddable":true,"href":"https:\/\/extraslovensko.sk\/spravy\/wp-json\/wp\/v2\/tags?post=28783"}],"curies":[{"name":"wp","href":"https:\/\/api.w.org\/{rel}","templated":true}]}}