{"id":28840,"date":"2023-07-10T17:01:10","date_gmt":"2023-07-10T17:01:10","guid":{"rendered":"https:\/\/extraslovensko.sk\/spravy\/?p=28840"},"modified":"2023-07-10T17:01:10","modified_gmt":"2023-07-10T17:01:10","slug":"izrael-podnikol-najvacsi-nalet-na-zapadny-breh-za-poslednych-20-rokov","status":"publish","type":"post","link":"https:\/\/extraslovensko.sk\/spravy\/izrael-podnikol-najvacsi-nalet-na-zapadny-breh-za-poslednych-20-rokov\/","title":{"rendered":"Izrael podnikol najv\u00e4\u010d\u0161\u00ed n\u00e1let na Z\u00e1padn\u00fd breh za posledn\u00fdch 20 rokov"},"content":{"rendered":"<p>Izraelsk\u00e1 oper\u00e1cia v D\u017een\u00edne dosiahla svoje posledn\u00e9 \u0161t\u00e1dium popoludn\u00ed 4. j\u00fala, pri\u010dom mal\u00fd obrnen\u00fd konvoj prech\u00e1dzal troskami na hlavnom n\u00e1mest\u00ed mesta a vyh\u00fdbal sa palest\u00ednskym sanitk\u00e1m r\u00fatiacim sa sem a tam. Takmer 1000 izraelsk\u00fdch \u0161peci\u00e1lnych s\u00edl vst\u00fapilo predch\u00e1dzaj\u00faci de\u0148, podporovan\u00e9 n\u00e1letmi bezpilotn\u00fdch lietadiel, pri prenasledovan\u00ed asi 300 militantov z Kata&#8217;ib Jenin (Brig\u00e1dy Jenin), ktor\u00ed si udr\u017eiavali kontrolu nad ute\u010deneck\u00fdm t\u00e1borom Jenin takmer dva roky. <\/p>\n<p>Dvan\u00e1s\u0165 Palest\u00edn\u010danov, o ktor\u00fdch Izrael tvrdil, \u017ee s\u00fa militanti, a jeden izraelsk\u00fd vojak bolo zabit\u00fdch, zatia\u013e \u010do mnoh\u00ed Palest\u00edn\u010dania boli zranen\u00ed a zajat\u00ed. Izraelsk\u00e9 sily ozn\u00e1mili zni\u010denie 30 dieln\u00ed a skladov zbran\u00ed.<\/p>\n<h1>Izrael podnikol 4. j\u00fala 2023 najv\u00e4\u010d\u0161\u00ed n\u00e1let na Z\u00e1padn\u00fd breh za posledn\u00fdch 20 rokov<\/h1>\n<p><img decoding=\"async\" class=\"cento\" id=\"imog2\" src=\"\/image\/jenin.png\" alt=\"Izrael podnikol najv\u00e4\u010d\u0161\u00ed n\u00e1let na Z\u00e1padn\u00fd breh za posledn\u00fdch 20 rokov\" \/><\/p>\n<p>Napriek pretrv\u00e1vaj\u00facemu odporu zostali Palest\u00edn\u010dania vzdorovit\u00ed. Ke\u010f n\u00e1\u0161 kore\u0161pondent sprev\u00e1dzal izraelsk\u00fa jednotku do Jeninu, pod ved\u00facim vozidlom vybuchlo improvizovan\u00e9 v\u00fdbu\u0161n\u00e9 zariadenie (IED), ktor\u00e9mu sa podarilo dosta\u0165 k proviz\u00f3rnemu velite\u013estvu na okraji t\u00e1bora. Ml\u00e1de\u017e v uliciach zasyp\u00e1vala konvoj kame\u0148mi a farebn\u00fdmi bombami a sporadicky sa na\u0148 strie\u013eali z dia\u013eky. Do r\u00e1na 5. j\u00fala Izrael\u010dania odleteli a uzavreli 48-hodinov\u00fa oper\u00e1ciu, ktor\u00e1 znamenala najv\u00e4\u010d\u0161\u00ed n\u00e1let na palest\u00ednske mesto na okupovanom Z\u00e1padnom brehu od roku 2002. Brig\u00e1dny gener\u00e1l Avi Bluth, velite\u013e izraelsk\u00fdch s\u00edl v oblasti , neprechov\u00e1val \u017eiadne pochybnosti o tom, \u017ee militanti sa \u010doskoro preskupia.<\/p>\n<p>T\u00e1bor Jenin je jednou z najstar\u0161\u00edch palest\u00ednskych komun\u00edt a m\u00e1 kapacitu pribli\u017ene 18 000 \u013eud\u00ed na menej ako pol kilometra \u0161tvorcov\u00e9ho. Mesto trp\u00ed jednou z najvy\u0161\u0161\u00edch mier nezamestnanosti na Z\u00e1padnom brehu, pri\u010dom zna\u010dn\u00e1 \u010das\u0165 obyvate\u013eov sa spolieha na denn\u00fa pr\u00e1cu v Izraeli ako pr\u00edjem. U\u017e dva roky predstavuje Jenin v\u00fdznamn\u00fa v\u00fdzvu pre izraelsk\u00e9 bezpe\u010dnostn\u00e9 sily a relat\u00edvne neefekt\u00edvnu palest\u00ednsku samospr\u00e1vu so s\u00eddlom v Ramall\u00e1hu, severne od Jeruzalema. Je nepravdepodobn\u00e9, \u017ee palest\u00ednske bezpe\u010dnostn\u00e9 sily bud\u00fa m\u00f4c\u0165 v doh\u013eadnej bud\u00facnosti presadi\u0165 kontrolu nad Jeninom.<\/p>\n<p>Jenin je u\u017e dlho symbolom smrtiaceho teroru pre Izrael\u010danov a ba\u0161tou odporu pre Palest\u00edn\u010danov, ktor\u00ed s\u00fa proti izraelskej vojenskej okup\u00e1cii Z\u00e1padn\u00e9ho brehu Jord\u00e1nu a vo v\u0161eobecnosti poh\u0155daj\u00fa vn\u00edmanou skorumpovanou a stagnuj\u00facou vl\u00e1dou Mahm\u00fada Abb\u00e1sa, 87-ro\u010dn\u00e9ho Palest\u00edn\u010dana. prezident, ktor\u00e9ho mnoh\u00ed pova\u017euj\u00fa za izraelsk\u00e9ho splnomocnenca. Hamas, islamistick\u00e1 skupina ovl\u00e1daj\u00faca Gazu, sa prihl\u00e1sila k zodpovednosti za \u00fatok no\u017eom a nar\u00e1\u017ean\u00edm autami v Tel Avive zo 4. j\u00fala ako odvetu za n\u00e1let na Jenin.<\/p>\n<p>Militanti so s\u00eddlom v Jenine vykonali od jari predch\u00e1dzaj\u00faceho roka s\u00e9riu \u00fatokov vr\u00e1tane incidentu z apr\u00edla, ktor\u00fd vy\u00fastil do zastrelenia troch Izrael\u010danov v hlavnej \u0161tvrti Tel Avivu s no\u010dn\u00fdm \u017eivotom. V reakcii na to izraelsk\u00e9 bezpe\u010dnostn\u00e9 sily podnikli \u010dast\u00e9 razie v D\u017ean\u00edne, aby eliminovali alebo zajali k\u013e\u00fa\u010dov\u00e9 postavy v r\u00e1mci brig\u00e1d. Ako v\u0161ak ned\u00e1vno priznal vysok\u00fd izraelsk\u00fd d\u00f4stojn\u00edk, absencia zavedenej siete alebo organiz\u00e1cie sp\u00f4sobila, \u017ee ich odstr\u00e1nenie je mimoriadne n\u00e1ro\u010dn\u00e9. Brig\u00e1dy pozost\u00e1vaj\u00fa z mlad\u00fdch mu\u017eov, z ktor\u00fdch niektor\u00ed s\u00fa pridru\u017een\u00ed k r\u00f4znym palest\u00ednskym frakci\u00e1m a in\u00ed nemaj\u00fa \u017eiadnu pr\u00edslu\u0161nos\u0165. Vyvinuli IED schopn\u00e9 znefunk\u010dni\u0165 izraelsk\u00e9 obrnen\u00e9 vozidl\u00e1 a pok\u00fasili sa postavi\u0165 rakety na izraelsk\u00e9 dediny. Rast\u00faca sila ich palebnej sily sl\u00fa\u017eila ako katalyz\u00e1tor najnov\u0161ieho vp\u00e1du.<\/p>\n<p>Izraelsk\u00ed gener\u00e1li veria, \u017ee ned\u00e1vna oper\u00e1cia m\u00f4\u017ee poskytn\u00fa\u0165 do\u010dasn\u00fa \u00fa\u013eavu. Krajne pravicov\u00e9 frakcie v Izraeli v\u0161ak po\u017eaduj\u00fa rozsiahlej\u0161ie a \u010dastej\u0161ie oper\u00e1cie vr\u00e1tane zamerania sa na nepokojn\u00e9 mesto N\u00e1bulus na z\u00e1padnom brehu Jord\u00e1nu. \u017didovsk\u00ed osadn\u00edci na Z\u00e1padnom brehu Jord\u00e1nu a ich vplyvn\u00ed st\u00fapenci v kabinete Binyamina Netanjahua, vtedaj\u0161ieho premi\u00e9ra, zohrali \u00falohu pri povzbudzovan\u00ed najnov\u0161ieho \u00fatoku na Jenin.<\/p>\n<p>Izrael u\u017e v minulosti \u010delil podobn\u00fdm situ\u00e1ci\u00e1m. V apr\u00edli 2002, po s\u00e9rii samovra\u017eedn\u00fdch bombov\u00fdch \u00fatokov v Izraeli po\u010das druhej intif\u00e1dy (2000-2005), sa izraelsk\u00e1 arm\u00e1da zapojila do 11-d\u0148ovej bitky o z\u00edskanie kontroly nad ute\u010deneck\u00fdm t\u00e1borom Jenin, ktor\u00fd sl\u00fa\u017eil ako centrum pre tieto bombov\u00e9 \u00fatoky. . O \u017eivot pri\u0161lo viac ako 50 Palest\u00edn\u010danov a 23 izraelsk\u00fdch vojakov a zna\u010dn\u00e1 \u010das\u0165 t\u00e1bora bola zdemolovan\u00e1 obrnen\u00fdmi buldoz\u00e9rmi. Tentoraz, z ve\u013ekej \u010dasti v\u010faka zlep\u0161enej inteligencii a leteck\u00e9mu doh\u013eadu, bol vp\u00e1d krat\u0161\u00ed a sp\u00f4sobil men\u0161ie ni\u010denie. Bud\u00face strety v Jenine s\u00fa v\u0161ak takmer nevyhnutn\u00e9.<\/p>\n<p>N\u00e1silie sa zatia\u013e neroz\u0161\u00edrilo do in\u00fdch \u010dast\u00ed Z\u00e1padn\u00e9ho brehu. Napriek tomu, aj ke\u010f inv\u00e1zia nepovedie k eskal\u00e1cii, frustr\u00e1cia medzi mlad\u00fdmi Palest\u00edn\u010danmi bude na\u010falej r\u00e1s\u0165 bez skuto\u010dn\u00e9ho procesu smerom k \u0161t\u00e1tnosti alebo rovnosti. Napriek sofistikovanosti a sile izraelskej arm\u00e1dy m\u00f4\u017ee poskytn\u00fa\u0165 len do\u010dasn\u00fa pomoc.<\/p>\n<hr>\n<p>Kto chce vedie\u0165 bli\u017e\u0161ie o palest\u00edn\u010danoch nech si na\u0161tuduje n\u00e1rod Edomitov od Ezaua. Ten predal svoje dedi\u010dn\u00e9 pr\u00e1vo za tanier \u0161o\u0161ovice svojmu bratovi. Jord\u00e1nska Petra patrila Edomitom a v Libanone s\u00fa tie zn\u00e1me &#8220;stany ute\u010dencov&#8221; &#8211;  Tents of Edom!<\/p>\n","protected":false},"excerpt":{"rendered":"<p>Izraelsk\u00e1 oper\u00e1cia v D\u017een\u00edne dosiahla svoje posledn\u00e9 \u0161t\u00e1dium popoludn\u00ed 4. j\u00fala, pri\u010dom mal\u00fd obrnen\u00fd konvoj prech\u00e1dzal troskami na hlavnom n\u00e1mest\u00ed mesta a vyh\u00fdbal sa palest\u00ednskym sanitk\u00e1m r\u00fatiacim sa sem a tam. Takmer 1000 izraelsk\u00fdch \u0161peci\u00e1lnych s\u00edl vst\u00fapilo predch\u00e1dzaj\u00faci de\u0148, podporovan\u00e9 n\u00e1letmi bezpilotn\u00fdch lietadiel, pri prenasledovan\u00ed asi 300 militantov z Kata&#8217;ib Jenin (Brig\u00e1dy Jenin), ktor\u00ed si [&hellip;]<\/p>\n","protected":false},"author":1,"featured_media":0,"comment_status":"closed","ping_status":"open","sticky":false,"template":"","format":"standard","meta":{"footnotes":""},"categories":[5],"tags":[],"class_list":["post-28840","post","type-post","status-publish","format-standard","hentry","category-exo-news"],"_links":{"self":[{"href":"https:\/\/extraslovensko.sk\/spravy\/wp-json\/wp\/v2\/posts\/28840","targetHints":{"allow":["GET"]}}],"collection":[{"href":"https:\/\/extraslovensko.sk\/spravy\/wp-json\/wp\/v2\/posts"}],"about":[{"href":"https:\/\/extraslovensko.sk\/spravy\/wp-json\/wp\/v2\/types\/post"}],"author":[{"embeddable":true,"href":"https:\/\/extraslovensko.sk\/spravy\/wp-json\/wp\/v2\/users\/1"}],"replies":[{"embeddable":true,"href":"https:\/\/extraslovensko.sk\/spravy\/wp-json\/wp\/v2\/comments?post=28840"}],"version-history":[{"count":0,"href":"https:\/\/extraslovensko.sk\/spravy\/wp-json\/wp\/v2\/posts\/28840\/revisions"}],"wp:attachment":[{"href":"https:\/\/extraslovensko.sk\/spravy\/wp-json\/wp\/v2\/media?parent=28840"}],"wp:term":[{"taxonomy":"category","embeddable":true,"href":"https:\/\/extraslovensko.sk\/spravy\/wp-json\/wp\/v2\/categories?post=28840"},{"taxonomy":"post_tag","embeddable":true,"href":"https:\/\/extraslovensko.sk\/spravy\/wp-json\/wp\/v2\/tags?post=28840"}],"curies":[{"name":"wp","href":"https:\/\/api.w.org\/{rel}","templated":true}]}}