{"id":28963,"date":"2023-08-17T10:07:48","date_gmt":"2023-08-17T10:07:48","guid":{"rendered":"https:\/\/extraslovensko.sk\/spravy\/?p=28963"},"modified":"2023-08-17T10:07:48","modified_gmt":"2023-08-17T10:07:48","slug":"indonezia-chce-vyvazat-umierneny-islam-krajina-s-moslimskou-vacsinou-na-svete-vstupuje-do-diskusie-o-islame","status":"publish","type":"post","link":"https:\/\/extraslovensko.sk\/spravy\/indonezia-chce-vyvazat-umierneny-islam-krajina-s-moslimskou-vacsinou-na-svete-vstupuje-do-diskusie-o-islame\/","title":{"rendered":"Indon\u00e9zia chce vyv\u00e1\u017ea\u0165 umiernen\u00fd islam, krajina s moslimskou v\u00e4\u010d\u0161inou na svete vstupuje do diskusie o islame"},"content":{"rendered":"<p>Vraj Indon\u00e9zia chce vyv\u00e1\u017ea\u0165 umiernen\u00fd islam, krajina s moslimskou v\u00e4\u010d\u0161inou na svete vstupuje do diskusie o islame.  Pred 22 rokmi nastra\u017eili d\u017eih\u00e1distick\u00ed teroristi bomby na kostoly v mest\u00e1ch po celej Indon\u00e9zii a zabili 18 \u013eud\u00ed. Odvtedy sa ka\u017ed\u00e9 Vianoce \u010dlenovia najv\u00e4\u010d\u0161ej moslimskej skupiny v krajine, Nahdlatul Ulama ( nu ), zhroma\u017e\u010fuj\u00fa pred kostolmi v Indon\u00e9zii, aby zabezpe\u010dili, \u017ee kres\u0165ania m\u00f4\u017eu bezpe\u010dne uctieva\u0165 bohoslu\u017eby. Siln\u00e1 islamsk\u00e1 organiz\u00e1cia m\u00e1 teraz ambici\u00f3znej\u0161\u00ed cie\u013e: \u0161\u00edri\u0165 svoje umiernen\u00e9 n\u00e1zory v moslimskom svete.<\/p>\n<h1>Indon\u00e9zia chce vyv\u00e1\u017ea\u0165 umiernen\u00fd islam<br \/> krajina s moslimskou v\u00e4\u010d\u0161inou na svete vstupuje do diskusie o islame<\/h1>\n<p>Na celej veci je sranda to, \u017ee v Indon\u00e9zii nesmiete by\u0165 ateista, teda mus\u00edte veri\u0165 v nejak\u00e9ho falo\u0161n\u00e9ho Boha \ud83d\ude42<\/p>\n<p>Napriek tomu, \u017ee je Indon\u00e9zia naj\u013eudnatej\u0161ou krajinou s moslimskou v\u00e4\u010d\u0161inou na svete, Indon\u00e9zia dlho nedosahuje svoju v\u00e1hu vo ve\u013ek\u00fdch islamsk\u00fdch debat\u00e1ch. Dominantn\u00e9 moslimsk\u00e9 my\u0161lienky, duchovn\u00e9 a politick\u00e9, dlho vych\u00e1dzali z konzervat\u00edvneho Bl\u00edzkeho v\u00fdchodu. Vidno to medzi 237 mili\u00f3nmi indon\u00e9zskych moslimov. <\/p>\n<p>Demon\u0161tr\u00e1cie verejnej zbo\u017enosti v \u0161t\u00fdle Bl\u00edzkeho v\u00fdchodu s\u00fa v posledn\u00fdch desa\u0165ro\u010diach ove\u013ea be\u017enej\u0161ie. Ove\u013ea viac \u017eien teraz nos\u00ed moslimsk\u00fa \u0161atku alebo hid\u017e\u00e1b. Napriek tomu v\u00e4\u010d\u0161ina Indon\u00e9zanov st\u00e1le dodr\u017eiava synkretick\u00e9 trad\u00edcie regi\u00f3nu. Vo v\u00fdchodnej J\u00e1ve, srdci nu , mie\u0161aj\u00fa islam s miestnymi j\u00e1vskymi presved\u010deniami naz\u00fdvan\u00fdmi kejawen.<\/p>\n<p>\u0160t\u00e1tna ideol\u00f3gia krajiny, zn\u00e1ma ako pancasila, podporuje tak\u00fato umiernenos\u0165. <strong>Zakazuje ateizmus, ale umo\u017e\u0148uje n\u00e1bo\u017eensk\u00fa slobodu.<\/strong> Indon\u00e9zia m\u00e1 \u0161es\u0165 ofici\u00e1lnych n\u00e1bo\u017eenstiev: islam, katolicizmus, protestantizmus, budhizmus, hinduizmus a konfucianizmus. Jeho hlavn\u00e9 moslimsk\u00e9 organiz\u00e1cie teraz presadzuj\u00fa inkluz\u00edvnej\u0161\u00ed, tolerantnej\u0161\u00ed islam, ktor\u00fd odr\u00e1\u017ea ducha pancasila .<\/p>\n<p>N\u00e1zory nu s\u00fa obzvl\u00e1\u0161\u0165 siln\u00e9. Skupina tvrd\u00ed, \u017ee m\u00e1 viac ako 100 mili\u00f3nov nasledovn\u00edkov \u2013 vr\u00e1tane nieko\u013ek\u00fdch \u010dlenov kabinetu prezidenta Joka Widoda \u2013 a prev\u00e1dzkuje 23 000 islamsk\u00fdch intern\u00e1tnych \u0161k\u00f4l a viac ako 250 univerz\u00edt. Vo febru\u00e1ri viac ako mili\u00f3n jeho st\u00fapencov upchalo ulice Sidoarjo, mesta vo v\u00fdchodnej J\u00e1ve, na oslavy st\u00e9ho v\u00fdro\u010dia skupiny. <\/p>\n<p>Na podujat\u00ed sa z\u00fa\u010dastnili mnoh\u00ed z najvy\u0161\u0161\u00edch politick\u00fdch predstavite\u013eov krajiny vr\u00e1tane prezidenta (zn\u00e1meho ako Jokowi). nu ho pou\u017eila na form\u00e1lnu v\u00fdzvu na opustenie kalif\u00e1tu, fikt\u00edvnej autority, o ktorej sa predpoklad\u00e1, \u017ee dohliada na v\u0161etk\u00fdch moslimov.<\/p>\n<p>Skupina uviedla, \u017ee moslimovia by namiesto toho mali akceptova\u0165 realitu n\u00e1rodn\u00e9ho \u0161t\u00e1tu. Predt\u00fdm vyzval moslimov, aby odmietli koncept k\u00e1fira alebo neveriaceho a akceptovali nemoslimov ako spoluob\u010danov. Akoko\u013evek skromne m\u00f4\u017ee t\u00e1to kontrola reality znie\u0165, ke\u010f\u017ee poch\u00e1dza od najv\u00e4\u010d\u0161ej organiz\u00e1cie moslimskej ob\u010dianskej spolo\u010dnosti na svete, bola v\u00fdznamn\u00e1, nazna\u010duje James Dorsey, u\u010denec z rsis, think-tanku v Singapure.<\/p>\n<p>Po\u010das minul\u00e9ho roka, ke\u010f Indon\u00e9zia predsedala g 20, usporiadala paraleln\u00e9 n\u00e1bo\u017eensk\u00e9 f\u00f3rum Religion 20. Usporiadali ho spolo\u010dne nu a Muslimsk\u00e1 svetov\u00e1 liga, organiz\u00e1cia podporovan\u00e1 Saudskou Ar\u00e1biou, ktor\u00e1 bola dlho ideologick\u00fdm rivalom NU, ale v posledn\u00fdch rokoch sa stal umiernenej\u0161\u00edm. NU sa pripravuje na usporiadanie \u010fal\u0161ieho f\u00f3ra o n\u00e1bo\u017eenstve na okraji samitu Zdru\u017eenia n\u00e1rodov juhov\u00fdchodnej \u00c1zie, ktor\u00fd bude Indon\u00e9zia hosti\u0165 koncom tohto roka. <\/p>\n<p>\u201eNem\u00f4\u017eeme praktizova\u0165 islam tak, ako ho praktizovali na\u0161i predkovia a matky v minulosti, bez ak\u00fdchko\u013evek v\u00fdznamn\u00fdch zmien v na\u0161om ch\u00e1pan\u00ed,\u201c hovor\u00ed Ulil Abshar Abdalla, vysok\u00fd predstavite\u013e nu. <\/p>\n<p>\u201eNem\u00f4\u017eete zavies\u0165 \u0161ar\u00edu[islamsk\u00fd z\u00e1kon] ako pozit\u00edvny z\u00e1kon, ktor\u00fd je z\u00e1v\u00e4zn\u00fd pre v\u0161etk\u00fdch \u013eud\u00ed.\u201c<\/p>\n<p>Indon\u00e9zski moslimsk\u00ed l\u00eddri mohli zvoli\u0165 tvrd\u0161\u00ed kurz. \u0160tedrove\u010dern\u00e9 bombov\u00e9 \u00fatoky v roku 2000 znamenali za\u010diatok kampane Jemaah Islamiah, skupiny napojenej na al-K\u00e1idu, s cie\u013eom bojova\u0165 za islamsk\u00fd \u0161t\u00e1t v juhov\u00fdchodnej \u00c1zii. Za\u010diatkom 21. storo\u010dia zahynuli stovky pri bombov\u00fdch \u00fatokoch na Bali a na prominentn\u00fdch pamiatkach v Jakarte vr\u00e1tane austr\u00e1lskeho ve\u013evyslanectva. <\/p>\n<p>Sila radik\u00e1lnych islamsk\u00fdch skup\u00edn vyvrcholila v roku 2016, ke\u010f i\u0161li po vtedaj\u0161om guvern\u00e9rovi Jakarty, \u010d\u00ednsko-kres\u0165anom zn\u00e1mom ako Ahok. V d\u00f4sledku toho bol ods\u00faden\u00fd za vykon\u0161truovan\u00e9 obvinenia z r\u00fahania a uv\u00e4znen\u00fd na dva roky.<\/p>\n<p>To znamenalo pre Jokowiho zlomov\u00fd bod. Jeho administrat\u00edva v rokoch 2017 a 2020 zak\u00e1zala dve islamsk\u00e9 skupiny tvrdej l\u00ednie, Hizbut Tahrir Indonesia a Front islamsk\u00fdch obrancov. Vl\u00e1da tie\u017e za\u010dala monitorova\u0165 \u0161t\u00e1tnych zamestnancov pre extr\u00e9mistick\u00e9 presved\u010denie. Zlyhanie al-K\u00e1jdy a Islamsk\u00e9ho \u0161t\u00e1tu pomohlo vl\u00e1de presadi\u0165, hovor\u00ed Ulil. <\/p>\n<p>Saudskoarabsk\u00e9 peniaze, ktor\u00e9 roky pr\u00fadili k indon\u00e9zskym islamistom, klesli za Muhammada bin Salm\u00e1na, saudskoarabsk\u00e9ho korunn\u00e9ho princa. V m\u00e1ji sa k NU pripojil Hanan Attaki, neofici\u00e1lny vodca konzervat\u00edvnej subkult\u00fary ob\u013e\u00fabenej medzi mlad\u00fdmi mestsk\u00fdmi moslimami, zn\u00e1mej ako hnutie hid\u017era.<\/p>\n<p>Z tohto mierneho trendu existuj\u00fa v\u00fdnimky. V apr\u00edli Indon\u00e9zii zak\u00e1zali organizova\u0165 majstrovstv\u00e1 sveta vo futbale do 20 rokov po tom, \u010do dvaja guvern\u00e9ri provinci\u00ed povedali, <strong>\u017ee izraelsk\u00fd t\u00edm by sa nemal z\u00fa\u010dastni\u0165.<\/strong><\/p>\n<p> Zar\u00e1\u017eaj\u00faci je aj n\u00e1rast verejnej zbo\u017enosti. Celebrity sa teraz hrn\u00fa na soci\u00e1lne siete a telev\u00edziu, aby op\u00edsali, ako praktizuj\u00fa islam. Jeden \u0161t\u00e1tny zamestnanec hovor\u00ed, \u017ee ke\u010f pred viac ako dvoma desa\u0165ro\u010diami nast\u00fapil do svojho vl\u00e1dneho ministerstva, modliteb\u0148a budovy sa takmer nepou\u017e\u00edvala. <\/p>\n<hr>\n<p>Isl\u00e1m sa pripravuje na ve\u013ek\u00e9 celosvetov\u00e9 zjednotenie, bude veselo, pozerajte na Afriku, kde vl\u00e1dne isl\u00e1m a zistite si \u010do znamenj\u00fa slov\u00e1 d\u017eih\u00e1d a kalif\u00e1t.<\/p>\n","protected":false},"excerpt":{"rendered":"<p>Vraj Indon\u00e9zia chce vyv\u00e1\u017ea\u0165 umiernen\u00fd islam, krajina s moslimskou v\u00e4\u010d\u0161inou na svete vstupuje do diskusie o islame. Pred 22 rokmi nastra\u017eili d\u017eih\u00e1distick\u00ed teroristi bomby na kostoly v mest\u00e1ch po celej Indon\u00e9zii a zabili 18 \u013eud\u00ed. Odvtedy sa ka\u017ed\u00e9 Vianoce \u010dlenovia najv\u00e4\u010d\u0161ej moslimskej skupiny v krajine, Nahdlatul Ulama ( nu ), zhroma\u017e\u010fuj\u00fa pred kostolmi v Indon\u00e9zii, [&hellip;]<\/p>\n","protected":false},"author":1,"featured_media":0,"comment_status":"closed","ping_status":"open","sticky":false,"template":"","format":"standard","meta":{"footnotes":""},"categories":[5],"tags":[],"class_list":["post-28963","post","type-post","status-publish","format-standard","hentry","category-exo-news"],"_links":{"self":[{"href":"https:\/\/extraslovensko.sk\/spravy\/wp-json\/wp\/v2\/posts\/28963","targetHints":{"allow":["GET"]}}],"collection":[{"href":"https:\/\/extraslovensko.sk\/spravy\/wp-json\/wp\/v2\/posts"}],"about":[{"href":"https:\/\/extraslovensko.sk\/spravy\/wp-json\/wp\/v2\/types\/post"}],"author":[{"embeddable":true,"href":"https:\/\/extraslovensko.sk\/spravy\/wp-json\/wp\/v2\/users\/1"}],"replies":[{"embeddable":true,"href":"https:\/\/extraslovensko.sk\/spravy\/wp-json\/wp\/v2\/comments?post=28963"}],"version-history":[{"count":0,"href":"https:\/\/extraslovensko.sk\/spravy\/wp-json\/wp\/v2\/posts\/28963\/revisions"}],"wp:attachment":[{"href":"https:\/\/extraslovensko.sk\/spravy\/wp-json\/wp\/v2\/media?parent=28963"}],"wp:term":[{"taxonomy":"category","embeddable":true,"href":"https:\/\/extraslovensko.sk\/spravy\/wp-json\/wp\/v2\/categories?post=28963"},{"taxonomy":"post_tag","embeddable":true,"href":"https:\/\/extraslovensko.sk\/spravy\/wp-json\/wp\/v2\/tags?post=28963"}],"curies":[{"name":"wp","href":"https:\/\/api.w.org\/{rel}","templated":true}]}}