{"id":28996,"date":"2023-08-30T20:11:52","date_gmt":"2023-08-30T20:11:52","guid":{"rendered":"https:\/\/extraslovensko.sk\/spravy\/?p=28996"},"modified":"2023-08-30T20:11:52","modified_gmt":"2023-08-30T20:11:52","slug":"vyvoz-ruskeho-plynu-do-ciny-a-ako-to-je-s-cinskymi-uholnymi-elektrarnami-buduju-dve-nove-za-tyzden","status":"publish","type":"post","link":"https:\/\/extraslovensko.sk\/spravy\/vyvoz-ruskeho-plynu-do-ciny-a-ako-to-je-s-cinskymi-uholnymi-elektrarnami-buduju-dve-nove-za-tyzden\/","title":{"rendered":"V\u00fdvoz rusk\u00e9ho plynu do \u010c\u00edny a ako to je s \u010d\u00ednskymi uho\u013en\u00fdmi elektr\u00e1r\u0148ami, buduj\u00fa dve nov\u00e9 za t\u00fd\u017ede\u0148"},"content":{"rendered":"<p>V\u00fdvoz rusk\u00e9ho plynu v roku 2022, 2023 do \u010c\u00edny a ako to je s \u010d\u00ednskymi uho\u013en\u00fdmi elektr\u00e1r\u0148ami. Prav\u00fd opak: buduj\u00fa dve nov\u00e9 za t\u00fd\u017ede\u0148. \u010c\u00ednske miestne vl\u00e1dy povolili v roku 2022 ohromuj\u00facich 106 gigawattov novej kapacity uho\u013enej energie, \u010do zodpoved\u00e1 100 ve\u013ek\u00fdm uho\u013en\u00fdm elektr\u00e1r\u0148am a najviac od roku 2015. Mno\u017estvo novopovolenej kapacity sa od roku 2021 \u0161tvorn\u00e1sobne zv\u00fd\u0161ilo.<\/p>\n<h1>V\u00fdvoz rusk\u00e9ho plynu do \u010c\u00edny a ako to je s \u010d\u00ednskymi uho\u013en\u00fdmi elektr\u00e1r\u0148ami<br \/> buduj\u00fa dve nov\u00e9 za t\u00fd\u017ede\u0148<\/h1>\n<p>Rozpr\u00e1vky rusov o rekordn\u00fdch dod\u00e1vkach s\u00fa nezmyslom, nemaj\u00fa to kde spracova\u0165. Tak\u017ee \u010d\u00ed\u0148an prebytok pred\u00e1va do sveta \ud83d\ude42<\/p>\n<p>Zr\u00fdchlil sa aj \u010fal\u0161\u00ed projekt uho\u013enej energetiky, pri\u010dom o 50 % viac sa za\u010dalo s v\u00fdstavbou a dvakr\u00e1t to\u013eko nov\u00fdch kapac\u00edt ohl\u00e1sen\u00fdch ako v roku 2021. Kapacita uho\u013en\u00fdch elektr\u00e1rn\u00ed, ktor\u00e9 sa za\u010dali stava\u0165 v \u010c\u00edne v roku 2022, bola \u0161es\u0165kr\u00e1t v\u00e4\u010d\u0161ia ako vo v\u0161etk\u00fdch zvy\u0161ok sveta dohromady.<\/p>\n<p>\u010c\u00ednsky energetick\u00fd regul\u00e1tor za\u010diatkom roku 2022 uviedol, \u017ee \u017eiadne nov\u00e9 uho\u013en\u00e9 elektr\u00e1rne nebud\u00fa povolen\u00e9 v\u00fdlu\u010dne na \u00fa\u010dely hromadnej v\u00fdroby energie. Provincie, ktor\u00e9 iniciuj\u00fa najv\u00e4\u010d\u0161\u00ed po\u010det nov\u00fdch projektov uho\u013enej energie, v\u0161ak t\u00fato po\u017eiadavku len \u0165a\u017eko sp\u013a\u0148aj\u00fa, ke\u010f\u017ee patria medzi tie, ktor\u00e9 uspokojuj\u00fa v\u00e4\u010d\u0161inu n\u00e1rastu svojich energetick\u00fdch potrieb prostredn\u00edctvom uhlia.<\/p>\n<p>Zd\u00e1 sa, \u017ee mas\u00edvna nov\u00e1 vlna uho\u013en\u00fdch elektr\u00e1rn\u00ed je odpove\u010fou na nedostatok elektriny z minul\u00e9ho leta, ktor\u00fd sp\u00f4sobilo historick\u00e9 sucho a hor\u00fa\u010davy a ktor\u00e9 e\u0161te zhor\u0161ilo zastaran\u00e9 riadenie siete. Zatia\u013e \u010do \u010c\u00edna r\u00fdchlo napreduje v roz\u0161irovan\u00ed \u010distej energie, energetick\u00fd syst\u00e9m krajiny zost\u00e1va z\u00e1visl\u00fd od kapacity uho\u013enej energie, pokia\u013e ide o pokrytie \u0161pi\u010dky elektrickej energie a riadenie variability dopytu a dod\u00e1vok \u010distej energie.<\/p>\n<p>Ve\u013ek\u00e9 pr\u00edrastky nov\u00fdch kapac\u00edt spa\u013euj\u00facich uhlie nemusia nevyhnutne znamena\u0165, \u017ee spotreba uhlia alebo emisie CO2 z energetick\u00e9ho sektora sa v \u010c\u00edne zv\u00fd\u0161ia. R\u00fdchly rast zariaden\u00ed na v\u00fdrobu \u010distej energie znamen\u00e1, \u017ee \u010fal\u0161\u00edm mo\u017en\u00fdm v\u00fdsledkom je klesaj\u00face vyu\u017e\u00edvanie obrovskej flotily uho\u013en\u00fdch elektr\u00e1rn\u00ed v krajine, ke\u010f\u017ee v\u00fdroba energie z uhlia vrchol\u00ed a kles\u00e1. <\/p>\n<p>V ka\u017edom pr\u00edpade stovky \u00faplne nov\u00fdch uho\u013en\u00fdch elektr\u00e1rn\u00ed s\u0165a\u017eia a predra\u017eia splnenie klimatick\u00fdch cie\u013eov \u010c\u00edny, ke\u010f\u017ee vlastn\u00edci elektr\u00e1rn\u00ed maj\u00fa z\u00e1ujem chr\u00e1ni\u0165 svoje akt\u00edva a vyhn\u00fa\u0165 sa r\u00fdchlemu vyra\u010fovaniu uhlia.<\/p>\n<h1>K\u013e\u00fa\u010dov\u00e9 zistenia spr\u00e1vy<\/h1>\n<p>S v\u00fdstavbou 50 GW uho\u013enej energie sa za\u010dalo v \u010c\u00edne v roku 2022, \u010do je viac ako 50 % n\u00e1rast oproti roku 2021. Mnoh\u00e9 z t\u00fdchto projektov mali ur\u00fdchlene vydan\u00e9 povolenia a v priebehu nieko\u013ek\u00fdch mesiacov sa presunuli do v\u00fdstavby. Celkovo bolo povolen\u00fdch 98 GW nov\u00fdch projektov uho\u013en\u00fdch elektr\u00e1rn\u00ed, \u010do je viac ako \u0161tvorn\u00e1sobok z 23 GW v roku 2021. <\/p>\n<p>Z projektov povolen\u00fdch v roku 2022 nebolo 60 GW vo v\u00fdstavbe v janu\u00e1ri 2023, ale pravdepodobne sa \u010doskoro za\u010dne stava\u0165, \u010do nazna\u010duje e\u0161te viac v\u00fdstavba sa za\u010dne v roku 2023. <\/p>\n<blockquote><p>Celkovo bolo spusten\u00fdch 86 GW nov\u00fdch projektov uho\u013enej energie, \u010do je viac ako dvojn\u00e1sobok zo 40 GW v roku 2021.<\/p><\/blockquote>\n<p>Najv\u00e4\u010d\u0161ia kapacita sa presunula v Kuang-tung, Jiangsu, Anhui, Zhejiang a Hubei.<\/p>\n<p>Nov\u00e1 kapacita uho\u013enej energie pridan\u00e1 do siete sa udr\u017eala stabilne z 26,2 GW v roku 2021 na 26,8 GW v roku 2022. Tieto dva roky mali najni\u017e\u0161ie ro\u010dn\u00e9 pr\u00edrastky od roku 2003, \u010do odr\u00e1\u017ea ni\u017e\u0161iu \u00farove\u0148 za\u010datia v\u00fdstavby okolo rokov 2017\u20132020. Pr\u00edrastky kapac\u00edt sa o nieko\u013eko rokov vr\u00e1tia, ke\u010f sa projekty, ktor\u00e9 prelomili minul\u00fd rok, za\u010dn\u00fa spr\u00edstup\u0148ova\u0165 online.<\/p>\n<p>\u010c\u00edna zaznamenala r\u00fdchly n\u00e1rast \u0161pi\u010dkov\u00e9ho elektrick\u00e9ho za\u0165a\u017eenia v rokoch 2021\u20132022, pri\u010dom najvy\u0161\u0161ie zaznamenan\u00e9 moment\u00e1lne za\u0165a\u017eenie sa zv\u00fd\u0161ilo o 230 GW v d\u00f4sledku zv\u00fd\u0161enia prevalencie klimatiz\u00e1ci\u00ed a mimoriadne intenz\u00edvnych v\u013an hor\u00fa\u010dav. To vedie k n\u00e1rastu rozvoja uho\u013en\u00fdch elektr\u00e1rn\u00ed ako n\u00e1kladn\u00e9ho a suboptim\u00e1lneho rie\u0161enia, najm\u00e4 vo ve\u013ek\u00fdch centr\u00e1ch dopytu po elektrine a provinci\u00e1ch, ktor\u00e9 s nimi susedia. <\/p>\n<p>Zo \u0161iestich \u010d\u00ednskych region\u00e1lnych siet\u00ed s\u00fa ju\u017en\u00e1 a v\u00fdchodn\u00e1 sie\u0165 jedin\u00e9, ktor\u00e9 netrpia jasn\u00fdm probl\u00e9mom nadmernej kapacity tepelnej energie. Napriek tomu sa 50 % novoohl\u00e1sen\u00fdch projektov a 40 % za\u010dat\u00fdch stavebn\u00fdch pr\u00e1c uskuto\u010dnilo v sie\u0165ach s nadmernou kapacitou.<\/p>\n<p>Provincie, ktor\u00e9 povo\u013euj\u00fa ve\u013ek\u00e9 mno\u017estvo nov\u00fdch uho\u013en\u00fdch elektr\u00e1rn\u00ed, sa sna\u017eia od\u00f4vodni\u0165 projekty ako \u201epodporn\u00fa\u201c energetick\u00fa kapacitu na zabezpe\u010denie stability siete a integr\u00e1cie obnovite\u013enej energie. Toto od\u00f4vodnenie v\u0161ak neobstoj\u00ed, ke\u010f\u017ee zariadenia s\u00fa ur\u010den\u00e9 na prev\u00e1dzku pri z\u00e1kladnom za\u0165a\u017een\u00ed a tieto konkr\u00e9tne provincie zaost\u00e1vaj\u00fa v rast\u00facej v\u00fdrobe \u010distej energie, aby uspokojili rast dopytu.<\/p>\n<p>Predch\u00e1dzanie potrebe v\u00e4\u010d\u0161ieho po\u010dtu uho\u013en\u00fdch elektr\u00e1rn\u00ed si vy\u017eaduje zlep\u0161enie energetickej \u00fa\u010dinnosti, odozvy na dopyt a invest\u00edcie do skladovania, ako aj zlep\u0161enie prev\u00e1dzky siete.<\/p>\n<p>Vyra\u010fovanie elektr\u00e1rn\u00ed sa v roku 2022 \u010falej spomalilo, pri\u010dom v roku 2022 bola zatvoren\u00e1 4,1 GW uho\u013enej kapacity v porovnan\u00ed s 5,2 GW v roku 2021. Politiky zatv\u00e1rania mal\u00fdch a neefekt\u00edvnych elektr\u00e1rn\u00ed boli revidovan\u00e9 tak, aby tieto elektr\u00e1rne zostali online ako z\u00e1lo\u017en\u00e9 resp. v be\u017enej prev\u00e1dzke po dodato\u010dnej mont\u00e1\u017ei.<\/p>\n<p>Ve\u013ek\u00e9 zv\u00fd\u0161enie kapacity nov\u00fdch uho\u013en\u00fdch elektr\u00e1rn\u00ed, ktor\u00e9 sa stavaj\u00fa, sp\u00f4sob\u00ed, \u017ee pre \u010c\u00ednu bude \u0165a\u017e\u0161ie a drah\u0161ie realizova\u0165 r\u00fdchly prechod od uhlia, ktor\u00fd je potrebn\u00fd na splnenie klimatick\u00fdch cie\u013eov krajiny.<\/p>\n","protected":false},"excerpt":{"rendered":"<p>V\u00fdvoz rusk\u00e9ho plynu v roku 2022, 2023 do \u010c\u00edny a ako to je s \u010d\u00ednskymi uho\u013en\u00fdmi elektr\u00e1r\u0148ami. Prav\u00fd opak: buduj\u00fa dve nov\u00e9 za t\u00fd\u017ede\u0148. \u010c\u00ednske miestne vl\u00e1dy povolili v roku 2022 ohromuj\u00facich 106 gigawattov novej kapacity uho\u013enej energie, \u010do zodpoved\u00e1 100 ve\u013ek\u00fdm uho\u013en\u00fdm elektr\u00e1r\u0148am a najviac od roku 2015. Mno\u017estvo novopovolenej kapacity sa od roku [&hellip;]<\/p>\n","protected":false},"author":1,"featured_media":0,"comment_status":"closed","ping_status":"open","sticky":false,"template":"","format":"standard","meta":{"footnotes":""},"categories":[5],"tags":[],"class_list":["post-28996","post","type-post","status-publish","format-standard","hentry","category-exo-news"],"_links":{"self":[{"href":"https:\/\/extraslovensko.sk\/spravy\/wp-json\/wp\/v2\/posts\/28996","targetHints":{"allow":["GET"]}}],"collection":[{"href":"https:\/\/extraslovensko.sk\/spravy\/wp-json\/wp\/v2\/posts"}],"about":[{"href":"https:\/\/extraslovensko.sk\/spravy\/wp-json\/wp\/v2\/types\/post"}],"author":[{"embeddable":true,"href":"https:\/\/extraslovensko.sk\/spravy\/wp-json\/wp\/v2\/users\/1"}],"replies":[{"embeddable":true,"href":"https:\/\/extraslovensko.sk\/spravy\/wp-json\/wp\/v2\/comments?post=28996"}],"version-history":[{"count":0,"href":"https:\/\/extraslovensko.sk\/spravy\/wp-json\/wp\/v2\/posts\/28996\/revisions"}],"wp:attachment":[{"href":"https:\/\/extraslovensko.sk\/spravy\/wp-json\/wp\/v2\/media?parent=28996"}],"wp:term":[{"taxonomy":"category","embeddable":true,"href":"https:\/\/extraslovensko.sk\/spravy\/wp-json\/wp\/v2\/categories?post=28996"},{"taxonomy":"post_tag","embeddable":true,"href":"https:\/\/extraslovensko.sk\/spravy\/wp-json\/wp\/v2\/tags?post=28996"}],"curies":[{"name":"wp","href":"https:\/\/api.w.org\/{rel}","templated":true}]}}