{"id":29042,"date":"2023-09-05T07:52:18","date_gmt":"2023-09-05T07:52:18","guid":{"rendered":"https:\/\/extraslovensko.sk\/spravy\/?p=29042"},"modified":"2023-09-05T07:52:18","modified_gmt":"2023-09-05T07:52:18","slug":"krajiny-brics-ich-agenda-2030-klausa-schwaba-green-deal-brisc-je-podvod-ako-lusk","status":"publish","type":"post","link":"https:\/\/extraslovensko.sk\/spravy\/krajiny-brics-ich-agenda-2030-klausa-schwaba-green-deal-brisc-je-podvod-ako-lusk\/","title":{"rendered":"Krajiny BRICS ich Agenda 2030 Klausa Schwaba, Green Deal, BRISC je podvod ako lusk"},"content":{"rendered":"<p>Nap\u00ed\u0161eme so o krajin\u00e1ch BRICS, ich Agenda 2030 Klausa Schwaba, Green Deal. BRISC je podvod ako lusk. V\u0161etky kecy, \u017ee sa id\u00fa odtrhn\u00fa\u0165 od sveta s\u00fa klamstv\u00e1. Jednoducho preto lebo Elity Bilderbergu a Trilater\u00e1rnej komisie si nenechaj\u00fa len tak, aby pri\u0161li o svoj vplyv vo svete. Na smiech je ich spolupr\u00e1ca s pre nich vraj odporn\u00fdmi \u0161oro\u0161ov\u00fdmi liber\u00e1lno fa\u0161istick\u00fdmi LGBTQWERTY z\u00e1padn\u00fdmi krajinami G20 a EU \ud83d\ude42<\/p>\n<h1>Krajiny BRICS, Agenda 2030 Klausa Schwaba, Green Deal<\/h1>\n<p>Tak sme si pre\u010d\u00edtali z\u00e1very s\u00fadruhov komunistov BRISCU buduj\u00facich NWO Adama Weishaupta. \u010co je zar\u00e1\u017eaj\u00face, \u017ee BRICS sa veselo hl\u00e1sia k Agende 2030, ktor\u00e1 likviduje cel\u00fd svet aj cez OSN. Predt\u00fdm sme tu mali Agendu 21, tak\u017ee v\u0161etko ide pod\u013ea pl\u00e1nu komunistov NWO bez straty kvetinky na Marxom hrobe. S\u00e1m s\u00fadruh Marx prehl\u00e1sil, \u017ee dne\u0161n\u00ed komunisti ako Bl\u00e1ha, Fico a spol. s\u00fa len u\u017eito\u010dn\u00ed idioti pre prechode na svetovl\u00e1du. Odovzdaj majetok \u0161t\u00e1tu, bude\u0161 \u0161\u0165astn\u00fd.<\/p>\n<p>Nap\u00ed\u0161eme trochu textu zo z\u00e1ver\u010denej spr\u00e1vy z Johanesburgu 2023, aby sme sa zasmiali, ako n\u00e1s chc\u00fa \u0165aha\u0165 za nos, \u017ee sa odpoja od hnusn\u00e9ho svetov\u00e9ho fina\u010dn\u00e9ho syst\u00e9mu.<\/p>\n<p>Ako to je s t\u00fdm vraj hnusn\u00fdm OSN v podan\u00ed rusk\u00e9ho odpadu a BRISC, Krajiny G20.<\/p>\n<p>Partnerstvo pre inkluz\u00edvny multilateralizmus<\/p>\n<p>Op\u00e4tovne zd\u00f4raz\u0148ujeme svoj z\u00e1v\u00e4zok k inkluz\u00edvnemu multilateralizmu a k dodr\u017eiavaniu medzin\u00e1rodn\u00e9ho pr\u00e1va vr\u00e1tane cie\u013eov a z\u00e1sad zakotven\u00fdch v Charte OSN, Organiz\u00e1cii Spojen\u00fdch n\u00e1rodov (OSN) ako jej nenahradite\u013en\u00fd z\u00e1kladn\u00fd kame\u0148 a \u00fastrednej \u00falohy OSN v medzin\u00e1rodnom syst\u00e9me, v ktorom zvrchovan\u00e9 \u0161t\u00e1ty spolupracuj\u00fa na udr\u017eiavan\u00ed mieru a bezpe\u010dnosti, podpore trvalo udr\u017eate\u013en\u00e9ho rozvoja, zabezpe\u010dovan\u00ed podpory a ochrany demokracie, \u013eudsk\u00fdch pr\u00e1v a z\u00e1kladn\u00fdch slob\u00f4d pre v\u0161etk\u00fdch a podpore spolupr\u00e1ce zalo\u017eenej na duchu solidarity, vz\u00e1jomn\u00e9ho re\u0161pektu, spravodlivosti a rovnosti.<\/p>\n<p>Vyjadrujeme znepokojenie nad pou\u017e\u00edvan\u00edm jednostrann\u00fdch donucovac\u00edch opatren\u00ed, ktor\u00e9 s\u00fa nezlu\u010dite\u013en\u00e9 so z\u00e1sadami Charty OSN a maj\u00fa negat\u00edvne \u00fa\u010dinky najm\u00e4 v rozvojov\u00fdch krajin\u00e1ch. Op\u00e4tovne zd\u00f4raz\u0148ujeme svoj z\u00e1v\u00e4zok posilni\u0165 a zlep\u0161i\u0165 glob\u00e1lnu spr\u00e1vu vec\u00ed verejn\u00fdch prostredn\u00edctvom podpory pru\u017enej\u0161ieho, \u00fa\u010dinnej\u0161ieho, efekt\u00edvnej\u0161ieho, reprezentat\u00edvnej\u0161ieho, demokratickej\u0161ieho a zodpovednej\u0161ieho medzin\u00e1rodn\u00e9ho a multilater\u00e1lneho syst\u00e9mu.<\/p>\n<blockquote><p>Op\u00e4tovne potvrdzujeme, \u017ee je d\u00f4le\u017eit\u00e9, aby skupina G20 na\u010falej plnila \u00falohu hlavn\u00e9ho multilater\u00e1lneho f\u00f3ra v oblasti medzin\u00e1rodnej hospod\u00e1rskej a finan\u010dnej spolupr\u00e1ce, ktor\u00e9 zah\u0155\u0148a rozvinut\u00e9 a rozv\u00edjaj\u00face sa trhy, ako aj rozvojov\u00e9 krajiny, kde hlavn\u00e9 ekonomiky spolo\u010dne h\u013eadaj\u00fa rie\u0161enia glob\u00e1lnych v\u00fdziev.<\/p><\/blockquote>\n<p> Te\u0161\u00edme sa na \u00faspe\u0161n\u00e9 usporiadanie 18. samitu G20 v Na\u00ed Dill\u00ed po\u010das indick\u00e9ho predsedn\u00edctva G20. Berieme na vedomie pr\u00edle\u017eitosti na vytvorenie trval\u00e9ho impulzu na zmenu, ktor\u00e9 pon\u00fakaj\u00fa India, Braz\u00edlia a Ju\u017en\u00e1 Afrika, ktor\u00e9 predsedaj\u00fa skupine G20 v rokoch 2023 a\u017e 2025, a vyjadrujeme podporu kontinuite a spolupr\u00e1ci <strong>v r\u00e1mci ich predsedn\u00edctva v skupine G20 a \u017eel\u00e1me im ve\u013ea \u00faspechov v ich \u00fasil\u00ed. <\/strong><\/p>\n<p>Preto sa zav\u00e4zujeme k vyv\u00e1\u017een\u00e9mu pr\u00edstupu t\u00fdm, \u017ee budeme pokra\u010dova\u0165 v posil\u0148ovan\u00ed a \u010fal\u0161om za\u010dle\u0148ovan\u00ed hlasu glob\u00e1lneho Juhu do programu skupiny G20, ako to bude po\u010das indick\u00e9ho predsedn\u00edctva v roku 2023 a braz\u00edlskeho a juhoafrick\u00e9ho predsedn\u00edctva v rokoch 2024 a 2025.<\/p>\n<p>Klinec &#8211; Agenda 2030 Klausa Schwaba zvan\u00e1 aj Green Deal. Vraj Fuj Klaus Schwab \ud83d\ude42<\/p>\n<p>Op\u00e4tovne potvrdzujeme v\u00fdzvu na implement\u00e1ciu Agendy 2030 pre udr\u017eate\u013en\u00fd rozvoj v jej troch rozmeroch: hospod\u00e1rskom, soci\u00e1lnom a environment\u00e1lnom, a to vyv\u00e1\u017een\u00fdm a integrovan\u00fdm sp\u00f4sobom prostredn\u00edctvom mobiliz\u00e1cie prostriedkov potrebn\u00fdch na implement\u00e1ciu Agendy 2030. <\/p>\n<p>Naliehavo vyz\u00fdvame darcovsk\u00e9 krajiny, aby dodr\u017eiavali svoje z\u00e1v\u00e4zky v oblasti ofici\u00e1lnej rozvojovej pomoci (ODA) a u\u013eah\u010dili budovanie kapac\u00edt a prenos technol\u00f3gi\u00ed spolu s \u010fal\u0161\u00edmi rozvojov\u00fdmi zdrojmi do rozvojov\u00fdch kraj\u00edn v s\u00falade s vn\u00fatro\u0161t\u00e1tnymi politick\u00fdmi cie\u013emi pr\u00edjemcov. <\/p>\n<p>V tejto s\u00favislosti zd\u00f4raz\u0148ujeme, \u017ee samit o cie\u013eoch trvalo udr\u017eate\u013en\u00e9ho rozvoja, ktor\u00fd sa bude kona\u0165 v New Yorku v septembri 2023, a samit o bud\u00facnosti, ktor\u00fd sa bude kona\u0165 v septembri 2024, <\/p>\n<blockquote><p>predstavuj\u00fa v\u00fdznamn\u00e9 pr\u00edle\u017eitosti na obnovenie medzin\u00e1rodn\u00e9ho z\u00e1v\u00e4zku t\u00fdkaj\u00faceho sa vykon\u00e1vania Agendy 2030.<\/p><\/blockquote>\n<p>\u010ealej naliehavo \u017eiadame rozvinut\u00e9 krajiny, aby dodr\u017eiavali svoje z\u00e1v\u00e4zky vr\u00e1tane mobilizova\u0165 100 mili\u00e1rd USD ro\u010dne do roku 2020 a do roku 2025 na podporu kl\u00edmy v rozvojov\u00fdch krajin\u00e1ch. Okrem toho je d\u00f4le\u017eit\u00e9 zdvojn\u00e1sobi\u0165 financovanie adapt\u00e1cie do roku 2025 zo z\u00e1kladu v roku 2019 je tie\u017e k\u013e\u00fa\u010dov\u00e9 pre realiz\u00e1ciu adapta\u010dn\u00fdch opatren\u00ed. <\/p>\n<p>Sta\u010di komunistick\u00fdch kecov BRICS &#8211; tu si n\u00e1jdete cel\u00e9:  <a href=\"https:\/\/cz24.news\/brics-zaverecna-deklaracia-xv-samitu-brics-v-johannesburgu-plne-znenie\/\">Z\u00e1vere\u010dn\u00e1 deklar\u00e1cia XV. samitu BRICS <\/a><\/p>\n<p>V\u0161etko ide pod\u013ea pl\u00e1nu \ud83d\ude42<\/p>\n","protected":false},"excerpt":{"rendered":"<p>Nap\u00ed\u0161eme so o krajin\u00e1ch BRICS, ich Agenda 2030 Klausa Schwaba, Green Deal. BRISC je podvod ako lusk. V\u0161etky kecy, \u017ee sa id\u00fa odtrhn\u00fa\u0165 od sveta s\u00fa klamstv\u00e1. Jednoducho preto lebo Elity Bilderbergu a Trilater\u00e1rnej komisie si nenechaj\u00fa len tak, aby pri\u0161li o svoj vplyv vo svete. Na smiech je ich spolupr\u00e1ca s pre nich vraj [&hellip;]<\/p>\n","protected":false},"author":1,"featured_media":0,"comment_status":"closed","ping_status":"open","sticky":false,"template":"","format":"standard","meta":{"footnotes":""},"categories":[5],"tags":[],"class_list":["post-29042","post","type-post","status-publish","format-standard","hentry","category-exo-news"],"_links":{"self":[{"href":"https:\/\/extraslovensko.sk\/spravy\/wp-json\/wp\/v2\/posts\/29042","targetHints":{"allow":["GET"]}}],"collection":[{"href":"https:\/\/extraslovensko.sk\/spravy\/wp-json\/wp\/v2\/posts"}],"about":[{"href":"https:\/\/extraslovensko.sk\/spravy\/wp-json\/wp\/v2\/types\/post"}],"author":[{"embeddable":true,"href":"https:\/\/extraslovensko.sk\/spravy\/wp-json\/wp\/v2\/users\/1"}],"replies":[{"embeddable":true,"href":"https:\/\/extraslovensko.sk\/spravy\/wp-json\/wp\/v2\/comments?post=29042"}],"version-history":[{"count":0,"href":"https:\/\/extraslovensko.sk\/spravy\/wp-json\/wp\/v2\/posts\/29042\/revisions"}],"wp:attachment":[{"href":"https:\/\/extraslovensko.sk\/spravy\/wp-json\/wp\/v2\/media?parent=29042"}],"wp:term":[{"taxonomy":"category","embeddable":true,"href":"https:\/\/extraslovensko.sk\/spravy\/wp-json\/wp\/v2\/categories?post=29042"},{"taxonomy":"post_tag","embeddable":true,"href":"https:\/\/extraslovensko.sk\/spravy\/wp-json\/wp\/v2\/tags?post=29042"}],"curies":[{"name":"wp","href":"https:\/\/api.w.org\/{rel}","templated":true}]}}