{"id":29149,"date":"2023-10-25T09:11:45","date_gmt":"2023-10-25T09:11:45","guid":{"rendered":"https:\/\/extraslovensko.sk\/spravy\/?p=29149"},"modified":"2023-10-25T09:11:45","modified_gmt":"2023-10-25T09:11:45","slug":"celosvetovy-odpor-voci-politikam-v-oblasti-klimy","status":"publish","type":"post","link":"https:\/\/extraslovensko.sk\/spravy\/celosvetovy-odpor-voci-politikam-v-oblasti-klimy\/","title":{"rendered":"Celosvetov\u00fd odpor vo\u010di politik\u00e1m v oblasti kl\u00edmy, d\u00fdchame star\u00e9 zdochliny fosilnych paliv"},"content":{"rendered":"<p>Za\u010dal sa celosvetov\u00fd odpor vo\u010di politik\u00e1m v oblasti kl\u00edmy. N\u00e1klady, pohodlie a \u0161\u00edrenie kon\u0161pir\u00e1ci\u00ed podkop\u00e1vaj\u00fa podporu zelene. Mus\u00edme by\u0165 dobr\u00fdmi spr\u00e1vcami na\u0161ej plan\u00e9ty. To v\u0161ak neznamen\u00e1, \u017ee mus\u00edme skoncova\u0165 so svoj\u00edm plynov\u00fdm vozidlom a riadi\u0165 elektrick\u00e9 vozidlo s bat\u00e9riou z \u010c\u00edny,&#8221; povedala 22. septembra Kristina Karamo, predsedn\u00ed\u010dka Republik\u00e1nskej strany v Michigane. <\/p>\n<h1> Celosvetov\u00fd odpor vo\u010di politik\u00e1m v oblasti kl\u00edmy<\/h1>\n<p>Americk\u00ed demokrati, varovala, sa n\u00e1s sna\u017eia &#8220;presved\u010di\u0165, \u017ee ak necentralizujeme moc vo vl\u00e1de, plan\u00e9ta zomrie. Vyzer\u00e1 to ako jeden z najv\u00e4\u010d\u0161\u00edch podvodov [od] darvinovskej evol\u00facie.&#8221;<\/p>\n<hr>\n<blockquote><p>N\u00e1s na tomto webe sa tieto re\u010di net\u00fdkaju, lebo v\u0161etk\u00e9mu pokroku br\u00e1nia fos\u00edlne paliv\u00e1. Boh\u00e1\u010di ktor\u00fdm zadarmo strieka ropa a plyn zo Zeme vydieraju cel\u00fd svet, ktor\u00ed to nemaj\u00fa, lebo peniaze. Tak\u017ee jedin\u00fd spr\u00e1vny Green Deal je z\u00e1kaz fosilnych pal\u00edv a zavedenie technol\u00f3gii d\u00e1vno zn\u00e1mych, ako energia nulov\u00e9ho bodu, Nikola Tesla a podobne.<\/p><\/blockquote>\n<hr>\n<p>Bolo by l\u00e1kav\u00e9 odmietnu\u0165 pani Karamov\u00fa ako nepodstatn\u00fa hlup\u00e1\u010dku, ale nie je irelevantn\u00e1. Predstavuje extr\u00e9mne kr\u00eddlo hnutia, ktor\u00e9 naber\u00e1 na obr\u00e1tkach po celom svete: odpor vo\u010di proklimatick\u00fdm politik\u00e1m. Jednou z jej najzn\u00e1mej\u0161\u00edch roztlieskava\u010diek by mohol by\u0165 bud\u00faci americk\u00fd prezident. <\/p>\n<p>27. septembra Donald Trump povedal: &#8220;M\u00f4\u017eete by\u0165 loj\u00e1lni k americkej pr\u00e1ci alebo m\u00f4\u017eete by\u0165 loj\u00e1lni k environment\u00e1lnym \u0161ialencom, ale nem\u00f4\u017eete by\u0165 skuto\u010dne loj\u00e1lni k obom&#8230; Kriv\u00fd Joe (Biden) stoj\u00ed na strane \u013eavicov\u00fdch bl\u00e1znov, ktor\u00ed zni\u010dia v\u00fdrobu automobilov a zni\u010dia na\u0161u krajinu samotn\u00fa.&#8221;<\/p>\n<p>Britsk\u00fd premi\u00e9r Rishi Sunak 20. septembra ozn\u00e1mil oslabenie cie\u013eov nulovej bilancie, vr\u00e1tane p\u00e4\u0165ro\u010dn\u00e9ho odkladu z\u00e1kazu predaja nov\u00fdch benz\u00ednov\u00fdch automobilov. Dva t\u00fd\u017edne predt\u00fdm Nemecko predlo\u017eilo n\u00e1vrh pr\u00edsnych pravidiel zelen\u00e9ho vykurovania dom\u00e1cnost\u00ed roky do bud\u00facnosti. <\/p>\n<p>Franc\u00fazsko za\u017eilo obrovsk\u00e9 protesty proti vysok\u00fdm cen\u00e1m pohonn\u00fdch hm\u00f4t a jedn\u00e9ho d\u0148a by mohlo zvoli\u0165 za prezidentku Marine Le Penov\u00fa, ktor\u00e1 odsudzuje vetern\u00e9 elektr\u00e1rne a mysl\u00ed si, \u017ee energetick\u00e1 transform\u00e1cia by mala by\u0165 &#8220;ove\u013ea pomal\u0161ia&#8221;. V Amerike sa zmena kl\u00edmy stala bojiskom kult\u00farnej vojny: pri ned\u00e1vnej debate pre republik\u00e1nskych prezidentsk\u00fdch kandid\u00e1tov iba jeden pripustil, \u017ee zmena kl\u00edmy sp\u00f4soben\u00e1 \u010dlovekom je skuto\u010dn\u00e1.<\/p>\n<p>Ak\u00e9 v\u00e1\u017ene je toto v\u0161etko prek\u00e1\u017ekou obmedzenia glob\u00e1lnych emisi\u00ed uhl\u00edka? Michael Jacobs z University of Sheffield v Brit\u00e1nii vid\u00ed d\u00f4vody na opatrn\u00fd optimizmus. \u010c\u00edna, najv\u00e4\u010d\u0161\u00ed producent emisi\u00ed na svete, ch\u00e1pe potrebu dekarboniz\u00e1cie a mas\u00edvne investuje do slne\u010dnej a veternej energie. <\/p>\n<p>Druh\u00fd najv\u00e4\u010d\u0161\u00ed producent emisi\u00ed, Amerika, zaujala za Bidena zelen\u00fa farbu. Braz\u00edlia vyhodila prezidenta, ktor\u00fd r\u00fabe da\u017e\u010fov\u00e9 pralesy; Austr\u00e1lia sa zbavila premi\u00e9ra, ktor\u00fd sa zaober\u00e1 uhl\u00edm. Takmer \u0161tvrtina emisi\u00ed v s\u00fa\u010dasnosti podlieha stanovovaniu cien uhl\u00edka. A tempo inov\u00e1ci\u00ed je p\u00f4sobiv\u00e9. <\/p>\n<p>Pred dvoma rokmi Medzin\u00e1rodn\u00e1 energetick\u00e1 agent\u00fara, glob\u00e1lny org\u00e1n, odhadovala, \u017ee takmer 50 % zn\u00ed\u017eenia emisi\u00ed potrebn\u00e9ho na dosiahnutie \u010distej nuly do roku 2050 bude poch\u00e1dza\u0165 <strong>z technol\u00f3gi\u00ed, ktor\u00e9 e\u0161te neboli komer\u010dne dostupn\u00e9<\/strong>. V septembri uviedla, \u017ee tento po\u010det klesol na 35 %.<\/p>\n<p>Politick\u00e9 spodn\u00e9 pr\u00fady s\u00fa menej upokojuj\u00face. Voli\u010di si uvedomuj\u00fa, \u017ee pretvorenie celej glob\u00e1lnej ekonomiky bude ru\u0161iv\u00e9. Niektor\u00ed \u2013 men\u0161ina \u2013 spochyb\u0148uj\u00fa, \u017ee klimatick\u00e9 zmeny sp\u00f4soben\u00e9 \u010dlovekom prebiehaj\u00fa. In\u00ed namietaj\u00fa proti ur\u010dit\u00fdm politik\u00e1m zaveden\u00fdm na rie\u0161enie tohto probl\u00e9mu, preto\u017ee be\u017en\u00fdm ob\u010danom sp\u00f4sobuj\u00fa n\u00e1klady alebo sp\u00f4sobuj\u00fa \u0165a\u017ekosti ich pre\u0165a\u017een\u00e9mu ka\u017edodenn\u00e9mu \u017eivotu. <\/p>\n<p>Niektor\u00ed, najm\u00e4 star\u0161\u00ed \u013eudia, nemaj\u00fa radi zmeny, najm\u00e4 ke\u010f to dnes znamen\u00e1 rozruch v\u00fdmenou za v\u00fdhody, ktor\u00fdch sa mo\u017eno nedo\u017eij\u00fa. Dokonca aj medzi t\u00fdmi, ktor\u00ed akceptuj\u00fa, \u017ee je potrebn\u00e9 kona\u0165, sa n\u00e1zory na to, kto by mal nies\u0165 bremeno, l\u00ed\u0161ia. Mnoh\u00ed by boli rad\u0161ej, keby to padlo na niekoho in\u00e9ho.<\/p>\n<p>V demokraci\u00e1ch maj\u00fa tak\u00e9to rozdelenia d\u00f4sledky. (Verejn\u00e1 mienka je d\u00f4le\u017eit\u00e1 aj v diktat\u00farach, ale to je nad r\u00e1mec tohto \u010dl\u00e1nku.) Najm\u00e4 v bohat\u00fdch demokraci\u00e1ch rozdiely v ot\u00e1zke kl\u00edmy zhor\u0161uj\u00fa populistick\u00ed politici, ktor\u00ed ber\u00fa skuto\u010dn\u00e9 probl\u00e9my (ako s\u00fa n\u00e1klady a v\u00fdkyvy) a zveli\u010duj\u00fa ich, zatia\u013e \u010do tvrdia, \u017ee elita, ktor\u00e1 zav\u00e1dza zelen\u00e9 politiky, sa nestar\u00e1 o be\u017en\u00fdch motoristov, preto\u017ee chodia do pr\u00e1ce na bicykli.<\/p>\n<p>Populizmus m\u00e1 tendenciu oslabova\u0165 \u00fa\u010dinn\u00fa politiku v oblasti kl\u00edmy viacer\u00fdmi sp\u00f4sobmi. Po prv\u00e9, populisti s\u00fa \u010dasto skeptick\u00ed vo\u010di odborn\u00edkom. Ke\u010f \u013eudia hovoria &#8220;d\u00f4verujte odborn\u00edkom&#8221;, navrhuje pani Karamo, v skuto\u010dnosti t\u00fdm myslia: &#8220;Ste pr\u00edli\u0161 hl\u00fapi na to, aby ste rozhodovali o svojom \u017eivote.&#8221;<\/p>\n<p>Po druh\u00e9, populisti s\u00fa podozrievav\u00ed vo\u010di glob\u00e1lnym in\u0161tit\u00faci\u00e1m a cudzincom. &#8220;Ka\u017ed\u00e1 dot\u00e1cia, ktor\u00fa udel\u00edme v\u00fdrobcovi elektrick\u00fdch vozidiel, je v skuto\u010dnosti dot\u00e1ciou pre [\u010c\u00ednsku komunistick\u00fa stranu], preto\u017ee sme od nich z\u00e1visl\u00ed, ako slu\u010dka okolo krku, pokia\u013e ide o bat\u00e9rie,&#8221; hovor\u00ed Vivek Ramaswamy, republik\u00e1nsky prezidentsk\u00fd kandid\u00e1t. <\/p>\n<p>Tak\u00e9to postoje s\u00fa zl\u00e9 pre zmiernenie zmeny kl\u00edmy, tvrd\u00ed Dan Fiorino z Americkej univerzity vo Washingtone, dc, preto\u017ee &#8220;klimatick\u00e1 politika je rovnako z\u00e1le\u017eitos\u0165ou zahrani\u010dn\u00fdch vz\u0165ahov ako hospod\u00e1rskej politiky.&#8221;<\/p>\n<p>Po tretie, populisti povzbudzuj\u00fa \u013eud\u00ed, aby verili, \u017ee elita sa proti nim sprisahan\u00ed, \u010d\u00edm prid\u00e1vaj\u00fa paranoju do verejn\u00e9ho \u017eivota a s\u0165a\u017euj\u00fa kompromisy. P\u00e1n Trump formuluje politiku na propag\u00e1ciu elektrick\u00fdch vozidiel ako hrozbu pre americk\u00fd sp\u00f4sob \u017eivota a rob\u00ed to sp\u00f4sobom, ktor\u00fd jeho fan\u00fa\u0161ikov roz\u010du\u013euje od zlosti a nahlas sa smeje.<\/p>\n<p>&#8220;Hovor\u00ed sa, \u017ee naj\u0161\u0165astnej\u0161\u00ed de\u0148, ke\u010f si k\u00fapite elektrick\u00e9 auto, je prv\u00fdch desa\u0165 min\u00fat, ke\u010f s n\u00edm jazd\u00edte, a potom nastane panika, preto\u017ee m\u00e1te obavy. Kde sakra dostanem poplatok, aby som udr\u017eal t\u00fato vec v? Panika!&#8221; povedal pracovn\u00edkom v Michigane. &#8220;Ak si chcete k\u00fapi\u0165 elektromobil, je to \u00faplne v poriadku&#8230; Nemali by sme v\u0161ak n\u00fati\u0165 spotrebite\u013eov, aby si kupovali elektrick\u00e9 vozidl\u00e1&#8230; Neexistuje ni\u010d tak\u00e9 ako spravodliv\u00fd prechod na koniec v\u00e1\u0161ho sp\u00f4sobu \u017eivota.&#8221;<\/p>\n<p>Podobn\u00e9 argumenty proti zeleni sa zakorenili aj v Eur\u00f3pe. Aj ke\u010f populistick\u00e9 strany nie s\u00fa vo vl\u00e1de, m\u00f4\u017eu ju ovplyvni\u0165. Vo \u0160v\u00e9dsku, kde len 4 % \u013eud\u00ed tvrdia, \u017ee klimatick\u00e9 zmeny &#8220;nie s\u00fa hrozbou&#8221;, stredopravicov\u00e1 vl\u00e1dna koal\u00edcia napriek tomu v uplynulom roku nieko\u013ekokr\u00e1t zn\u00ed\u017eila dane z fos\u00edlnych pal\u00edv. Jedn\u00fdm z d\u00f4vodov je, \u017ee nem\u00f4\u017ee schv\u00e1li\u0165 rozpo\u010det bez podpory populistick\u00fdch \u0160v\u00e9dskych demokratov, ktor\u00ed maj\u00fa 20 % parlamentn\u00fdch kresiel. Populisti chc\u00fa lacnej\u0161ie palivo. Rovnako aj ve\u013ea \u0161v\u00e9dskych voli\u010dov.<\/p>\n<hr>\n<p>Green Deal nie je o CO2, len ho tak prezentuj\u00fa magori, ktor\u00ed tomu nerozumej\u00fa a podporuj\u00fa zdieranie. \u0160kodi v\u00e1m to aj na p\u013e\u00faca a ka\u017edy desiaty \u010dlovek na Zemi m\u00e1 probl\u00e9my s d\u00fdchan\u00edm &#8211; CHOCHP. <\/p>\n<blockquote><p>\u013dudia si neuvedomuj\u00fa, \u017ee ropa a plyn poch\u00e1dzaju zo zdochnut\u00fdch zvierat a zhnit\u00fdch rastl\u00edn. D\u00fdchame zdochliny, hnilobu, ktor\u00e9 \u017eivili kadejak\u00e9 nezn\u00e1me bakt\u00e9rie d\u00e1vnych vekov, ke\u010f bola kl\u00edma na Zemi \u00faplne in\u00e1, to je Kissinger NWO.<\/p><\/blockquote>\n","protected":false},"excerpt":{"rendered":"<p>Za\u010dal sa celosvetov\u00fd odpor vo\u010di politik\u00e1m v oblasti kl\u00edmy. N\u00e1klady, pohodlie a \u0161\u00edrenie kon\u0161pir\u00e1ci\u00ed podkop\u00e1vaj\u00fa podporu zelene. Mus\u00edme by\u0165 dobr\u00fdmi spr\u00e1vcami na\u0161ej plan\u00e9ty. To v\u0161ak neznamen\u00e1, \u017ee mus\u00edme skoncova\u0165 so svoj\u00edm plynov\u00fdm vozidlom a riadi\u0165 elektrick\u00e9 vozidlo s bat\u00e9riou z \u010c\u00edny,&#8221; povedala 22. septembra Kristina Karamo, predsedn\u00ed\u010dka Republik\u00e1nskej strany v Michigane. Celosvetov\u00fd odpor vo\u010di politik\u00e1m [&hellip;]<\/p>\n","protected":false},"author":1,"featured_media":0,"comment_status":"closed","ping_status":"open","sticky":false,"template":"","format":"standard","meta":{"footnotes":""},"categories":[5],"tags":[],"class_list":["post-29149","post","type-post","status-publish","format-standard","hentry","category-exo-news"],"_links":{"self":[{"href":"https:\/\/extraslovensko.sk\/spravy\/wp-json\/wp\/v2\/posts\/29149","targetHints":{"allow":["GET"]}}],"collection":[{"href":"https:\/\/extraslovensko.sk\/spravy\/wp-json\/wp\/v2\/posts"}],"about":[{"href":"https:\/\/extraslovensko.sk\/spravy\/wp-json\/wp\/v2\/types\/post"}],"author":[{"embeddable":true,"href":"https:\/\/extraslovensko.sk\/spravy\/wp-json\/wp\/v2\/users\/1"}],"replies":[{"embeddable":true,"href":"https:\/\/extraslovensko.sk\/spravy\/wp-json\/wp\/v2\/comments?post=29149"}],"version-history":[{"count":0,"href":"https:\/\/extraslovensko.sk\/spravy\/wp-json\/wp\/v2\/posts\/29149\/revisions"}],"wp:attachment":[{"href":"https:\/\/extraslovensko.sk\/spravy\/wp-json\/wp\/v2\/media?parent=29149"}],"wp:term":[{"taxonomy":"category","embeddable":true,"href":"https:\/\/extraslovensko.sk\/spravy\/wp-json\/wp\/v2\/categories?post=29149"},{"taxonomy":"post_tag","embeddable":true,"href":"https:\/\/extraslovensko.sk\/spravy\/wp-json\/wp\/v2\/tags?post=29149"}],"curies":[{"name":"wp","href":"https:\/\/api.w.org\/{rel}","templated":true}]}}